{"id":114923,"date":"2023-12-29T14:36:34","date_gmt":"2023-12-29T17:36:34","guid":{"rendered":"https:\/\/corrientesdetarde.com\/?p=114923"},"modified":"2023-12-29T14:36:38","modified_gmt":"2023-12-29T17:36:38","slug":"el-plan-reciclando-juntos-obtuvo-mas-de-50-mil-kilos-de-materiales-reutilizables-con-el-sistema-de-recoleccion-diferenciada-y-alcanzo-los-60-mil-kilos-en-los-puntos-verdes","status":"publish","type":"post","link":"https:\/\/corrientesdetarde.com\/index.php\/sociales\/el-plan-reciclando-juntos-obtuvo-mas-de-50-mil-kilos-de-materiales-reutilizables-con-el-sistema-de-recoleccion-diferenciada-y-alcanzo-los-60-mil-kilos-en-los-puntos-verdes\/","title":{"rendered":"El Plan \u201cReciclando Juntos\u201d obtuvo m\u00e1s de 50 mil kilos de materiales reutilizables con el sistema de recolecci\u00f3n diferenciada y alcanz\u00f3 los 60 mil kilos en los puntos verdes"},"content":{"rendered":"\n<p>El intendente Tassano se mostr\u00f3 satisfecho con el resultado obtenido y resalt\u00f3 la importancia de esta pol\u00edtica indicando que \u201cpara nosotros es de vital importancia estos n\u00fameros porque sabemos que somos una ciudad que lucha contra el cambio clim\u00e1tico\u201d. De este modo ratific\u00f3 que la gesti\u00f3n est\u00e1 decidida a convertir Corrientes en una ciudad sustentable para colaborar con la Provincia en el combate al cambio clim\u00e1tico y las variaciones extremas de temperatura que traen como consecuencia la p\u00e9rdida de ganado, la destrucci\u00f3n de siembras y la aceleraci\u00f3n de la transmisi\u00f3n de plagas.<\/p>\n\n\n\n<figure class=\"wp-block-embed is-type-video is-provider-youtube wp-block-embed-youtube wp-embed-aspect-16-9 wp-has-aspect-ratio\"><div class=\"wp-block-embed__wrapper\">\n<iframe loading=\"lazy\" title=\"Reciclado: se obtuvo m\u00e1s de 50 mil kilos en recolecci\u00f3n diferenciada y 60 mil en puntos verdes\" width=\"1110\" height=\"624\" src=\"https:\/\/www.youtube.com\/embed\/4vzPtG6CeKQ?feature=oembed\" frameborder=\"0\" allow=\"accelerometer; autoplay; clipboard-write; encrypted-media; gyroscope; picture-in-picture; web-share\" allowfullscreen><\/iframe>\n<\/div><\/figure>\n\n\n\n<p><\/p>\n\n\n\n<p>\u201cReciclando Juntos\u201d es ya un plan municipal consolidado como una acci\u00f3n concreta en la protecci\u00f3n ambiental y la lucha contra el cambio clim\u00e1tico. A\u00f1o a a\u00f1o mejora el volumen de material recolectado, lo que tambi\u00e9n demuestra el \u00e9xito de su misi\u00f3n central: concientizar e involucrar a los vecinos en materia de protecci\u00f3n ambiental.<br>El balance anual del a\u00f1o 2023 elaborado por la Secretar\u00eda de Ambiente y Desarrollo Sustentable de la Municipalidad de Corrientes revela un destacado incremento en la cantidad de materiales de residuos domiciliarios que se logr\u00f3 juntar para destinarlos al reciclado.<br>En este sentido informaron que se obtuvieron m\u00e1s de 50 mil kilos de pl\u00e1stico, cart\u00f3n y vidrio<br>en el sistema de recolecci\u00f3n diferenciada y m\u00e1s de 60 mil kilos en los ya 15 puntos verdes que habilit\u00f3 la ciudad en los distintos barrios para que los vecinos acerquen sus residuos a estos m\u00f3dulos de reciclaje.<br>Adem\u00e1s, seg\u00fan se adelant\u00f3, una de las propuestas centrales para el 2024 ser\u00e1 poder expandir la recolecci\u00f3n diferencia puerta a puerta. Tassano afirm\u00f3 que \u201ctenemos que apostar a que este sistema sea predominante\u201d porque \u201csin dudas genera que contemos con m\u00e1s material reciclable para la promoci\u00f3n de la econom\u00eda circular, pensando en una ciudad como polo econ\u00f3mico que genere nuevos puestos de trabajo para los correntinos\u201d. M\u00e1s trabajo en una ciudad sustentable es lo que se establece como meta.<br>Por otra parte, Tassano resalt\u00f3 que \u201cseguimos trabajando firmes porque sabemos que cada acci\u00f3n implica que se avance en reducir la generaci\u00f3n de gases de efecto invernadero y luchar contra el cambio clim\u00e1tico\u201d.<br><br>PROPUESTA PARA EL 2024<br>Por su parte, el secretario de Ambiente y Desarrollo Sustentable, Ignacio Maldonado Yonna, resalt\u00f3 que en su \u00e1rea \u201cse duplicaron los valores de los resultados logrados el a\u00f1o pasado, avanzando con cuatro nuevos Puntos Verdes en la ciudad y sum\u00e1ndose la implementaci\u00f3n de las oficinas sustentables, con sus respectivas Islas de Reciclaje\u201d. En ese sentido, destac\u00f3 que \u201ccada vez hay m\u00e1s vecinos que se suman a estas iniciativas\u201d.<\/p>\n\n\n\n<figure class=\"wp-block-image size-large\"><img loading=\"lazy\" decoding=\"async\" width=\"1024\" height=\"682\" src=\"https:\/\/corrientesdetarde.com\/wp-content\/uploads\/2023\/12\/image-739-1024x682.png\" alt=\"\" class=\"wp-image-114924\" srcset=\"https:\/\/corrientesdetarde.com\/wp-content\/uploads\/2023\/12\/image-739-1024x682.png 1024w, https:\/\/corrientesdetarde.com\/wp-content\/uploads\/2023\/12\/image-739-300x200.png 300w, https:\/\/corrientesdetarde.com\/wp-content\/uploads\/2023\/12\/image-739-768x512.png 768w, https:\/\/corrientesdetarde.com\/wp-content\/uploads\/2023\/12\/image-739.png 1280w\" sizes=\"auto, (max-width: 1024px) 100vw, 1024px\" \/><\/figure>\n\n\n\n<figure class=\"wp-block-image size-large\"><img loading=\"lazy\" decoding=\"async\" width=\"1024\" height=\"682\" src=\"https:\/\/corrientesdetarde.com\/wp-content\/uploads\/2023\/12\/image-740-1024x682.png\" alt=\"\" class=\"wp-image-114925\" srcset=\"https:\/\/corrientesdetarde.com\/wp-content\/uploads\/2023\/12\/image-740-1024x682.png 1024w, https:\/\/corrientesdetarde.com\/wp-content\/uploads\/2023\/12\/image-740-300x200.png 300w, https:\/\/corrientesdetarde.com\/wp-content\/uploads\/2023\/12\/image-740-768x512.png 768w, https:\/\/corrientesdetarde.com\/wp-content\/uploads\/2023\/12\/image-740.png 1280w\" sizes=\"auto, (max-width: 1024px) 100vw, 1024px\" \/><\/figure>\n","protected":false},"excerpt":{"rendered":"<p>El intendente Tassano se mostr\u00f3 satisfecho con el resultado obtenido y resalt\u00f3 la importancia de esta pol\u00edtica indicando que \u201cpara nosotros es de vital importancia estos n\u00fameros porque sabemos que&hellip; <\/p>\n","protected":false},"author":1,"featured_media":114926,"comment_status":"closed","ping_status":"open","sticky":false,"template":"","format":"standard","meta":{"footnotes":""},"categories":[17],"tags":[],"class_list":["post-114923","post","type-post","status-publish","format-standard","has-post-thumbnail","hentry","category-sociales"],"_links":{"self":[{"href":"https:\/\/corrientesdetarde.com\/index.php\/wp-json\/wp\/v2\/posts\/114923","targetHints":{"allow":["GET"]}}],"collection":[{"href":"https:\/\/corrientesdetarde.com\/index.php\/wp-json\/wp\/v2\/posts"}],"about":[{"href":"https:\/\/corrientesdetarde.com\/index.php\/wp-json\/wp\/v2\/types\/post"}],"author":[{"embeddable":true,"href":"https:\/\/corrientesdetarde.com\/index.php\/wp-json\/wp\/v2\/users\/1"}],"replies":[{"embeddable":true,"href":"https:\/\/corrientesdetarde.com\/index.php\/wp-json\/wp\/v2\/comments?post=114923"}],"version-history":[{"count":1,"href":"https:\/\/corrientesdetarde.com\/index.php\/wp-json\/wp\/v2\/posts\/114923\/revisions"}],"predecessor-version":[{"id":114927,"href":"https:\/\/corrientesdetarde.com\/index.php\/wp-json\/wp\/v2\/posts\/114923\/revisions\/114927"}],"wp:featuredmedia":[{"embeddable":true,"href":"https:\/\/corrientesdetarde.com\/index.php\/wp-json\/wp\/v2\/media\/114926"}],"wp:attachment":[{"href":"https:\/\/corrientesdetarde.com\/index.php\/wp-json\/wp\/v2\/media?parent=114923"}],"wp:term":[{"taxonomy":"category","embeddable":true,"href":"https:\/\/corrientesdetarde.com\/index.php\/wp-json\/wp\/v2\/categories?post=114923"},{"taxonomy":"post_tag","embeddable":true,"href":"https:\/\/corrientesdetarde.com\/index.php\/wp-json\/wp\/v2\/tags?post=114923"}],"curies":[{"name":"wp","href":"https:\/\/api.w.org\/{rel}","templated":true}]}}