{"id":114984,"date":"2023-12-29T18:20:22","date_gmt":"2023-12-29T21:20:22","guid":{"rendered":"https:\/\/corrientesdetarde.com\/?p=114984"},"modified":"2023-12-29T18:20:26","modified_gmt":"2023-12-29T21:20:26","slug":"desde-2015-al-servicio-del-paciente-oncologicoel-mejor-reconocimiento-es-sentirse-bien-ayudando-al-otro","status":"publish","type":"post","link":"https:\/\/corrientesdetarde.com\/index.php\/bienestar-y-salud\/desde-2015-al-servicio-del-paciente-oncologicoel-mejor-reconocimiento-es-sentirse-bien-ayudando-al-otro\/","title":{"rendered":"Desde 2015 al servicio del paciente oncol\u00f3gico<br>\u201cEl mejor reconocimiento es sentirse bien ayudando al otro\u201d"},"content":{"rendered":"\n<p>La Fundaci\u00f3n Oncol\u00f3gica Correntina hizo entrega de medicamentos e insumos al Servicio de Oncolog\u00eda del Hospital Vidal \u201cJuana Francisca Cabral\u201d. El momento fue oportuno para conocer el trabajo que viene desarrollando la Fundaci\u00f3n que este a\u00f1o recibi\u00f3 el Premio Corrientes de Oro, por la labor que desempe\u00f1a desde 2015.<br>La vicepresidente de la Fundaci\u00f3n Oncol\u00f3gica Correntina (Fun.On.Cor), doctora Dora Pittorino, junto a un grupo de colaboradores acerc\u00f3 esta ma\u00f1ana una importante donaci\u00f3n de insumos destinados al Servicio Oncol\u00f3gico del Hospital Vidal. Al finalizar la entrega, inform\u00f3: \u201cLos insumos donados son fruto de la recaudaci\u00f3n lograda en la Marat\u00f3n \u201cAyudanos a ayudar\u201d que se realiz\u00f3 en la Costanera de nuestra ciudad el 5 de noviembre. Con ese dinero compramos los insumos que estamos entregando, entre ellos, biblioratos para las historias cl\u00ednicas, televisores que estamos reponiendo, para la zona de paliativos, que es m\u00e1s que nada para el familiar que asiste a los enfermos que se encuentran en estado cr\u00edtico y otros elementos importantes para la atenci\u00f3n de los pacientes oncol\u00f3gicos\u201d.<\/p>\n\n\n\n<figure class=\"wp-block-image size-large\"><img loading=\"lazy\" decoding=\"async\" width=\"1024\" height=\"683\" src=\"https:\/\/corrientesdetarde.com\/wp-content\/uploads\/2023\/12\/IMG-20231229-WA0025-1024x683.jpg\" alt=\"\" class=\"wp-image-115007\" srcset=\"https:\/\/corrientesdetarde.com\/wp-content\/uploads\/2023\/12\/IMG-20231229-WA0025-1024x683.jpg 1024w, https:\/\/corrientesdetarde.com\/wp-content\/uploads\/2023\/12\/IMG-20231229-WA0025-300x200.jpg 300w, https:\/\/corrientesdetarde.com\/wp-content\/uploads\/2023\/12\/IMG-20231229-WA0025-768x512.jpg 768w, https:\/\/corrientesdetarde.com\/wp-content\/uploads\/2023\/12\/IMG-20231229-WA0025-1536x1024.jpg 1536w, https:\/\/corrientesdetarde.com\/wp-content\/uploads\/2023\/12\/IMG-20231229-WA0025.jpg 1599w\" sizes=\"auto, (max-width: 1024px) 100vw, 1024px\" \/><\/figure>\n\n\n\n<p><br>Esto se suma a las donaciones realizadas a lo largo de estos a\u00f1os, en los que se logr\u00f3, por ejemplo, colocar los paneles y la instalaci\u00f3n del ox\u00edgeno medicinal. Cada cama con los filtros de ox\u00edgeno y toda la ca\u00f1er\u00eda interior para proveer al paciente de ox\u00edgeno medicinal sin que se deban trasladar tubos a las camas de los pacientes.<br>Adem\u00e1s de la ayuda solidaria a los pacientes, la fundaci\u00f3n brinda asistencia a sus familiares, en un refugio que est\u00e1 ubicado en Salta y Teniente Iba\u00f1ez, de la Capital correntina. \u201cEs notable la cantidad de gente del interior que se enferma de c\u00e1ncer muy joven, y vienen con toda la familia que se turna para atender al enfermo. Por la noche estas personas dorm\u00edan debajo de los bancos del hospital, entonces creamos un refugio, y all\u00ed le brindamos desayuno, almuerzo y cena para la gente del interior que no tiene donde alojarse, ya que no tiene recursos. Le damos una habitaci\u00f3n con cama, agua caliente, aire acondicionado, televisores, y habilitamos un comedor que da de comer hasta a 200 personas. Tambi\u00e9n tenemos un lavadero industrial, donamos lavarropas para que puedan lavar su ropa, y adem\u00e1s disponen de ba\u00f1os con agua caliente. Donamos las cocinas y hornos el\u00e9ctricos para que puedan cocinar, \u201d, agreg\u00f3.<br>\u201cLo m\u00e1s importante es cubrir sus necesidades y estamos dispuestos a escuchar a los que no tienen voz, porque quien escucha al desamparado\u201d, expres\u00f3. \u201cSi bien el Estado se preocupa para que el enfermo tenga atenci\u00f3n m\u00e9dica, los familiares, que vienen a veces de 400 o 500 kil\u00f3metros necesitan sentirse contenidos\u201d. Para acompa\u00f1ar a pacientes y sus familias la fundaci\u00f3n aporta un servicio de psico-oncolog\u00eda, con profesionales que hacen un seguimiento terap\u00e9utico. \u201cNosotros tambi\u00e9n estamos a disposici\u00f3n de ellos para que nos cuenten c\u00f3mo est\u00e1n\u201d, inform\u00f3 la vicepresidenta de la organizaci\u00f3n.<br>La Fundaci\u00f3n, que est\u00e1 presidida por el Dr. Pedro Braillard Poccard, y est\u00e1 integrada por muchos profesionales, y colaboradores que prestan su servicio en forma voluntaria, recibi\u00f3 este a\u00f1o el Premio Corrientes de Oro. \u201cFue muy emocionante porque no nos imaginamos que nos iban a dar el premio de oro. La gente no sabe todo el trabajo que hacemos, y no lo hacemos para que nos premien, pero la verdad es que nos da aliento para continuar. El mejor reconocimiento es hacer, cuando uno hace se siente bien ayudando al otro y eso es intransferible\u201d, asegur\u00f3 Pittorino.<br>Finalmente solicit\u00f3 la colaboraci\u00f3n de la comunidad con pa\u00f1ales para adultos y remedios oncol\u00f3gicos que puedan donar. Los mismos se pueden hacer llegar al Hospital, para el servicio de Oncolog\u00eda, o a Belgrano 1214, donde est\u00e1 ubicada la sede de la Fundaci\u00f3n.<\/p>\n\n\n\n<figure class=\"wp-block-image size-large\"><img loading=\"lazy\" decoding=\"async\" width=\"1024\" height=\"683\" src=\"https:\/\/corrientesdetarde.com\/wp-content\/uploads\/2023\/12\/IMG-20231229-WA0022-1024x683.jpg\" alt=\"\" class=\"wp-image-115006\" srcset=\"https:\/\/corrientesdetarde.com\/wp-content\/uploads\/2023\/12\/IMG-20231229-WA0022-1024x683.jpg 1024w, https:\/\/corrientesdetarde.com\/wp-content\/uploads\/2023\/12\/IMG-20231229-WA0022-300x200.jpg 300w, https:\/\/corrientesdetarde.com\/wp-content\/uploads\/2023\/12\/IMG-20231229-WA0022-768x512.jpg 768w, https:\/\/corrientesdetarde.com\/wp-content\/uploads\/2023\/12\/IMG-20231229-WA0022-1536x1024.jpg 1536w, https:\/\/corrientesdetarde.com\/wp-content\/uploads\/2023\/12\/IMG-20231229-WA0022.jpg 1599w\" sizes=\"auto, (max-width: 1024px) 100vw, 1024px\" \/><\/figure>\n\n\n\n<figure class=\"wp-block-gallery has-nested-images columns-default is-cropped wp-block-gallery-1 is-layout-flex wp-block-gallery-is-layout-flex\">\n<figure class=\"wp-block-image size-large\"><img loading=\"lazy\" decoding=\"async\" width=\"1024\" height=\"683\" data-id=\"115008\" src=\"https:\/\/corrientesdetarde.com\/wp-content\/uploads\/2023\/12\/IMG-20231229-WA0023-1024x683.jpg\" alt=\"\" class=\"wp-image-115008\" srcset=\"https:\/\/corrientesdetarde.com\/wp-content\/uploads\/2023\/12\/IMG-20231229-WA0023-1024x683.jpg 1024w, https:\/\/corrientesdetarde.com\/wp-content\/uploads\/2023\/12\/IMG-20231229-WA0023-300x200.jpg 300w, https:\/\/corrientesdetarde.com\/wp-content\/uploads\/2023\/12\/IMG-20231229-WA0023-768x512.jpg 768w, https:\/\/corrientesdetarde.com\/wp-content\/uploads\/2023\/12\/IMG-20231229-WA0023-1536x1024.jpg 1536w, https:\/\/corrientesdetarde.com\/wp-content\/uploads\/2023\/12\/IMG-20231229-WA0023.jpg 1599w\" sizes=\"auto, (max-width: 1024px) 100vw, 1024px\" \/><\/figure>\n\n\n\n<figure class=\"wp-block-image size-large\"><img loading=\"lazy\" decoding=\"async\" width=\"1024\" height=\"683\" data-id=\"115009\" src=\"https:\/\/corrientesdetarde.com\/wp-content\/uploads\/2023\/12\/IMG-20231229-WA0024-1024x683.jpg\" alt=\"\" class=\"wp-image-115009\" srcset=\"https:\/\/corrientesdetarde.com\/wp-content\/uploads\/2023\/12\/IMG-20231229-WA0024-1024x683.jpg 1024w, https:\/\/corrientesdetarde.com\/wp-content\/uploads\/2023\/12\/IMG-20231229-WA0024-300x200.jpg 300w, https:\/\/corrientesdetarde.com\/wp-content\/uploads\/2023\/12\/IMG-20231229-WA0024-768x512.jpg 768w, https:\/\/corrientesdetarde.com\/wp-content\/uploads\/2023\/12\/IMG-20231229-WA0024-1536x1024.jpg 1536w, https:\/\/corrientesdetarde.com\/wp-content\/uploads\/2023\/12\/IMG-20231229-WA0024.jpg 1599w\" sizes=\"auto, (max-width: 1024px) 100vw, 1024px\" \/><\/figure>\n<\/figure>\n\n\n\n<p><\/p>\n","protected":false},"excerpt":{"rendered":"<p>La Fundaci\u00f3n Oncol\u00f3gica Correntina hizo entrega de medicamentos e insumos al Servicio de Oncolog\u00eda del Hospital Vidal \u201cJuana Francisca Cabral\u201d. El momento fue oportuno para conocer el trabajo que viene&hellip; <\/p>\n","protected":false},"author":1,"featured_media":115005,"comment_status":"closed","ping_status":"open","sticky":false,"template":"","format":"standard","meta":{"footnotes":""},"categories":[16],"tags":[],"class_list":["post-114984","post","type-post","status-publish","format-standard","has-post-thumbnail","hentry","category-bienestar-y-salud"],"_links":{"self":[{"href":"https:\/\/corrientesdetarde.com\/index.php\/wp-json\/wp\/v2\/posts\/114984","targetHints":{"allow":["GET"]}}],"collection":[{"href":"https:\/\/corrientesdetarde.com\/index.php\/wp-json\/wp\/v2\/posts"}],"about":[{"href":"https:\/\/corrientesdetarde.com\/index.php\/wp-json\/wp\/v2\/types\/post"}],"author":[{"embeddable":true,"href":"https:\/\/corrientesdetarde.com\/index.php\/wp-json\/wp\/v2\/users\/1"}],"replies":[{"embeddable":true,"href":"https:\/\/corrientesdetarde.com\/index.php\/wp-json\/wp\/v2\/comments?post=114984"}],"version-history":[{"count":1,"href":"https:\/\/corrientesdetarde.com\/index.php\/wp-json\/wp\/v2\/posts\/114984\/revisions"}],"predecessor-version":[{"id":115010,"href":"https:\/\/corrientesdetarde.com\/index.php\/wp-json\/wp\/v2\/posts\/114984\/revisions\/115010"}],"wp:featuredmedia":[{"embeddable":true,"href":"https:\/\/corrientesdetarde.com\/index.php\/wp-json\/wp\/v2\/media\/115005"}],"wp:attachment":[{"href":"https:\/\/corrientesdetarde.com\/index.php\/wp-json\/wp\/v2\/media?parent=114984"}],"wp:term":[{"taxonomy":"category","embeddable":true,"href":"https:\/\/corrientesdetarde.com\/index.php\/wp-json\/wp\/v2\/categories?post=114984"},{"taxonomy":"post_tag","embeddable":true,"href":"https:\/\/corrientesdetarde.com\/index.php\/wp-json\/wp\/v2\/tags?post=114984"}],"curies":[{"name":"wp","href":"https:\/\/api.w.org\/{rel}","templated":true}]}}