{"id":114985,"date":"2023-12-29T17:09:35","date_gmt":"2023-12-29T20:09:35","guid":{"rendered":"https:\/\/corrientesdetarde.com\/?p=114985"},"modified":"2023-12-29T17:09:52","modified_gmt":"2023-12-29T20:09:52","slug":"buscan-a-una-joven-que-esta-desaparecida-en-corrientes","status":"publish","type":"post","link":"https:\/\/corrientesdetarde.com\/index.php\/sociales\/buscan-a-una-joven-que-esta-desaparecida-en-corrientes\/","title":{"rendered":"Buscan a una joven que est\u00e1 desaparecida en Corrientes"},"content":{"rendered":"\n<p>Familiares y amigos iniciaron en las \u00faltimas horas&nbsp;la b\u00fasqueda&nbsp;de un joven desaparecida en la ciudad de Corrientes.&nbsp;Piden solidaridad a los vecinos que la hayan visto circular por la zona c\u00e9ntrica de la ciudad.&nbsp;<\/p>\n\n\n\n<p><strong>Se trata de Florencia Ayel\u00e9n Sol\u00eds Barrios de 29 a\u00f1os. Se la vio por \u00faltima vez el mi\u00e9rcoles 27 de diciembre por la tarde,\u00a0\u00a0<\/strong>indicaron sus familiares.\u00a0<\/p>\n\n\n\n<p>Adem\u00e1s, ya formalizaron una denuncia por desaparici\u00f3n ante la Comisar\u00eda Tercera de la Polic\u00eda de Corrientes.&nbsp;<\/p>\n\n\n\n<p>En di\u00e1logo con este medio,&nbsp;una amiga de la joven confirm\u00f3 que a\u00fan sigue sin ser encontrada por sus seres queridos desde el d\u00eda mi\u00e9rcoles.&nbsp;<\/p>\n\n\n\n<p>&#8220;Se sabe que la \u00faltima vez que la vieron fue en la zona de Avenida 3 de Abril y Santa Fe porque es su zona de vivienda&#8221;, afirm\u00f3.&nbsp;<\/p>\n\n\n\n<p>Si bien no saben qu\u00e9 tipo de vestimenta portaba, se\u00f1al\u00f3&nbsp;que podr\u00eda utilizar un pantal\u00f3n de jean largo y una blusa.<\/p>\n\n\n\n<p>Tambi\u00e9n cont\u00f3 que se distingue en la joven un&nbsp;&nbsp;<strong>tatuaje de un gato blanco y negro en el antebrazo y tres piercings en la oreja.&nbsp;<\/strong><\/p>\n\n\n\n<p>&#8220;La foto es bastante actual. Tiene cabello corto, enrulado y de color oscuro&#8221;, detall\u00f3.&nbsp;<\/p>\n\n\n\n<p>Hasta el momento, la familia no tiene hip\u00f3tesis de su desaparici\u00f3n y pide ayuda a la comunidad para dar con Ayel\u00e9n.<\/p>\n\n\n\n<p>Quienes tengan informaci\u00f3n pueden dar aviso al: 3794389648 o al 3794792486.<\/p>\n\n\n\n<figure class=\"wp-block-image\"><img decoding=\"async\" src=\"https:\/\/pxc.cdn.ellitoral.com.ar\/litoral\/122023\/1703800784260\/WhatsApp%20Image%202023-12-28%20at%2018.38.44.webp?cw=720&amp;ch=890&amp;extw=jpeg\" alt=\"Buscan a una joven que est\u00e1 desaparecida en Corrientes\"\/><\/figure>\n","protected":false},"excerpt":{"rendered":"<p>Familiares y amigos iniciaron en las \u00faltimas horas&nbsp;la b\u00fasqueda&nbsp;de un joven desaparecida en la ciudad de Corrientes.&nbsp;Piden solidaridad a los vecinos que la hayan visto circular por la zona c\u00e9ntrica&hellip; <\/p>\n","protected":false},"author":1,"featured_media":114995,"comment_status":"closed","ping_status":"open","sticky":false,"template":"","format":"standard","meta":{"footnotes":""},"categories":[17],"tags":[],"class_list":["post-114985","post","type-post","status-publish","format-standard","has-post-thumbnail","hentry","category-sociales"],"_links":{"self":[{"href":"https:\/\/corrientesdetarde.com\/index.php\/wp-json\/wp\/v2\/posts\/114985","targetHints":{"allow":["GET"]}}],"collection":[{"href":"https:\/\/corrientesdetarde.com\/index.php\/wp-json\/wp\/v2\/posts"}],"about":[{"href":"https:\/\/corrientesdetarde.com\/index.php\/wp-json\/wp\/v2\/types\/post"}],"author":[{"embeddable":true,"href":"https:\/\/corrientesdetarde.com\/index.php\/wp-json\/wp\/v2\/users\/1"}],"replies":[{"embeddable":true,"href":"https:\/\/corrientesdetarde.com\/index.php\/wp-json\/wp\/v2\/comments?post=114985"}],"version-history":[{"count":2,"href":"https:\/\/corrientesdetarde.com\/index.php\/wp-json\/wp\/v2\/posts\/114985\/revisions"}],"predecessor-version":[{"id":114997,"href":"https:\/\/corrientesdetarde.com\/index.php\/wp-json\/wp\/v2\/posts\/114985\/revisions\/114997"}],"wp:featuredmedia":[{"embeddable":true,"href":"https:\/\/corrientesdetarde.com\/index.php\/wp-json\/wp\/v2\/media\/114995"}],"wp:attachment":[{"href":"https:\/\/corrientesdetarde.com\/index.php\/wp-json\/wp\/v2\/media?parent=114985"}],"wp:term":[{"taxonomy":"category","embeddable":true,"href":"https:\/\/corrientesdetarde.com\/index.php\/wp-json\/wp\/v2\/categories?post=114985"},{"taxonomy":"post_tag","embeddable":true,"href":"https:\/\/corrientesdetarde.com\/index.php\/wp-json\/wp\/v2\/tags?post=114985"}],"curies":[{"name":"wp","href":"https:\/\/api.w.org\/{rel}","templated":true}]}}