{"id":11499,"date":"2022-10-15T17:56:28","date_gmt":"2022-10-15T20:56:28","guid":{"rendered":"https:\/\/corrientesdetarde.com\/?p=11499"},"modified":"2022-10-15T17:56:32","modified_gmt":"2022-10-15T20:56:32","slug":"arte-correntino-en-casa-molinas-quedo-inaugurada-la-muestra-emergente","status":"publish","type":"post","link":"https:\/\/corrientesdetarde.com\/index.php\/cultura\/arte-correntino-en-casa-molinas-quedo-inaugurada-la-muestra-emergente\/","title":{"rendered":"Arte correntino: en Casa Molinas qued\u00f3 inaugurada la muestra \u201cEmergente\u201d \u00a0 \u00a0"},"content":{"rendered":"\n<p>Se trata de una treintena de obras realizadas por j\u00f3venes del taller \u201cRecrearte Atelier Creativo\u201d. Con diferentes t\u00e9cnicas, los artistas dejan su impronta personal y creatividad en cada uno de los cuadros. La exposici\u00f3n podr\u00e1 visitarse hasta el 21 de octubre, con acceso libre y gratuito.<\/p>\n\n\n\n<p>Con obras pict\u00f3ricas del taller \u201cRecrearte Atelier Creativo\u201d, qued\u00f3 inaugurada la muestra Emergente en el Museo Casa Molinas -Pellegrini 937-. Se trata de trabajos realizados por j\u00f3venes de la ciudad en diferentes t\u00e9cnicas en el que reflejan todo lo aprendido durante el a\u00f1o con su impronta personal.<br>&nbsp;<br>Una docena de j\u00f3venes exponen en el espacio cultural municipal, mostrando todo su arte en cerca de 30 cuadros realizados en diversas t\u00e9cnicas como grafito, tiza pastel, acr\u00edlico y l\u00e1pices de colores.<br>&nbsp;<br>La directora de espacios culturales municipales, dependiente de la Secretar\u00eda de Cultura y Educaci\u00f3n de la Municipalidad, Marisa Duarte, destac\u00f3 que en la muestra integrada por obras de chicos y chicas, y adolescentes correntinos, \u201cse observan las diferentes t\u00e9cnicas que son utilizadas en los talleres; se destaca el valor que le dan a cada una de ellas y los recursos que manejan en el cuidado del ambiente, de la naturaleza\u201d.<br>&nbsp;<br>\u201cLa creatividad de cada uno se ve reflejado en esta muestra\u201d, acot\u00f3 la funcionaria, al tiempo que record\u00f3 que podr\u00e1 visitarse hasta el 21, incluso \u201cse va a anexar al 22 en lo que ser\u00e1 La Noche de los Museos, a partir de las 19 y hasta la medianoche\u201d.&nbsp;<br>&nbsp;<br>Por su parte, la profesora y coordinadora del taller \u201cRecrearte\u201d Mariana Disanti, coment\u00f3 que \u201cla muestra se llama \u2018Emergente\u2019 porque expone cuadros de chicos y chicas que me gustar\u00eda que sean reconocidos en nuestra ciudad, utilizando t\u00e9cnicas conocidas y en una variedad de estilos art\u00edsticos\u201d.<br>&nbsp;<br>Para la docente, \u201cCasa Molinas es el nido de todos estos chicos, en mi caso tambi\u00e9n porque ac\u00e1 realic\u00e9 mis primeras exposiciones, as\u00ed que tengo un sentimiento especial por este lugar y agradezco a las autoridades que siempre tengan las puertas abiertas para la cultura\u201d, enfatiz\u00f3.<br>&nbsp;<br>\u201cEs un honor poder presentar hoy a este grupo de alumnos\u201d, dijo Disanti durante la presentaci\u00f3n, y destac\u00f3 que \u201cel acompa\u00f1amiento de las familias para que ellos puedan crecer y forjar su propio camino\u201d.<br>&nbsp;<br>Con entrada libre y gratuita, la muestra se puede visitar de lunes a viernes de 8 a 20, s\u00e1bados, domingos y feriados de 10 a 21.<br>&nbsp;<\/p>\n","protected":false},"excerpt":{"rendered":"<p>Se trata de una treintena de obras realizadas por j\u00f3venes del taller \u201cRecrearte Atelier Creativo\u201d. Con diferentes t\u00e9cnicas, los artistas dejan su impronta personal y creatividad en cada uno de&hellip; <\/p>\n","protected":false},"author":1,"featured_media":11504,"comment_status":"closed","ping_status":"open","sticky":false,"template":"","format":"standard","meta":{"footnotes":""},"categories":[15],"tags":[],"class_list":["post-11499","post","type-post","status-publish","format-standard","has-post-thumbnail","hentry","category-cultura"],"_links":{"self":[{"href":"https:\/\/corrientesdetarde.com\/index.php\/wp-json\/wp\/v2\/posts\/11499","targetHints":{"allow":["GET"]}}],"collection":[{"href":"https:\/\/corrientesdetarde.com\/index.php\/wp-json\/wp\/v2\/posts"}],"about":[{"href":"https:\/\/corrientesdetarde.com\/index.php\/wp-json\/wp\/v2\/types\/post"}],"author":[{"embeddable":true,"href":"https:\/\/corrientesdetarde.com\/index.php\/wp-json\/wp\/v2\/users\/1"}],"replies":[{"embeddable":true,"href":"https:\/\/corrientesdetarde.com\/index.php\/wp-json\/wp\/v2\/comments?post=11499"}],"version-history":[{"count":1,"href":"https:\/\/corrientesdetarde.com\/index.php\/wp-json\/wp\/v2\/posts\/11499\/revisions"}],"predecessor-version":[{"id":11506,"href":"https:\/\/corrientesdetarde.com\/index.php\/wp-json\/wp\/v2\/posts\/11499\/revisions\/11506"}],"wp:featuredmedia":[{"embeddable":true,"href":"https:\/\/corrientesdetarde.com\/index.php\/wp-json\/wp\/v2\/media\/11504"}],"wp:attachment":[{"href":"https:\/\/corrientesdetarde.com\/index.php\/wp-json\/wp\/v2\/media?parent=11499"}],"wp:term":[{"taxonomy":"category","embeddable":true,"href":"https:\/\/corrientesdetarde.com\/index.php\/wp-json\/wp\/v2\/categories?post=11499"},{"taxonomy":"post_tag","embeddable":true,"href":"https:\/\/corrientesdetarde.com\/index.php\/wp-json\/wp\/v2\/tags?post=11499"}],"curies":[{"name":"wp","href":"https:\/\/api.w.org\/{rel}","templated":true}]}}