{"id":11502,"date":"2022-10-15T17:56:47","date_gmt":"2022-10-15T20:56:47","guid":{"rendered":"https:\/\/corrientesdetarde.com\/?p=11502"},"modified":"2022-10-15T17:56:48","modified_gmt":"2022-10-15T20:56:48","slug":"el-gobierno-provincial-busca-atraer-inversores-para-industrializar-corrientes","status":"publish","type":"post","link":"https:\/\/corrientesdetarde.com\/index.php\/informacion-general\/el-gobierno-provincial-busca-atraer-inversores-para-industrializar-corrientes\/","title":{"rendered":"<strong>El Gobierno provincial busca atraer inversores para industrializar Corrientes<\/strong>"},"content":{"rendered":"\n<p>Tal como lo hab\u00eda adelantado la Ministra de Industria, Trabajo y Comercio a Radio LT7 , una comitiva de la cartera industrial represent\u00f3 a Corrientes en un evento que se realiz\u00f3 el 13 y 14 de octubre en la Ciudad Aut\u00f3noma de Buenos Aires y que fue la vidriera ideal para exponer los beneficios fiscales y el potencial de la Red de Parques Industriales de la provincia.<\/p>\n\n\n\n<p>Siguiendo el objetivo trazado por el gobernador Gustavo Vald\u00e9s de que Corrientes se posicione como una provincia estrat\u00e9gica para la radicaci\u00f3n de nuevas empresas en sus Parques Industriales, funcionarios del Ministerio de Industria, Trabajo y Comercio formaron parte de la Expo Somos Industria 2022, el evento m\u00e1s importante del sector industrial del pa\u00eds.&nbsp;<\/p>\n\n\n\n<p>Se trat\u00f3 de dos jornadas que se realizaron en el Centro Costa Salguero en la Ciudad Aut\u00f3noma de Buenos Aires y que fueron organizados por la Uni\u00f3n Industrial de la Provincia de Buenos Aires (UIPBA), la Red de Parques Industriales Argentinos y la Asociaci\u00f3n de Industriales de la Provincia de Corrientes (ADIBA).&nbsp;<\/p>\n\n\n\n<p>El Gobierno de Corrientes particip\u00f3 del evento a trav\u00e9s de un stand en el predio donde se recibi\u00f3 la visita de empresarios y funcionarios que se interesaron en conocer m\u00e1s sobre la pol\u00edtica de promoci\u00f3n de inversiones que rige para atraer nuevos capitales a la provincia. Tambi\u00e9n ofrecieron la tierra industrial disponible en los parques y todos los servicios que poseen los terrenos que conforman la Red correntina.<\/p>\n\n\n\n<p>En tanto, la ministra Mariel Gabur particip\u00f3, junto a representantes de Buenos Aires, Chubut, C\u00f3rdoba, Neuqu\u00e9n y R\u00edo Negro, de una mesa de debate dentro del Ciclo de Conferencias con la finalidad de debatir y construir estrategias colectivas para el desarrollo productivo federal de los Parques Industriales.&nbsp;<\/p>\n\n\n\n<p>Por su parte, el director de Promoci\u00f3n de Inversiones, Ra\u00fal Medina, expuso sobre los beneficios para radicar inversiones en Corrientes y detall\u00f3 los puntos m\u00e1s relevantes de la Ley 5.470 de Promoci\u00f3n de Inversiones y la 6.051 de Parques Industriales, Log\u00edsticos y Tecnol\u00f3gicos para atraer la radicaci\u00f3n de nuevas empresas en Corrientes.<\/p>\n","protected":false},"excerpt":{"rendered":"<p>Tal como lo hab\u00eda adelantado la Ministra de Industria, Trabajo y Comercio a Radio LT7 , una comitiva de la cartera industrial represent\u00f3 a Corrientes en un evento que se&hellip; <\/p>\n","protected":false},"author":1,"featured_media":11505,"comment_status":"closed","ping_status":"open","sticky":false,"template":"","format":"standard","meta":{"footnotes":""},"categories":[1],"tags":[],"class_list":["post-11502","post","type-post","status-publish","format-standard","has-post-thumbnail","hentry","category-informacion-general"],"_links":{"self":[{"href":"https:\/\/corrientesdetarde.com\/index.php\/wp-json\/wp\/v2\/posts\/11502","targetHints":{"allow":["GET"]}}],"collection":[{"href":"https:\/\/corrientesdetarde.com\/index.php\/wp-json\/wp\/v2\/posts"}],"about":[{"href":"https:\/\/corrientesdetarde.com\/index.php\/wp-json\/wp\/v2\/types\/post"}],"author":[{"embeddable":true,"href":"https:\/\/corrientesdetarde.com\/index.php\/wp-json\/wp\/v2\/users\/1"}],"replies":[{"embeddable":true,"href":"https:\/\/corrientesdetarde.com\/index.php\/wp-json\/wp\/v2\/comments?post=11502"}],"version-history":[{"count":1,"href":"https:\/\/corrientesdetarde.com\/index.php\/wp-json\/wp\/v2\/posts\/11502\/revisions"}],"predecessor-version":[{"id":11507,"href":"https:\/\/corrientesdetarde.com\/index.php\/wp-json\/wp\/v2\/posts\/11502\/revisions\/11507"}],"wp:featuredmedia":[{"embeddable":true,"href":"https:\/\/corrientesdetarde.com\/index.php\/wp-json\/wp\/v2\/media\/11505"}],"wp:attachment":[{"href":"https:\/\/corrientesdetarde.com\/index.php\/wp-json\/wp\/v2\/media?parent=11502"}],"wp:term":[{"taxonomy":"category","embeddable":true,"href":"https:\/\/corrientesdetarde.com\/index.php\/wp-json\/wp\/v2\/categories?post=11502"},{"taxonomy":"post_tag","embeddable":true,"href":"https:\/\/corrientesdetarde.com\/index.php\/wp-json\/wp\/v2\/tags?post=11502"}],"curies":[{"name":"wp","href":"https:\/\/api.w.org\/{rel}","templated":true}]}}