{"id":115037,"date":"2023-12-29T20:19:23","date_gmt":"2023-12-29T23:19:23","guid":{"rendered":"https:\/\/corrientesdetarde.com\/?p=115037"},"modified":"2023-12-29T20:19:36","modified_gmt":"2023-12-29T23:19:36","slug":"servicios-municipales-para-el-cierre-del-ano","status":"publish","type":"post","link":"https:\/\/corrientesdetarde.com\/index.php\/informacion-general\/servicios-municipales-para-el-cierre-del-ano\/","title":{"rendered":"Servicios municipales para el cierre del a\u00f1o"},"content":{"rendered":"\n<p>La Municipalidad de Corrientes informa acerca del funcionamiento de los servicios a su cargo por los festejos de A\u00f1o Nuevo. La Secretar\u00eda de Ambiente y Desarrollo Sustentable comunic\u00f3 que la recolecci\u00f3n nocturna de residuos del domingo 31 de diciembre se adelantar\u00e1 a partir de las 14; en A\u00f1o Nuevo no habr\u00e1 prestaci\u00f3n en la ciudad. En la jornada de hoy trabajar\u00e1n normalmente, incluso la recolecci\u00f3n diferenciada.<\/p>\n\n\n\n<p>En la Agencia Correntina de Recaudaci\u00f3n (ACOR) no habr\u00e1 atenci\u00f3n. La Caja Municipal de Pr\u00e9stamo tampoco brindar\u00e1 atenci\u00f3n el 1 de enero debido al feriado nacional, al igual que el Centro Emisor de Licencia (CEL). El Tribunal de Faltas municipal tampoco atender\u00e1 durante A\u00f1o Nuevo. El 30 y 31 de diciembre funcionar\u00e1 en el horario de 9 a 15, exclusivamente para cuestiones urgentes relacionadas con retiro de veh\u00edculos de la v\u00eda p\u00fablica.<\/p>\n\n\n\n<p>La Direcci\u00f3n General de Defunciones, ubicada en calle 25 de Mayo 1132, funcionar\u00e1 con una guardia que atender\u00e1 de 7 a 19. En tanto que los cementerios San Juan Bautista, del barrio Virgen de los Dolores, y San Isidro Labrador, de Laguna Brava, abrir\u00e1n en el mismo horario para visitas e inhumaciones.<\/p>\n\n\n\n<p>El Mercado de Productos Frescos atender\u00e1 el s\u00e1bado 30 de diciembre en horario corrido, de 7 a 21, y domingo 31, los puestos abrir\u00e1n de 7 a 14; mientras que el 1 de enero estar\u00e1 cerrado, al igual que las Ferias de la Ciudad.<\/p>\n\n\n\n<p>Por su parte, el Mercado de Abasto (El Piso) funcionar\u00e1 el 30 de diciembre en horario de 7 a 13 y de 17 a 21; el 31 atender\u00e1 de 7 a 13:30 y el 1 de enero cerrar\u00e1 sus puertas.<\/p>\n\n\n\n<p>El estacionamiento medido no se cobrar\u00e1 durante el 1 de enero venidero. Tambi\u00e9n ese mismo d\u00eda no habr\u00e1 atenci\u00f3n en las Salas de Atenci\u00f3n Primaria de la Salud (SAPS).<\/p>\n","protected":false},"excerpt":{"rendered":"<p>La Municipalidad de Corrientes informa acerca del funcionamiento de los servicios a su cargo por los festejos de A\u00f1o Nuevo. La Secretar\u00eda de Ambiente y Desarrollo Sustentable comunic\u00f3 que la&hellip; <\/p>\n","protected":false},"author":1,"featured_media":80935,"comment_status":"closed","ping_status":"open","sticky":false,"template":"","format":"standard","meta":{"footnotes":""},"categories":[1],"tags":[],"class_list":["post-115037","post","type-post","status-publish","format-standard","has-post-thumbnail","hentry","category-informacion-general"],"_links":{"self":[{"href":"https:\/\/corrientesdetarde.com\/index.php\/wp-json\/wp\/v2\/posts\/115037","targetHints":{"allow":["GET"]}}],"collection":[{"href":"https:\/\/corrientesdetarde.com\/index.php\/wp-json\/wp\/v2\/posts"}],"about":[{"href":"https:\/\/corrientesdetarde.com\/index.php\/wp-json\/wp\/v2\/types\/post"}],"author":[{"embeddable":true,"href":"https:\/\/corrientesdetarde.com\/index.php\/wp-json\/wp\/v2\/users\/1"}],"replies":[{"embeddable":true,"href":"https:\/\/corrientesdetarde.com\/index.php\/wp-json\/wp\/v2\/comments?post=115037"}],"version-history":[{"count":2,"href":"https:\/\/corrientesdetarde.com\/index.php\/wp-json\/wp\/v2\/posts\/115037\/revisions"}],"predecessor-version":[{"id":115049,"href":"https:\/\/corrientesdetarde.com\/index.php\/wp-json\/wp\/v2\/posts\/115037\/revisions\/115049"}],"wp:featuredmedia":[{"embeddable":true,"href":"https:\/\/corrientesdetarde.com\/index.php\/wp-json\/wp\/v2\/media\/80935"}],"wp:attachment":[{"href":"https:\/\/corrientesdetarde.com\/index.php\/wp-json\/wp\/v2\/media?parent=115037"}],"wp:term":[{"taxonomy":"category","embeddable":true,"href":"https:\/\/corrientesdetarde.com\/index.php\/wp-json\/wp\/v2\/categories?post=115037"},{"taxonomy":"post_tag","embeddable":true,"href":"https:\/\/corrientesdetarde.com\/index.php\/wp-json\/wp\/v2\/tags?post=115037"}],"curies":[{"name":"wp","href":"https:\/\/api.w.org\/{rel}","templated":true}]}}