{"id":115040,"date":"2023-12-29T20:15:37","date_gmt":"2023-12-29T23:15:37","guid":{"rendered":"https:\/\/corrientesdetarde.com\/?p=115040"},"modified":"2023-12-29T20:15:42","modified_gmt":"2023-12-29T23:15:42","slug":"el-ministerio-de-educacion-medio-en-la-inclusion-de-alumna-no-vidente-en-colegio-de-capital","status":"publish","type":"post","link":"https:\/\/corrientesdetarde.com\/index.php\/educacion\/el-ministerio-de-educacion-medio-en-la-inclusion-de-alumna-no-vidente-en-colegio-de-capital\/","title":{"rendered":"El Ministerio de Educaci\u00f3n medi\u00f3 en la inclusi\u00f3n de alumna no vidente en colegio de Capital"},"content":{"rendered":"\n<p>El Ministerio de Educaci\u00f3n de la Provincia de Corrientes inform\u00f3&nbsp;que el subsecretario de Gesti\u00f3n Educativa, Julio Nav\u00edas, recibi\u00f3 a los padres de la joven Martina Verrastro, quien no hab\u00eda sido aceptada por el Colegio San Jos\u00e9 de Capital por su condici\u00f3n de no vidente.<\/p>\n\n\n\n<p>En la reuni\u00f3n, Nav\u00edas expres\u00f3: \u201cTomamos intervenci\u00f3n a partir de esta situaci\u00f3n que se gener\u00f3 con la instituci\u00f3n educativa sobre el pase de una alumna que tiene discapacidad visual y que en una primera instancia el colegio respondi\u00f3 de una manera no satisfactoria para los tutores, que presentaron una nota y se hizo un expediente. Nos reunimos con las \u00e1reas correspondientes, la direcci\u00f3n de Ense\u00f1anza Privada y directivos del establecimiento escolar, que se abocaron a trabajar esta situaci\u00f3n. Luego de un periodo de an\u00e1lisis y reflexi\u00f3n, el colegio cambi\u00f3 su postura inicial y manifest\u00f3 que van a inscribir a la joven, y se abre un proceso para la inclusi\u00f3n de la misma al colegio San Jos\u00e9. Nosotros se lo hemos comunicado a los tutores con quienes tuvimos un largo di\u00e1logo, ahora queda en la familia y en la misma interesada, Martina, darnos una respuesta\u201d.<\/p>\n\n\n\n<p>&nbsp;\u201cDesde el Ministerio de Educaci\u00f3n nos hemos ofrecido a acompa\u00f1ar este proceso, trabajando con el colegio San Jos\u00e9 si finalmente los padres acceden y deciden hacer el pase. Vamos a acompa\u00f1ar ese proceso para garantizar que todo el procedimiento se haga como corresponde, que tenga todo el acompa\u00f1amiento pedag\u00f3gico y profesional que necesita\u201d, finaliz\u00f3 el funcionario educativo.<\/p>\n","protected":false},"excerpt":{"rendered":"<p>El Ministerio de Educaci\u00f3n de la Provincia de Corrientes inform\u00f3&nbsp;que el subsecretario de Gesti\u00f3n Educativa, Julio Nav\u00edas, recibi\u00f3 a los padres de la joven Martina Verrastro, quien no hab\u00eda sido&hellip; <\/p>\n","protected":false},"author":1,"featured_media":115041,"comment_status":"closed","ping_status":"open","sticky":false,"template":"","format":"standard","meta":{"footnotes":""},"categories":[32],"tags":[],"class_list":["post-115040","post","type-post","status-publish","format-standard","has-post-thumbnail","hentry","category-educacion"],"_links":{"self":[{"href":"https:\/\/corrientesdetarde.com\/index.php\/wp-json\/wp\/v2\/posts\/115040","targetHints":{"allow":["GET"]}}],"collection":[{"href":"https:\/\/corrientesdetarde.com\/index.php\/wp-json\/wp\/v2\/posts"}],"about":[{"href":"https:\/\/corrientesdetarde.com\/index.php\/wp-json\/wp\/v2\/types\/post"}],"author":[{"embeddable":true,"href":"https:\/\/corrientesdetarde.com\/index.php\/wp-json\/wp\/v2\/users\/1"}],"replies":[{"embeddable":true,"href":"https:\/\/corrientesdetarde.com\/index.php\/wp-json\/wp\/v2\/comments?post=115040"}],"version-history":[{"count":1,"href":"https:\/\/corrientesdetarde.com\/index.php\/wp-json\/wp\/v2\/posts\/115040\/revisions"}],"predecessor-version":[{"id":115042,"href":"https:\/\/corrientesdetarde.com\/index.php\/wp-json\/wp\/v2\/posts\/115040\/revisions\/115042"}],"wp:featuredmedia":[{"embeddable":true,"href":"https:\/\/corrientesdetarde.com\/index.php\/wp-json\/wp\/v2\/media\/115041"}],"wp:attachment":[{"href":"https:\/\/corrientesdetarde.com\/index.php\/wp-json\/wp\/v2\/media?parent=115040"}],"wp:term":[{"taxonomy":"category","embeddable":true,"href":"https:\/\/corrientesdetarde.com\/index.php\/wp-json\/wp\/v2\/categories?post=115040"},{"taxonomy":"post_tag","embeddable":true,"href":"https:\/\/corrientesdetarde.com\/index.php\/wp-json\/wp\/v2\/tags?post=115040"}],"curies":[{"name":"wp","href":"https:\/\/api.w.org\/{rel}","templated":true}]}}