{"id":115051,"date":"2023-12-29T20:44:24","date_gmt":"2023-12-29T23:44:24","guid":{"rendered":"https:\/\/corrientesdetarde.com\/?p=115051"},"modified":"2023-12-29T20:44:48","modified_gmt":"2023-12-29T23:44:48","slug":"a-partir-del-lunes-proximo-ya-no-habra-restricciones-para-la-exportacion-de-cortes-bovinos","status":"publish","type":"post","link":"https:\/\/corrientesdetarde.com\/index.php\/economia\/a-partir-del-lunes-proximo-ya-no-habra-restricciones-para-la-exportacion-de-cortes-bovinos\/","title":{"rendered":"A partir del lunes pr\u00f3ximo ya no habr\u00e1 restricciones para la exportaci\u00f3n de cortes bovinos"},"content":{"rendered":"\n<p>El Gobierno anunci\u00f3 hoy que a partir del 1\u00b0 de enero del pr\u00f3ximo a\u00f1o la industria frigor\u00edfica podr\u00e1 volver a exportar los denominados &#8220;cortes preferidos frescos, enfriados o congelados&#8221; que estaban vedados para su despacho al exterior por el Decreto 911\/2021, que prohib\u00eda los embarques de los cortes parrilleros.<\/p>\n\n\n\n<p>El Servicio Nacional de Sanidad y Calidad Agroalimentaria (Senasa) sostuvo en un comunicado que ya no habr\u00e1 restricciones &#8220;a partir del 1 de enero de 2024, a la exportaci\u00f3n de cortes bovinos frescos y de los denominados cortes preferidos frescos, enfriados o congelados&#8221;, al finalizarse la vigencia de la normativa adoptada por el gobierno de Alberto Fern\u00e1ndez.<\/p>\n\n\n\n<p>Dicho decreto prohib\u00eda la exportaci\u00f3n de &#8220;reses enteras; medias reses; cuarto delantero con hueso; cuarto trasero con hueso; medias reses incompletas con hueso; y cuartos delanteros incompletos con hueso&#8221;.<\/p>\n\n\n\n<p>Adem\u00e1s, tambi\u00e9n vedaba los despachos de los denominados &#8220;cortes parrilleros&#8221; o &#8220;populares&#8221;, como el asado con o sin hueso; falda; matambre; tapa de asado; nalga; paleta; y vac\u00edo&#8221;.<\/p>\n\n\n\n<p>Tambi\u00e9n dejar\u00e1 de tener efecto la diferenciaci\u00f3n para la exportaci\u00f3n de vacas de las categor\u00edas D y E y de toros, sobre los que hasta ahora no se aplican esas suspensiones, agrega el escrito.<\/p>\n\n\n\n<p>&#8220;En virtud de la caducidad de la norma, el Senasa actualiz\u00f3 los procedimientos a la nueva situaci\u00f3n y adecu\u00f3 a las nuevas condiciones los servicios de inspecci\u00f3n veterinaria y los sistemas inform\u00e1ticos, particularmente el de certificaci\u00f3n de exportaciones, que entrar\u00e1n en vigencia a partir del primer d\u00eda del pr\u00f3ximo a\u00f1o&#8221;, concluye el anuncio.<\/p>\n","protected":false},"excerpt":{"rendered":"<p>El Gobierno anunci\u00f3 hoy que a partir del 1\u00b0 de enero del pr\u00f3ximo a\u00f1o la industria frigor\u00edfica podr\u00e1 volver a exportar los denominados &#8220;cortes preferidos frescos, enfriados o congelados&#8221; que&hellip; <\/p>\n","protected":false},"author":1,"featured_media":115059,"comment_status":"closed","ping_status":"open","sticky":false,"template":"","format":"standard","meta":{"footnotes":""},"categories":[20],"tags":[],"class_list":["post-115051","post","type-post","status-publish","format-standard","has-post-thumbnail","hentry","category-economia"],"_links":{"self":[{"href":"https:\/\/corrientesdetarde.com\/index.php\/wp-json\/wp\/v2\/posts\/115051","targetHints":{"allow":["GET"]}}],"collection":[{"href":"https:\/\/corrientesdetarde.com\/index.php\/wp-json\/wp\/v2\/posts"}],"about":[{"href":"https:\/\/corrientesdetarde.com\/index.php\/wp-json\/wp\/v2\/types\/post"}],"author":[{"embeddable":true,"href":"https:\/\/corrientesdetarde.com\/index.php\/wp-json\/wp\/v2\/users\/1"}],"replies":[{"embeddable":true,"href":"https:\/\/corrientesdetarde.com\/index.php\/wp-json\/wp\/v2\/comments?post=115051"}],"version-history":[{"count":2,"href":"https:\/\/corrientesdetarde.com\/index.php\/wp-json\/wp\/v2\/posts\/115051\/revisions"}],"predecessor-version":[{"id":115062,"href":"https:\/\/corrientesdetarde.com\/index.php\/wp-json\/wp\/v2\/posts\/115051\/revisions\/115062"}],"wp:featuredmedia":[{"embeddable":true,"href":"https:\/\/corrientesdetarde.com\/index.php\/wp-json\/wp\/v2\/media\/115059"}],"wp:attachment":[{"href":"https:\/\/corrientesdetarde.com\/index.php\/wp-json\/wp\/v2\/media?parent=115051"}],"wp:term":[{"taxonomy":"category","embeddable":true,"href":"https:\/\/corrientesdetarde.com\/index.php\/wp-json\/wp\/v2\/categories?post=115051"},{"taxonomy":"post_tag","embeddable":true,"href":"https:\/\/corrientesdetarde.com\/index.php\/wp-json\/wp\/v2\/tags?post=115051"}],"curies":[{"name":"wp","href":"https:\/\/api.w.org\/{rel}","templated":true}]}}