{"id":115052,"date":"2023-12-29T20:22:22","date_gmt":"2023-12-29T23:22:22","guid":{"rendered":"https:\/\/corrientesdetarde.com\/?p=115052"},"modified":"2023-12-29T20:22:54","modified_gmt":"2023-12-29T23:22:54","slug":"por-que-se-celebra-el-dia-del-bromatologo-cada-29-de-diciembre","status":"publish","type":"post","link":"https:\/\/corrientesdetarde.com\/index.php\/informacion-general\/por-que-se-celebra-el-dia-del-bromatologo-cada-29-de-diciembre\/","title":{"rendered":"\u00bfPor qu\u00e9 se celebra el D\u00eda del Bromat\u00f3logo cada 29 de diciembre?\u00a0"},"content":{"rendered":"\n<p>El \u00faltimo viernes del del 2023 coincide, este a\u00f1o, con el&nbsp;<strong>D\u00eda del Bromat\u00f3logo<\/strong>, que se celebra para homenajear a todos los profesionales de&nbsp;<strong>Argentina<\/strong>&nbsp;que estudian y trabajan esta ciencia.&nbsp;<\/p>\n\n\n\n<p>La efem\u00e9ride surgi\u00f3 hace&nbsp;<strong>47 a\u00f1os<\/strong>, luego de que los primeros&nbsp;<strong>cuatro estudiantes&nbsp;<\/strong>de bromatolog\u00eda se recibieron e impulsaron, muy poco tiempo despu\u00e9s, la creaci\u00f3n de la carrera universitaria y finalmente, la facultad.&nbsp;<\/p>\n\n\n\n<h2 class=\"wp-block-heading\">\u00bfQu\u00e9 motiv\u00f3 a crear el D\u00eda del Bromat\u00f3logo en Argentina?&nbsp;<\/h2>\n\n\n\n<figure class=\"wp-block-image\"><img decoding=\"async\" src=\"https:\/\/billiken.lat\/wp-content\/uploads\/2023\/12\/bromatology.jpeg\" alt=\"Un profesional en el D\u00eda del Bromat\u00f3logo.\" class=\"wp-image-71027\"\/><\/figure>\n\n\n\n<p>El&nbsp;<strong>D\u00eda del Bromat\u00f3logo<\/strong>, con el que se reconoce a quienes se esfuerzan para&nbsp;<strong>estudiar integralmente los alimentos<\/strong>&nbsp;que consumimos a diario, se estableci\u00f3 en&nbsp;<strong>1976<\/strong>, luego de la graduaci\u00f3n de:&nbsp;<\/p>\n\n\n\n<p>Suscribite a GENTE MENSUAL por s\u00f3lo $5.940 anuales.Incluye 12 ediciones y env\u00edo GRATIS.Promoci\u00f3n especial por tiempo limitado.\u00a1HACELO YA!<\/p>\n\n\n\n<ul class=\"wp-block-list\"><li>Rub\u00e9n Peruzzo.<\/li><li>C\u00e9sar St\u00f6ckli.&nbsp;<\/li><li>Bartolo Tolomeo.&nbsp;<\/li><li>Ra\u00fal Tolomey.<\/li><\/ul>\n\n\n\n<p>Los estudiantes iniciaron la carrera en&nbsp;<strong>1972<\/strong>, dentro de la&nbsp;<strong>Escuela Superior de Bromatolog\u00eda<\/strong>, ya que en aquella \u00e9poca nuestro pa\u00eds no ten\u00eda carreras o facultades que aborden la ciencia.&nbsp;<\/p>\n\n\n\n<p>Pero, por fortuna, tras dar a conocer la haza\u00f1a de los cuatro licenciados, se cre\u00f3 la carrera en la&nbsp;<strong>Universidad Nacional de Entre R\u00edos<\/strong>&nbsp;y, finalmente, en&nbsp;<strong>1986<\/strong>&nbsp;se inaugur\u00f3 la&nbsp;<strong>Facultad de Bromatolog\u00eda<\/strong>&nbsp;en la misma casa de estudios.<\/p>\n\n\n\n<h2 class=\"wp-block-heading\">\u00bfCu\u00e1l es la importancia de la bromatolog\u00eda?&nbsp;<\/h2>\n\n\n\n<figure class=\"wp-block-image is-resized\"><img loading=\"lazy\" decoding=\"async\" src=\"https:\/\/billiken.lat\/wp-content\/uploads\/2023\/12\/IAEA-talks-food-safety-work-with-FoodQualityNews.jpeg\" alt=\"D\u00eda del Bromat\u00f3logo celebrado en el laboratorio. \" class=\"wp-image-71028\" width=\"835\" height=\"556\"\/><\/figure>\n\n\n\n<p>Como hemos mencionado, la bromatolog\u00eda es fundamental para estudiar en detalle cada alimento que ingerimos y verificar, en t\u00e9rminos generales, que sean&nbsp;<strong>aptos para el consumo.&nbsp;<\/strong><\/p>\n\n\n\n<p>Pero, en el marco del D\u00eda del Bormat\u00f3logo, es importante analizar esta ciencia con m\u00e1s&nbsp;<strong>detalles<\/strong>&nbsp;y resaltar que es necesaria para identificar en cada alimento:&nbsp;<\/p>\n\n\n\n<ul class=\"wp-block-list\"><li>Su composici\u00f3n cualitativa y cuantitativa.&nbsp;<\/li><li>El significado higi\u00e9nico y toxicol\u00f3gico de alteraciones y contaminaciones, que deben ser evitadas.&nbsp;<\/li><li>La tecnolog\u00eda apropiada para trabajarlos.&nbsp;<\/li><li>Los m\u00e9todos para protegerlos.&nbsp;<\/li><li>Su calidad.&nbsp;<\/li><\/ul>\n","protected":false},"excerpt":{"rendered":"<p>El \u00faltimo viernes del del 2023 coincide, este a\u00f1o, con el&nbsp;D\u00eda del Bromat\u00f3logo, que se celebra para homenajear a todos los profesionales de&nbsp;Argentina&nbsp;que estudian y trabajan esta ciencia.&nbsp; La efem\u00e9ride&hellip; <\/p>\n","protected":false},"author":1,"featured_media":115056,"comment_status":"closed","ping_status":"open","sticky":false,"template":"","format":"standard","meta":{"footnotes":""},"categories":[1],"tags":[],"class_list":["post-115052","post","type-post","status-publish","format-standard","has-post-thumbnail","hentry","category-informacion-general"],"_links":{"self":[{"href":"https:\/\/corrientesdetarde.com\/index.php\/wp-json\/wp\/v2\/posts\/115052","targetHints":{"allow":["GET"]}}],"collection":[{"href":"https:\/\/corrientesdetarde.com\/index.php\/wp-json\/wp\/v2\/posts"}],"about":[{"href":"https:\/\/corrientesdetarde.com\/index.php\/wp-json\/wp\/v2\/types\/post"}],"author":[{"embeddable":true,"href":"https:\/\/corrientesdetarde.com\/index.php\/wp-json\/wp\/v2\/users\/1"}],"replies":[{"embeddable":true,"href":"https:\/\/corrientesdetarde.com\/index.php\/wp-json\/wp\/v2\/comments?post=115052"}],"version-history":[{"count":1,"href":"https:\/\/corrientesdetarde.com\/index.php\/wp-json\/wp\/v2\/posts\/115052\/revisions"}],"predecessor-version":[{"id":115057,"href":"https:\/\/corrientesdetarde.com\/index.php\/wp-json\/wp\/v2\/posts\/115052\/revisions\/115057"}],"wp:featuredmedia":[{"embeddable":true,"href":"https:\/\/corrientesdetarde.com\/index.php\/wp-json\/wp\/v2\/media\/115056"}],"wp:attachment":[{"href":"https:\/\/corrientesdetarde.com\/index.php\/wp-json\/wp\/v2\/media?parent=115052"}],"wp:term":[{"taxonomy":"category","embeddable":true,"href":"https:\/\/corrientesdetarde.com\/index.php\/wp-json\/wp\/v2\/categories?post=115052"},{"taxonomy":"post_tag","embeddable":true,"href":"https:\/\/corrientesdetarde.com\/index.php\/wp-json\/wp\/v2\/tags?post=115052"}],"curies":[{"name":"wp","href":"https:\/\/api.w.org\/{rel}","templated":true}]}}