{"id":11508,"date":"2022-10-15T17:57:31","date_gmt":"2022-10-15T20:57:31","guid":{"rendered":"https:\/\/corrientesdetarde.com\/?p=11508"},"modified":"2022-10-15T17:57:32","modified_gmt":"2022-10-15T20:57:32","slug":"los-clubes-de-adultos-mayores-celebran-el-dia-de-la-madre","status":"publish","type":"post","link":"https:\/\/corrientesdetarde.com\/index.php\/sociales\/los-clubes-de-adultos-mayores-celebran-el-dia-de-la-madre\/","title":{"rendered":"Los Clubes de Adultos Mayores celebran el Dia de la Madre"},"content":{"rendered":"\n<p>Este martes 18&nbsp;el Ministerio de Desarrollo Social de la provincia a cargo de Ad\u00e1n Gaya&nbsp;celebra junto a los Clubes de Adultos Mayores el D\u00eda de la Madre.<\/p>\n\n\n\n<p>En esta oportunidad, m\u00e1s de 20 Clubes se dar\u00e1n cita este martes en el Puente Pexoa&nbsp;con el fin de compartir una jornada divertida&nbsp;de 9 a 14 hs, donde compartir\u00e1n actividades recreativas, juegos, premios y mucha m\u00fasica.<\/p>\n\n\n\n<p>La actividad es organizada por el \u00c1rea de Adultos Mayores&nbsp;a cargo de la Lic Nely Pintos dependiente del Ministerio a trav\u00e9s de la Direcci\u00f3n de los Derechos de la Ni\u00f1ez y la Familia.<\/p>\n","protected":false},"excerpt":{"rendered":"<p>Este martes 18&nbsp;el Ministerio de Desarrollo Social de la provincia a cargo de Ad\u00e1n Gaya&nbsp;celebra junto a los Clubes de Adultos Mayores el D\u00eda de la Madre. En esta oportunidad,&hellip; <\/p>\n","protected":false},"author":1,"featured_media":11509,"comment_status":"closed","ping_status":"open","sticky":false,"template":"","format":"standard","meta":{"footnotes":""},"categories":[17],"tags":[],"class_list":["post-11508","post","type-post","status-publish","format-standard","has-post-thumbnail","hentry","category-sociales"],"_links":{"self":[{"href":"https:\/\/corrientesdetarde.com\/index.php\/wp-json\/wp\/v2\/posts\/11508","targetHints":{"allow":["GET"]}}],"collection":[{"href":"https:\/\/corrientesdetarde.com\/index.php\/wp-json\/wp\/v2\/posts"}],"about":[{"href":"https:\/\/corrientesdetarde.com\/index.php\/wp-json\/wp\/v2\/types\/post"}],"author":[{"embeddable":true,"href":"https:\/\/corrientesdetarde.com\/index.php\/wp-json\/wp\/v2\/users\/1"}],"replies":[{"embeddable":true,"href":"https:\/\/corrientesdetarde.com\/index.php\/wp-json\/wp\/v2\/comments?post=11508"}],"version-history":[{"count":1,"href":"https:\/\/corrientesdetarde.com\/index.php\/wp-json\/wp\/v2\/posts\/11508\/revisions"}],"predecessor-version":[{"id":11511,"href":"https:\/\/corrientesdetarde.com\/index.php\/wp-json\/wp\/v2\/posts\/11508\/revisions\/11511"}],"wp:featuredmedia":[{"embeddable":true,"href":"https:\/\/corrientesdetarde.com\/index.php\/wp-json\/wp\/v2\/media\/11509"}],"wp:attachment":[{"href":"https:\/\/corrientesdetarde.com\/index.php\/wp-json\/wp\/v2\/media?parent=11508"}],"wp:term":[{"taxonomy":"category","embeddable":true,"href":"https:\/\/corrientesdetarde.com\/index.php\/wp-json\/wp\/v2\/categories?post=11508"},{"taxonomy":"post_tag","embeddable":true,"href":"https:\/\/corrientesdetarde.com\/index.php\/wp-json\/wp\/v2\/tags?post=11508"}],"curies":[{"name":"wp","href":"https:\/\/api.w.org\/{rel}","templated":true}]}}