{"id":11510,"date":"2022-10-15T17:57:47","date_gmt":"2022-10-15T20:57:47","guid":{"rendered":"https:\/\/corrientesdetarde.com\/?p=11510"},"modified":"2022-10-15T17:57:48","modified_gmt":"2022-10-15T20:57:48","slug":"no-hubo-acuerdo-por-el-conflicto-que-afecta-a-colectivos-y-podria-darse-un-nuevo-paro-en-los-proximos-dias","status":"publish","type":"post","link":"https:\/\/corrientesdetarde.com\/index.php\/informacion-general\/no-hubo-acuerdo-por-el-conflicto-que-afecta-a-colectivos-y-podria-darse-un-nuevo-paro-en-los-proximos-dias\/","title":{"rendered":"<strong>No hubo acuerdo por el conflicto que afecta a colectivos y podr\u00eda darse un nuevo paro en los pr\u00f3ximos d\u00edas<\/strong>"},"content":{"rendered":"\n<p>El ministerio hab\u00eda convocado este viernes a la reuni\u00f3n entre las c\u00e1maras empresarias y la UTA para solucionar el conflicto, pero no lograron alcanzar un acuerdo. El gremio -que no descart\u00f3 incrementar o profundizar la medida de fuerza- demanda el pago de un aumento salarial que ya hab\u00eda sido acordado en paritarias.<\/p>\n\n\n\n<p>La Uni\u00f3n Tranviarios Automotor (UTA) y las c\u00e1maras empresarias de la actividad no lograron alcanzar un acuerdo este viernes en la audiencia convocada por el Ministerio de Trabajo para superar el conflicto y cumplimentar el aumento paritario salarial ya acordado para el interior del pa\u00eds, por lo que las partes pasaron a otro cuarto intermedio hasta el martes.<\/p>\n\n\n\n<p>Sindicalistas y empresarios no pudieron zanjar diferencias en la cartera laboral, por lo que continuar\u00e1n las negociaciones el martes, informaron fuentes laborales y gremiales.<\/p>\n\n\n\n<p>El Ministerio de Trabajo hab\u00eda convocado a nueva reuni\u00f3n conciliatoria en otro intento para destrabar el conflicto por la aplicaci\u00f3n del aumento salarial convenido en negociaciones paritarias para el personal del interior, luego de un paro de 48 horas.<\/p>\n\n\n\n<p>En esta ocasi\u00f3n, seg\u00fan detallaron las fuentes de ambos sectores, el encuentro se realiz\u00f3 de forma virtual para garantizar la participaci\u00f3n de los representantes del interior del pa\u00eds.<\/p>\n\n\n\n<p>&#8220;La negociaci\u00f3n est\u00e1 estancada, por lo que la UTA no descarta la posibilidad de incrementar y profundizar las medidas de fuerza&#8221;, dijo el secretario de Prensa del gremio, Mario Calegari, quien detall\u00f3 que el mi\u00e9rcoles y ayer se realiz\u00f3 un paro de dos d\u00edas en demanda del pago de un aumento salarial ya acordado en las paritarias del sector.<\/p>\n\n\n\n<p>La medida de fuerza, que afect\u00f3 a las l\u00edneas de transporte urbano de pasajeros del interior, no comprendi\u00f3 al \u00c1rea Metropolitana Buenos Aires (AMBA) ni a las provincias de R\u00edo Negro, Chaco y La Rioja, en las que hubo acuerdo con los empresarios locales.<\/p>\n","protected":false},"excerpt":{"rendered":"<p>El ministerio hab\u00eda convocado este viernes a la reuni\u00f3n entre las c\u00e1maras empresarias y la UTA para solucionar el conflicto, pero no lograron alcanzar un acuerdo. El gremio -que no&hellip; <\/p>\n","protected":false},"author":1,"featured_media":11512,"comment_status":"closed","ping_status":"open","sticky":false,"template":"","format":"standard","meta":{"footnotes":""},"categories":[1],"tags":[],"class_list":["post-11510","post","type-post","status-publish","format-standard","has-post-thumbnail","hentry","category-informacion-general"],"_links":{"self":[{"href":"https:\/\/corrientesdetarde.com\/index.php\/wp-json\/wp\/v2\/posts\/11510","targetHints":{"allow":["GET"]}}],"collection":[{"href":"https:\/\/corrientesdetarde.com\/index.php\/wp-json\/wp\/v2\/posts"}],"about":[{"href":"https:\/\/corrientesdetarde.com\/index.php\/wp-json\/wp\/v2\/types\/post"}],"author":[{"embeddable":true,"href":"https:\/\/corrientesdetarde.com\/index.php\/wp-json\/wp\/v2\/users\/1"}],"replies":[{"embeddable":true,"href":"https:\/\/corrientesdetarde.com\/index.php\/wp-json\/wp\/v2\/comments?post=11510"}],"version-history":[{"count":1,"href":"https:\/\/corrientesdetarde.com\/index.php\/wp-json\/wp\/v2\/posts\/11510\/revisions"}],"predecessor-version":[{"id":11513,"href":"https:\/\/corrientesdetarde.com\/index.php\/wp-json\/wp\/v2\/posts\/11510\/revisions\/11513"}],"wp:featuredmedia":[{"embeddable":true,"href":"https:\/\/corrientesdetarde.com\/index.php\/wp-json\/wp\/v2\/media\/11512"}],"wp:attachment":[{"href":"https:\/\/corrientesdetarde.com\/index.php\/wp-json\/wp\/v2\/media?parent=11510"}],"wp:term":[{"taxonomy":"category","embeddable":true,"href":"https:\/\/corrientesdetarde.com\/index.php\/wp-json\/wp\/v2\/categories?post=11510"},{"taxonomy":"post_tag","embeddable":true,"href":"https:\/\/corrientesdetarde.com\/index.php\/wp-json\/wp\/v2\/tags?post=11510"}],"curies":[{"name":"wp","href":"https:\/\/api.w.org\/{rel}","templated":true}]}}