{"id":11519,"date":"2022-10-15T18:06:23","date_gmt":"2022-10-15T21:06:23","guid":{"rendered":"https:\/\/corrientesdetarde.com\/?p=11519"},"modified":"2022-10-15T18:06:26","modified_gmt":"2022-10-15T21:06:26","slug":"campana-solidaria-para-joven-quemada-tras-accidente","status":"publish","type":"post","link":"https:\/\/corrientesdetarde.com\/index.php\/actualidad\/campana-solidaria-para-joven-quemada-tras-accidente\/","title":{"rendered":"<strong>Campa\u00f1a solidaria para joven quemada tras accidente<\/strong>"},"content":{"rendered":"\n<p>Familiares, amigos y allegados de Oriana Silva, la joven que sufri\u00f3 quemaduras tras un siniestro vial en Cazadores Correntinos y Resoagli, piden sumarse a una \u2018cadena de oraci\u00f3n\u2019 e impulsan una campa\u00f1a para colaborar con fondos para los gastos que insuma su traslado al Instituto del Quemado de Buenos Aires.<\/p>\n\n\n\n<p>Oriana tiene que ser trasladada a Buenos Aires, al Instituto del Quemado, desde donde est\u00e1n esperando la confirmaci\u00f3n de la disponibilidad de una cama.<\/p>\n\n\n\n<p>Para ello piden colaboraci\u00f3n, ya que su marido y otros familiares deben acompa\u00f1arla en la internaci\u00f3n.<\/p>\n","protected":false},"excerpt":{"rendered":"<p>Familiares, amigos y allegados de Oriana Silva, la joven que sufri\u00f3 quemaduras tras un siniestro vial en Cazadores Correntinos y Resoagli, piden sumarse a una \u2018cadena de oraci\u00f3n\u2019 e impulsan&hellip; <\/p>\n","protected":false},"author":1,"featured_media":11521,"comment_status":"closed","ping_status":"open","sticky":false,"template":"","format":"standard","meta":{"footnotes":""},"categories":[23],"tags":[],"class_list":["post-11519","post","type-post","status-publish","format-standard","has-post-thumbnail","hentry","category-actualidad"],"_links":{"self":[{"href":"https:\/\/corrientesdetarde.com\/index.php\/wp-json\/wp\/v2\/posts\/11519","targetHints":{"allow":["GET"]}}],"collection":[{"href":"https:\/\/corrientesdetarde.com\/index.php\/wp-json\/wp\/v2\/posts"}],"about":[{"href":"https:\/\/corrientesdetarde.com\/index.php\/wp-json\/wp\/v2\/types\/post"}],"author":[{"embeddable":true,"href":"https:\/\/corrientesdetarde.com\/index.php\/wp-json\/wp\/v2\/users\/1"}],"replies":[{"embeddable":true,"href":"https:\/\/corrientesdetarde.com\/index.php\/wp-json\/wp\/v2\/comments?post=11519"}],"version-history":[{"count":1,"href":"https:\/\/corrientesdetarde.com\/index.php\/wp-json\/wp\/v2\/posts\/11519\/revisions"}],"predecessor-version":[{"id":11522,"href":"https:\/\/corrientesdetarde.com\/index.php\/wp-json\/wp\/v2\/posts\/11519\/revisions\/11522"}],"wp:featuredmedia":[{"embeddable":true,"href":"https:\/\/corrientesdetarde.com\/index.php\/wp-json\/wp\/v2\/media\/11521"}],"wp:attachment":[{"href":"https:\/\/corrientesdetarde.com\/index.php\/wp-json\/wp\/v2\/media?parent=11519"}],"wp:term":[{"taxonomy":"category","embeddable":true,"href":"https:\/\/corrientesdetarde.com\/index.php\/wp-json\/wp\/v2\/categories?post=11519"},{"taxonomy":"post_tag","embeddable":true,"href":"https:\/\/corrientesdetarde.com\/index.php\/wp-json\/wp\/v2\/tags?post=11519"}],"curies":[{"name":"wp","href":"https:\/\/api.w.org\/{rel}","templated":true}]}}