{"id":11520,"date":"2022-10-15T18:07:45","date_gmt":"2022-10-15T21:07:45","guid":{"rendered":"https:\/\/corrientesdetarde.com\/?p=11520"},"modified":"2022-10-15T18:07:49","modified_gmt":"2022-10-15T21:07:49","slug":"con-un-acto-por-el-17-de-octubre-los-movimientos-sociales-buscan-influir-en-el-armado-del-frente-de-todos-para-2023","status":"publish","type":"post","link":"https:\/\/corrientesdetarde.com\/index.php\/politica\/con-un-acto-por-el-17-de-octubre-los-movimientos-sociales-buscan-influir-en-el-armado-del-frente-de-todos-para-2023\/","title":{"rendered":"Con un acto por el 17 de Octubre, los movimientos sociales buscan influir en el armado del Frente de Todos para 2023"},"content":{"rendered":"\n<h5 class=\"wp-block-heading\">El \u201ccabildo abierto\u201d ser\u00e1 en La Matanza, mientras la CGT se moviliza dividida y con fuertes internas. Las organizaciones lanzar\u00e1n sus propio espacio pol\u00edtico y pedir\u00e1n que no se suspendan las PASO<\/h5>\n\n\n\n<p>Los&nbsp;<strong>movimientos sociales oficialistas&nbsp;<\/strong>decidieron tallar en el armado pol\u00edtico del Frente de Todos de cara a las elecciones presidenciales de 2023. Le&nbsp;<strong>disputar\u00e1n espacios de poder a los intendentes<\/strong>&nbsp;del PJ y opositores en los principales municipios del conurbano, en las listas de diputados y senadores. Lo har\u00e1n con&nbsp;<strong>partido propio \u201cLos Comunes\u201d<\/strong>, cuya creaci\u00f3n est\u00e1 en pleno tramite. El hecho gener\u00f3 malestar entre los alcaldes y el kirchnerismo, sobre todo en La C\u00e1mpora. A diferencia de estos, el Movimiento Evita, con&nbsp;<strong>Emilio P\u00e9rsico<\/strong>&nbsp;a la cabeza y Somos Barrios de Pie, liderado por&nbsp;<strong>Daniel Men\u00e9ndez<\/strong>, presionan para que no se eliminen la Primarias Abiertas, Simult\u00e1neas y Obligatorias (PASO).<\/p>\n\n\n\n<p>La estrategia quedara patentizada el lunes 17 de octubre, D\u00eda de la Lealtad, con un acto en el estadio de Laferrere, en La Matanza, lugar donde pretenden concentrar a m\u00e1s de 30.000 militantes.<\/p>\n\n\n\n<p>Este a\u00f1o, a diferencia de 2021, las organizaciones sociales del Frente de Todos\u00a0<strong>no marchar\u00e1n junto a la CGT que se moviliza dividida y con fuertes internas.<\/strong><\/p>\n\n\n\n<p>La principal central obrera del pa\u00eds tendr\u00e1&nbsp;<strong>dos actos por separado.<\/strong>&nbsp;Uno en el estadio cerrado de Obras Sanitarias, y el otro ser\u00e1 una movilizaci\u00f3n a Plaza de Mayo.&nbsp;<strong>Alberto Fern\u00e1ndez<\/strong>, seg\u00fan se dej\u00f3 trascender desde Balcarce 50, no participar\u00e1 en ninguno de los encuentros.<\/p>\n\n\n\n<p>El acto en la ciudad de Laferrere ser\u00e1 un gran \u201c<strong>cabildo abierto<\/strong>\u201d, continuaci\u00f3n del comenzado en Misiones, a trav\u00e9s de los cuales se debate la agenda parlamentaria y pol\u00edtica de cara al complicado compromiso electoral que deber\u00e1 enfrentar la administraci\u00f3n Fern\u00e1ndez.<\/p>\n\n\n\n<p>Seg\u00fan pudo saber&nbsp;<strong>Infobae,<\/strong>&nbsp;en el acto sobrar\u00e1n los discursos con marcado&nbsp;<strong>tinte electoral<\/strong>&nbsp;y mensajes hacia dentro del Frente de Todos.<\/p>\n\n\n\n<p>Emilio P\u00e9rsico, Fernando \u201cChino\u201d Navarro, Gildo Onorato, Juan Carlos Alderete, Daniel Men\u00e9ndez, Patricia Cubr\u00eda, Natalia Souto, Gast\u00f3n Arispe e Ivana Rezzano, ser\u00edan alguno de los oradores.<\/p>\n\n\n\n<p>\u201cEl festejo por el D\u00eda de la Lealtad se realizar\u00e1 en el marco de los Cabildos Abiertos, espacios que vienen recorriendo todo el pa\u00eds\u00a0<strong>con el objetivo de lograr una expresi\u00f3n federal de las principales problem\u00e1ticas y pol\u00edticas p\u00fablicas<\/strong>\u00a0<strong>necesarias para transformar el pa\u00eds<\/strong>\u201d, describen los organizadores en las redes sociales e informan que se debatir\u00e1n temas como \u201cel desarrollo del h\u00e1bitat, cr\u00e9ditos no bancarios para el fortalecimiento de la econom\u00eda popular y la agricultura familiar, mejorar la infraestructura de los barrios populares, la conectividad, la reforma impositiva, el desarrollo y la transici\u00f3n energ\u00e9tica\u201d.<\/p>\n\n\n\n<p>Los espacios que motorizan el acto tambi\u00e9n ratificaron \u201csu pertenencia al Frente de Todos y la vocaci\u00f3n de construir una expresi\u00f3n pol\u00edtica que los represente\u201d y afirman que: \u201cLa pol\u00edtica tradicional mostr\u00f3 sus l\u00edmites, los problemas actuales que enfrenta la Argentina nos demostraron que tenemos que&nbsp;<strong>construir algo nuevo\u201d<\/strong>. La frase, sin duda, es una cr\u00edtica al espacio que pertenece.<\/p>\n\n\n\n<p>Seg\u00fan pudo reconstruir<strong>&nbsp;Infobae,<\/strong>&nbsp;los movimientos populares hace tiempo vienen trabajando por construir un programa pol\u00edtico que lleve al centro de la pol\u00edtica nacional sus realidades para \u201ctransformarlas en propuestas e ideas, ya que no hay una Argentina posible sin la inclusi\u00f3n de las mayor\u00edas, y eso solo ser\u00e1 con el protagonismo y la participaci\u00f3n del pueblo y la comunidad organizada\u201d, escribieron en un comunicado.<\/p>\n\n\n\n<p>Adem\u00e1s de esos ejes de trabajo, los dirigentes sociales volver\u00e1n a manifestarse&nbsp;<strong>en favor de las elecciones PASO.<\/strong><\/p>\n\n\n\n<p>Desde el entorno del Movimiento Evita le adelantaron a este medio que al menos cinco diputados nacionales del Frente de Todos que pertenecen a las organizaciones populares\u00a0<strong>no acompa\u00f1ar\u00e1n una iniciativa para derogar las PASO:<\/strong>\u00a0son\u00a0<strong>Eduardo Toniolli<\/strong>\u00a0y<strong>\u00a0Leonardo Grosso<\/strong>\u00a0del Evita;\u00a0<strong>Natalia Souto<\/strong>, de Somos Barrios de Pie;\u00a0<strong>Juan Carlos Alderete\u00a0<\/strong>y<strong>\u00a0Ver\u00f3nica Caliva<\/strong>, del Partido del Trabajo y del Pueblo (PTP) el brazo pol\u00edtico de la Corriente Clasista y Combativa.<\/p>\n\n\n\n<p>El Movimiento Evita ya tiene experiencia en derrotar en elecciones internas a un pope peronista. En 2019, en Moreno, el intendente&nbsp;<strong>Walter Festa<\/strong>&nbsp;perdi\u00f3 las internas del Frente de Todos a manos de&nbsp;<strong>Mariel Fern\u00e1ndez<\/strong>, dirigente del Evita y pareja de&nbsp;<strong>Esteban \u201cGringo\u201d Castro<\/strong>, el secretario general de la Uni\u00f3n Trabajadores de la Econom\u00eda Popular (UTEP). La intenci\u00f3n es repetir ese logro en otras alcald\u00edas bonaerenses.<\/p>\n\n\n\n<p>La elecci\u00f3n de La Matanza para realizar el \u201ccabildo abierto\u201d el 17 de octubre&nbsp;<strong>no es casual<\/strong>. Es uno de los enclaves peronistas que Los Cayetanos, integrado por la CCC, Somos Barrios de Pie y el Movimiento Evita quieren ganar. All\u00ed gobierna&nbsp;<strong>Fernando Espinoza<\/strong>, adem\u00e1s presidente de la poderosa Federaci\u00f3n Argentina de Municipios (FAM). Desde el retorno de la democracia, en 1983<strong>, La Matanza siempre fue gobernada por el peronismo:&nbsp;<\/strong>Federico Pedro Russo, H\u00e9ctor Cozzi, Francisco Dileva, Alberto Balestrini, Fernando Espinoza, Ver\u00f3nica Magario y otra vez Espinoza.<\/p>\n\n\n\n<p>La pretensi\u00f3n de Los Cayetanos, a trav\u00e9s de su partido pol\u00edtico, es enfrentar al alcalde en las internas del Frente de Todos con la precandidatura a la intendencia de la diputada provincial&nbsp;<strong>Patricia Cubr\u00eda<\/strong>, quien tambi\u00e9n es pareja de Emilio P\u00e9rsico.<\/p>\n\n\n\n<p>Desde hace meses las paredes del distrito electoral m\u00e1s importante de la provincia de Buenos Aires est\u00e1n empapeladas con el rostro de la legisladora.<\/p>\n\n\n\n<p>Espinoza no se conmueve. En privado asegura que P\u00e9rsico y Cubr\u00eda no tienen trabajo territorial y descalifica: \u201c<strong>Solo manejan planes sociales<\/strong>\u201d.<\/p>\n\n\n\n<p>En las \u00faltimas horas el alcalde local se mostr\u00f3 activo, por ejemplo, entreg\u00f3 m\u00e1s de 300 escrituras de viviendas a familias de las localidades de Isidro Casanova, San Justo, Villa Luzuriaga, Ramos Mej\u00eda y La Tablada.<\/p>\n\n\n\n<p>Adem\u00e1s de La Matanza, los movimientos sociales del Frente de Todos aspiran a competir en las PASO del oficialismo en al menos\u00a0<strong>otros 17 distritos bonaerenses.<\/strong><\/p>\n\n\n\n<p><strong>Daniel Men\u00e9ndez<\/strong>, coordinador nacional de Somos Barrios y&nbsp;<strong>subsecretario en el Ministerio de Desarrollo Social<\/strong>&nbsp;ser\u00eda el candidato en el distrito en el que vive, Tres de Febrero, que es gobernado por&nbsp;<strong>Diego Valenzuela<\/strong>&nbsp;(Cambiemos).<\/p>\n\n\n\n<p>En San Mart\u00edn, lo har\u00e1 el diputado Nacional Leonardo Grosso. En Ituzaing\u00f3, est\u00e1 previsto que la candidata a intendenta sea&nbsp;<strong>Natalia \u201cNati\u201d Peluso<\/strong>, actual Directora de Experiencias de Educaci\u00f3n Cooperativa y Comunitaria del Ministerio de Educaci\u00f3n de la Naci\u00f3n.<\/p>\n\n\n\n<p>En Lan\u00fas, otro de los distritos gobernados por Cambiemos a trav\u00e9s de&nbsp;<strong>N\u00e9stor Grindetti<\/strong>, los movimientos sociales apuestan fuerte a&nbsp;<strong>Agust\u00edn Balladares<\/strong>,&nbsp;<strong>Director Nacional de Agenda Pol\u00edtica en Jefatura de Gabinete.<\/strong><\/p>\n\n\n\n<p>El resto de las alcald\u00edas en las que ya tendr\u00edan hombres y mujeres elegidos para disputar las PASO son: Marcos Paz, Navarro, Lobos, Vicente L\u00f3pez, Berazategui, Suipacha, Presidente Per\u00f3n, Rojas, San Nicol\u00e1s, La Costa, Tandil, Chivilcoy y Bragado.<\/p>\n\n\n\n<p>\u201cDesde la lucha de las mujeres, los movimientos populares y el activismo en defensa del medio ambiente&nbsp;<strong>venimos impulsando propuestas para resolver esta profunda crisis<\/strong>\u201d, escribieron en uno de los documentos surgidos de los primeros cabildos abiertos de la militancia. Y pidieron: \u201cQue el Frente de Todos se abra a los conflictos sociales y los transforme en pol\u00edticas de Estado y as\u00ed recuperar el mandato que nos dio el pueblo en el 2019\u2033.<\/p>\n","protected":false},"excerpt":{"rendered":"<p>El \u201ccabildo abierto\u201d ser\u00e1 en La Matanza, mientras la CGT se moviliza dividida y con fuertes internas. Las organizaciones lanzar\u00e1n sus propio espacio pol\u00edtico y pedir\u00e1n que no se suspendan&hellip; <\/p>\n","protected":false},"author":1,"featured_media":11523,"comment_status":"closed","ping_status":"open","sticky":false,"template":"","format":"standard","meta":{"footnotes":""},"categories":[3],"tags":[],"class_list":["post-11520","post","type-post","status-publish","format-standard","has-post-thumbnail","hentry","category-politica"],"_links":{"self":[{"href":"https:\/\/corrientesdetarde.com\/index.php\/wp-json\/wp\/v2\/posts\/11520","targetHints":{"allow":["GET"]}}],"collection":[{"href":"https:\/\/corrientesdetarde.com\/index.php\/wp-json\/wp\/v2\/posts"}],"about":[{"href":"https:\/\/corrientesdetarde.com\/index.php\/wp-json\/wp\/v2\/types\/post"}],"author":[{"embeddable":true,"href":"https:\/\/corrientesdetarde.com\/index.php\/wp-json\/wp\/v2\/users\/1"}],"replies":[{"embeddable":true,"href":"https:\/\/corrientesdetarde.com\/index.php\/wp-json\/wp\/v2\/comments?post=11520"}],"version-history":[{"count":1,"href":"https:\/\/corrientesdetarde.com\/index.php\/wp-json\/wp\/v2\/posts\/11520\/revisions"}],"predecessor-version":[{"id":11524,"href":"https:\/\/corrientesdetarde.com\/index.php\/wp-json\/wp\/v2\/posts\/11520\/revisions\/11524"}],"wp:featuredmedia":[{"embeddable":true,"href":"https:\/\/corrientesdetarde.com\/index.php\/wp-json\/wp\/v2\/media\/11523"}],"wp:attachment":[{"href":"https:\/\/corrientesdetarde.com\/index.php\/wp-json\/wp\/v2\/media?parent=11520"}],"wp:term":[{"taxonomy":"category","embeddable":true,"href":"https:\/\/corrientesdetarde.com\/index.php\/wp-json\/wp\/v2\/categories?post=11520"},{"taxonomy":"post_tag","embeddable":true,"href":"https:\/\/corrientesdetarde.com\/index.php\/wp-json\/wp\/v2\/tags?post=11520"}],"curies":[{"name":"wp","href":"https:\/\/api.w.org\/{rel}","templated":true}]}}