{"id":115221,"date":"2023-12-30T16:34:40","date_gmt":"2023-12-30T19:34:40","guid":{"rendered":"https:\/\/corrientesdetarde.com\/?p=115221"},"modified":"2023-12-30T16:35:03","modified_gmt":"2023-12-30T19:35:03","slug":"una-ninera-asesino-a-golpes-a-una-nena-de-5-anos-y-se-fue-a-dormir-estaba-harta","status":"publish","type":"post","link":"https:\/\/corrientesdetarde.com\/index.php\/internacionales\/una-ninera-asesino-a-golpes-a-una-nena-de-5-anos-y-se-fue-a-dormir-estaba-harta\/","title":{"rendered":"Una ni\u00f1era asesin\u00f3 a golpes a una nena de 5 a\u00f1os y se fue a dormir: \u201cEstaba harta\u201d"},"content":{"rendered":"\n<p>Una<strong>\u00a0ni\u00f1era fue detenida y acusada de asesinar a golpes a una nena de 5 a\u00f1os<\/strong>\u00a0que cuidaba en una casa de Utah,\u00a0<strong>Estados Unidos<\/strong>. Al momento del hecho, llam\u00f3 a la polic\u00eda y dijo que la menor de edad se hab\u00eda ca\u00eddo de las escaleras.<\/p>\n\n\n\n<p>Tras la llegada de los m\u00e9dicos, la encontraron inconsciente y con\u00a0<strong>lesiones \u201cinconsistentes\u201d\u00a0<\/strong>con la historia que hab\u00eda contado la agresora. Por esta raz\u00f3n, los oficiales detuvieron a Cheri Lynn Marler, como fue identificada, y la acusaron de\u00a0<strong>asesinato\u00a0<\/strong>y\u00a0<strong>abuso infantil<\/strong>.<\/p>\n\n\n\n<p>De acuerdo a lo que informaron las autoridades, Annabelle, la v\u00edctima, fue trasladada en helic\u00f3ptero a un hospital infantil, aunque<strong>&nbsp;muri\u00f3 al d\u00eda siguiente&nbsp;<\/strong>por la gravedad de sus heridas.<\/p>\n\n\n\n<p>Por otra parte, Marler fue interrogada por la polic\u00eda y admiti\u00f3 haberla asesinado. Incluso, detall\u00f3 que<strong>&nbsp;la golpe\u00f3 en la cabeza entre cinco y diez veces<\/strong>,&nbsp;<strong>y que despu\u00e9s se acost\u00f3 a dormir<\/strong>. Al levantarse, descubri\u00f3 que la menor estaba tirada en el sill\u00f3n y que no respiraba, por lo cual se desesper\u00f3 y llam\u00f3 a la polic\u00eda.<\/p>\n\n\n\n<figure class=\"wp-block-image\"><img decoding=\"async\" src=\"https:\/\/tn.com.ar\/resizer\/lmhdmSynI4ADKNNVfyRh_8B4PB8=\/767x0\/smart\/filters:format(webp)\/cloudfront-us-east-1.images.arcpublishing.com\/artear\/VX6IZNBIC5CVDIRG3GXZ7CKZK4.PNG\" alt=\"La nena de 5 a\u00f1os muri\u00f3 al d\u00eda siguiente del ataque. (Foto: The Sun)\"\/><figcaption>La nena de 5 a\u00f1os muri\u00f3 al d\u00eda siguiente del ataque. (Foto: The Sun)<\/figcaption><\/figure>\n\n\n\n<p>Un conocido de la atacante revel\u00f3 que ella hab\u00eda confesado que \u201codiaba\u201d a la v\u00edctima, que \u201cestaba harta\u201d de ella y que \u201csolo quer\u00eda matarla\u201d.<\/p>\n\n\n\n<p>Finalmente, los resultados de la autopsia revelaron que la ni\u00f1a muri\u00f3 por los golpes, ya que ten\u00eda una gran cantidad de\u00a0<strong>hematomas\u00a0<\/strong>y\u00a0<strong>cortes\u00a0<\/strong>en todo el cuerpo.<\/p>\n\n\n\n<p>Ante la tragedia, la madre de la nena, Kayla Kartchner, hizo una publicaci\u00f3n en sus redes sociales para compartir su dolor y enojo: \u201cEspero que obtengas lo que te merec\u00e9s en la c\u00e1rcel. Mi hija muri\u00f3 en mi brazos y vos mentiste que se cay\u00f3 por las escaleras.&nbsp;<strong>Estamos destrozados<\/strong>\u201d.<\/p>\n\n\n\n<p>Si bien el crimen se produjo en noviembre del 2022, el juicio tiene fecha para el pr\u00f3ximo 22 de enero. Mientras tanto, Marler permanece detenida sin derecho a fianza.<\/p>\n","protected":false},"excerpt":{"rendered":"<p>Una\u00a0ni\u00f1era fue detenida y acusada de asesinar a golpes a una nena de 5 a\u00f1os\u00a0que cuidaba en una casa de Utah,\u00a0Estados Unidos. Al momento del hecho, llam\u00f3 a la polic\u00eda&hellip; <\/p>\n","protected":false},"author":12,"featured_media":115251,"comment_status":"closed","ping_status":"open","sticky":false,"template":"","format":"standard","meta":{"footnotes":""},"categories":[11],"tags":[],"class_list":["post-115221","post","type-post","status-publish","format-standard","has-post-thumbnail","hentry","category-internacionales"],"_links":{"self":[{"href":"https:\/\/corrientesdetarde.com\/index.php\/wp-json\/wp\/v2\/posts\/115221","targetHints":{"allow":["GET"]}}],"collection":[{"href":"https:\/\/corrientesdetarde.com\/index.php\/wp-json\/wp\/v2\/posts"}],"about":[{"href":"https:\/\/corrientesdetarde.com\/index.php\/wp-json\/wp\/v2\/types\/post"}],"author":[{"embeddable":true,"href":"https:\/\/corrientesdetarde.com\/index.php\/wp-json\/wp\/v2\/users\/12"}],"replies":[{"embeddable":true,"href":"https:\/\/corrientesdetarde.com\/index.php\/wp-json\/wp\/v2\/comments?post=115221"}],"version-history":[{"count":2,"href":"https:\/\/corrientesdetarde.com\/index.php\/wp-json\/wp\/v2\/posts\/115221\/revisions"}],"predecessor-version":[{"id":115254,"href":"https:\/\/corrientesdetarde.com\/index.php\/wp-json\/wp\/v2\/posts\/115221\/revisions\/115254"}],"wp:featuredmedia":[{"embeddable":true,"href":"https:\/\/corrientesdetarde.com\/index.php\/wp-json\/wp\/v2\/media\/115251"}],"wp:attachment":[{"href":"https:\/\/corrientesdetarde.com\/index.php\/wp-json\/wp\/v2\/media?parent=115221"}],"wp:term":[{"taxonomy":"category","embeddable":true,"href":"https:\/\/corrientesdetarde.com\/index.php\/wp-json\/wp\/v2\/categories?post=115221"},{"taxonomy":"post_tag","embeddable":true,"href":"https:\/\/corrientesdetarde.com\/index.php\/wp-json\/wp\/v2\/tags?post=115221"}],"curies":[{"name":"wp","href":"https:\/\/api.w.org\/{rel}","templated":true}]}}