{"id":115257,"date":"2023-12-30T17:06:43","date_gmt":"2023-12-30T20:06:43","guid":{"rendered":"https:\/\/corrientesdetarde.com\/?p=115257"},"modified":"2023-12-30T17:07:55","modified_gmt":"2023-12-30T20:07:55","slug":"los-alimentos-aumentaron-361-en-diciembre-los-10-productos-que-mas-subieron","status":"publish","type":"post","link":"https:\/\/corrientesdetarde.com\/index.php\/economia\/los-alimentos-aumentaron-361-en-diciembre-los-10-productos-que-mas-subieron\/","title":{"rendered":"Los alimentos aumentaron 36,1% en diciembre: los 10 productos que m\u00e1s subieron"},"content":{"rendered":"\n<p>En diciembre, la escalada de\u00a0<strong>precios en los alimentos<\/strong>\u00a0no se detuvo. Las proyecciones de los analistas sobre la\u00a0<strong>inflaci\u00f3n<\/strong>\u00a0del \u00faltimo mes del a\u00f1o se ubican por\u00a0<strong>encima del 30%<\/strong>. En algunos casos, se\u00f1alan que ese \u00edndice se acercar\u00eda al 40%. El dato oficial que publica el INDEC y que ser\u00e1 el primero del gobierno de Javier Milei, se conocer\u00e1 reci\u00e9n el 11 de enero de 2024.<\/p>\n\n\n\n<p>El \u00faltimo relevamiento de inflaci\u00f3n en alimentos que elabora la consultora\u00a0<em>LCG\u00a0<\/em>registr\u00f3 un alza del\u00a0<strong>7,1%<\/strong>\u00a0en los productos de la canasta b\u00e1sica en los \u00faltimos siete d\u00edas del a\u00f1o y\u00a0<strong>cerr\u00f3 diciembre\u00a0<\/strong>con un salto del\u00a0<strong>36,1%<\/strong>.<\/p>\n\n\n\n<p>Los alimentos que m\u00e1s aumentaron en la \u00faltima semana del mes fueron el&nbsp;<strong>aceite<\/strong>, las&nbsp;<strong>verduras&nbsp;<\/strong>y los<strong>&nbsp;condimentos<\/strong>.<\/p>\n\n\n\n<h2 class=\"wp-block-heading\">Inflaci\u00f3n: los diez alimentos que m\u00e1s aumentaron en diciembre<\/h2>\n\n\n\n<p>En las \u00faltimas cuatro semanas, los\u00a0<strong>alimentos<\/strong>\u00a0se incrementaron\u00a0<strong>27,1%<\/strong>\u00a0y<strong>\u00a036,1%<\/strong>\u00a0de punta a punta, de acuerdo con el informe de<em>\u00a0LCG<\/em>. Estos son los productos que sufrieron remarcaciones en diciembre:<\/p>\n\n\n\n<ul class=\"wp-block-list\"><li><strong>L\u00e1cteos y huevos<\/strong>: 35,8%;<\/li><li><strong>Bebidas e infusiones<\/strong>: 32,7%;<\/li><li><strong>Aceites<\/strong>: 32,3%;<\/li><li><strong>Carnes<\/strong>: 28,9%;<\/li><li><strong>Condimentos y otros productos alimenticios<\/strong>: 26,8%;<\/li><li><strong>Pan, cereales y pastas<\/strong>: 25,6%;<\/li><li><strong>Az\u00facar<\/strong>: 22,2%;<\/li><li><strong>Verduras<\/strong>: 17,6%;<\/li><li><strong>Comidas listas para llevar<\/strong>: 16,6%;<\/li><li><strong>Frutas<\/strong>: 13,1%.<\/li><\/ul>\n\n\n\n<figure class=\"wp-block-image\"><img decoding=\"async\" src=\"https:\/\/tn.com.ar\/resizer\/oDUIFBcI0Ycd2y4p0uajUpNoj6Y=\/767x0\/smart\/filters:format(webp)\/cloudfront-us-east-1.images.arcpublishing.com\/artear\/2MYSGMTSFZA5THPERO4ZZLYZCA.jpg\" alt=\"En las \u00faltimas cuatro semanas, los alimentos se incrementaron 27,1% y 36,1% de punta a punta de acuerdo al informe de LCG. (Foto: TN\/Agustina Rib\u00f3).\"\/><figcaption>En las \u00faltimas cuatro semanas, los alimentos se incrementaron 27,1% y 36,1% de punta a punta de acuerdo al informe de LCG. (Foto: TN\/Agustina Rib\u00f3).<\/figcaption><\/figure>\n\n\n\n<h2 class=\"wp-block-heading\">Cu\u00e1l es la cifra de inflaci\u00f3n que estiman las consultoras para diciembre de 2023<\/h2>\n\n\n\n<p>De acuerdo con los datos de la consultora<em>LCG<\/em>, los<strong>\u00a0precios de los alimentos<\/strong>\u00a0escalaron un\u00a0<strong>7,1%<\/strong>\u00a0y cerraron diciembre en\u00a0<strong>27,1%<\/strong>\u00a0y<strong>\u00a036,1% de punta a punta<\/strong>\u00a0en las \u00faltimas cuatro semanas. Seg\u00fan el relevamiento, el \u00faltimo mes registr\u00f3 el\u00a0<strong>mayor dato de\u00a0inflaci\u00f3n<\/strong>\u00a0<strong>del a\u00f1o<\/strong>\u00a0en los productos de la canasta b\u00e1sica.<\/p>\n\n\n\n<p>El director de la consultora\u00a0<em>C&amp;T<\/em>, Camilo Tiscornia explic\u00f3 a\u00a0<strong>TN\u00a0<\/strong>que la\u00a0<strong>escalada de precios<\/strong>\u00a0se ubicar\u00e1 cerca del\u00a0<strong>25%\u00a0<\/strong>en diciembre y que la variaci\u00f3n interanual se ubicar\u00e1 en\u00a0<strong>205%<\/strong>.<\/p>\n\n\n\n<p>Por su parte, el Centro de Estudios Econ\u00f3micos y Sociales Scalabrini Ortiz (CESO), midi\u00f3 una inflaci\u00f3n semanal del 8,1% en la semana 18 al 25 y cierra diciembre con un alza del&nbsp;<strong>32,8%<\/strong>.Para&nbsp;<em>ABECEB<\/em>, los analistas proyectaron una aceleraci\u00f3n del<strong>&nbsp;31,2%<\/strong>&nbsp;para el \u00faltimo mes del a\u00f1o. En<em>&nbsp;Analytica<\/em>, prev\u00e9n que diciembre finalizar\u00e1 con una inflaci\u00f3n del&nbsp;<strong>29%<\/strong>.<\/p>\n\n\n\n<p>En tanto, la consultora&nbsp;<em>EconoViews&nbsp;<\/em>estim\u00f3 que la aceleraci\u00f3n de precios es menor: la variaci\u00f3n alcanzar\u00eda el&nbsp;<strong>25%&nbsp;<\/strong>en diciembre.<\/p>\n","protected":false},"excerpt":{"rendered":"<p>En diciembre, la escalada de\u00a0precios en los alimentos\u00a0no se detuvo. Las proyecciones de los analistas sobre la\u00a0inflaci\u00f3n\u00a0del \u00faltimo mes del a\u00f1o se ubican por\u00a0encima del 30%. En algunos casos, se\u00f1alan&hellip; <\/p>\n","protected":false},"author":12,"featured_media":115277,"comment_status":"closed","ping_status":"open","sticky":false,"template":"","format":"standard","meta":{"footnotes":""},"categories":[20],"tags":[],"class_list":["post-115257","post","type-post","status-publish","format-standard","has-post-thumbnail","hentry","category-economia"],"_links":{"self":[{"href":"https:\/\/corrientesdetarde.com\/index.php\/wp-json\/wp\/v2\/posts\/115257","targetHints":{"allow":["GET"]}}],"collection":[{"href":"https:\/\/corrientesdetarde.com\/index.php\/wp-json\/wp\/v2\/posts"}],"about":[{"href":"https:\/\/corrientesdetarde.com\/index.php\/wp-json\/wp\/v2\/types\/post"}],"author":[{"embeddable":true,"href":"https:\/\/corrientesdetarde.com\/index.php\/wp-json\/wp\/v2\/users\/12"}],"replies":[{"embeddable":true,"href":"https:\/\/corrientesdetarde.com\/index.php\/wp-json\/wp\/v2\/comments?post=115257"}],"version-history":[{"count":2,"href":"https:\/\/corrientesdetarde.com\/index.php\/wp-json\/wp\/v2\/posts\/115257\/revisions"}],"predecessor-version":[{"id":115291,"href":"https:\/\/corrientesdetarde.com\/index.php\/wp-json\/wp\/v2\/posts\/115257\/revisions\/115291"}],"wp:featuredmedia":[{"embeddable":true,"href":"https:\/\/corrientesdetarde.com\/index.php\/wp-json\/wp\/v2\/media\/115277"}],"wp:attachment":[{"href":"https:\/\/corrientesdetarde.com\/index.php\/wp-json\/wp\/v2\/media?parent=115257"}],"wp:term":[{"taxonomy":"category","embeddable":true,"href":"https:\/\/corrientesdetarde.com\/index.php\/wp-json\/wp\/v2\/categories?post=115257"},{"taxonomy":"post_tag","embeddable":true,"href":"https:\/\/corrientesdetarde.com\/index.php\/wp-json\/wp\/v2\/tags?post=115257"}],"curies":[{"name":"wp","href":"https:\/\/api.w.org\/{rel}","templated":true}]}}