{"id":115259,"date":"2023-12-30T17:06:36","date_gmt":"2023-12-30T20:06:36","guid":{"rendered":"https:\/\/corrientesdetarde.com\/?p=115259"},"modified":"2023-12-30T17:07:46","modified_gmt":"2023-12-30T20:07:46","slug":"fatima-florez-se-emociono-por-la-presencia-de-javier-milei-en-el-teatro-y-hablo-de-su-beso-fue-muy-fuerte","status":"publish","type":"post","link":"https:\/\/corrientesdetarde.com\/index.php\/espectaculos\/fatima-florez-se-emociono-por-la-presencia-de-javier-milei-en-el-teatro-y-hablo-de-su-beso-fue-muy-fuerte\/","title":{"rendered":"F\u00e1tima Florez se emocion\u00f3 por la presencia de Javier Milei en el teatro y habl\u00f3 de su beso: \u201cFue muy fuerte\u201d"},"content":{"rendered":"\n<p><strong>Javier Milei<\/strong>\u00a0cumpli\u00f3 la promesa que le hizo a F\u00e1tima Florez y viaj\u00f3 a Mar del Plata para ver su nueva obra de teatro. Despu\u00e9s de vivir un apasionado momento en el escenario, cuando el presidente se subi\u00f3 y la bes\u00f3, la actriz no ocult\u00f3 su emoci\u00f3n.<\/p>\n\n\n\n<p>Al aire de\u00a0<em>Polino Aut\u00e9ntico (Radio Mitre)<\/em>,\u00a0coment\u00f3 lo feliz que est\u00e1 con todo lo que le est\u00e1 pasando: \u201cEstoy feliz Marce,<strong>\u00a0acabamos de vivir un momento incre\u00edble<\/strong>, se subi\u00f3 Javier arriba del escenario a pedido del p\u00fablico, la gente ovacion\u00f3, am\u00f3 ese momento y\u00a0<strong>se vino un gran beso que dur\u00f3, fue fuerte.<\/strong>\u00a0<strong>Estoy muy emocionada, fue un d\u00eda incre\u00edble\u201d.<\/strong><\/p>\n\n\n\n<p>Acto seguido, el periodista, que forma parte de la obra&nbsp;<em>F\u00e1tima 100%<\/em>, la mand\u00f3 al frente: \u201cDesde ayer que estabas como una quincea\u00f1era,&nbsp;<strong>muy nerviosa para que todo saliera perfecto y sali\u00f3 perfecto\u201d.<\/strong>&nbsp;Sin ocultar su satisfacci\u00f3n, la artista coment\u00f3: \u201cSali\u00f3 perfecto, fue la mejor, desde el debut sali\u00f3 todo b\u00e1rbaro.&nbsp;<strong>Esta tuvo esa cosa especial que vino Javier y est\u00e1bamos todos muy nerviosos, bailarines, m\u00fasicos\u201d.<\/strong><\/p>\n\n\n\n<p><strong>\u201cFue un d\u00eda inolvidable que va a quedar marcado para toda la vida.&nbsp;<\/strong>Que venga tu novio y que encima sea el presidente de Argentina es muy fuerte y doy gracias a Dios por este momento vivido\u201d, agreg\u00f3 F\u00e1tima Fl\u00f3rez visiblemente emocionada y agradecida por el gesto de su pareja.<\/p>\n\n\n\n<p>Para cerrar la entrevista, lanz\u00f3: \u201c<strong>Estaba muy feliz de que \u00e9l estuviera presenciando el show y lo miraba, despu\u00e9s ya en el final rompi\u00f3 todo. Ahora vamos por m\u00e1s\u201d.<\/strong><\/p>\n","protected":false},"excerpt":{"rendered":"<p>Javier Milei\u00a0cumpli\u00f3 la promesa que le hizo a F\u00e1tima Florez y viaj\u00f3 a Mar del Plata para ver su nueva obra de teatro. Despu\u00e9s de vivir un apasionado momento en&hellip; <\/p>\n","protected":false},"author":12,"featured_media":115275,"comment_status":"closed","ping_status":"open","sticky":false,"template":"","format":"standard","meta":{"footnotes":""},"categories":[19],"tags":[],"class_list":["post-115259","post","type-post","status-publish","format-standard","has-post-thumbnail","hentry","category-espectaculos"],"_links":{"self":[{"href":"https:\/\/corrientesdetarde.com\/index.php\/wp-json\/wp\/v2\/posts\/115259","targetHints":{"allow":["GET"]}}],"collection":[{"href":"https:\/\/corrientesdetarde.com\/index.php\/wp-json\/wp\/v2\/posts"}],"about":[{"href":"https:\/\/corrientesdetarde.com\/index.php\/wp-json\/wp\/v2\/types\/post"}],"author":[{"embeddable":true,"href":"https:\/\/corrientesdetarde.com\/index.php\/wp-json\/wp\/v2\/users\/12"}],"replies":[{"embeddable":true,"href":"https:\/\/corrientesdetarde.com\/index.php\/wp-json\/wp\/v2\/comments?post=115259"}],"version-history":[{"count":2,"href":"https:\/\/corrientesdetarde.com\/index.php\/wp-json\/wp\/v2\/posts\/115259\/revisions"}],"predecessor-version":[{"id":115289,"href":"https:\/\/corrientesdetarde.com\/index.php\/wp-json\/wp\/v2\/posts\/115259\/revisions\/115289"}],"wp:featuredmedia":[{"embeddable":true,"href":"https:\/\/corrientesdetarde.com\/index.php\/wp-json\/wp\/v2\/media\/115275"}],"wp:attachment":[{"href":"https:\/\/corrientesdetarde.com\/index.php\/wp-json\/wp\/v2\/media?parent=115259"}],"wp:term":[{"taxonomy":"category","embeddable":true,"href":"https:\/\/corrientesdetarde.com\/index.php\/wp-json\/wp\/v2\/categories?post=115259"},{"taxonomy":"post_tag","embeddable":true,"href":"https:\/\/corrientesdetarde.com\/index.php\/wp-json\/wp\/v2\/tags?post=115259"}],"curies":[{"name":"wp","href":"https:\/\/api.w.org\/{rel}","templated":true}]}}