{"id":11526,"date":"2022-10-15T18:12:35","date_gmt":"2022-10-15T21:12:35","guid":{"rendered":"https:\/\/corrientesdetarde.com\/?p=11526"},"modified":"2022-10-15T18:12:39","modified_gmt":"2022-10-15T21:12:39","slug":"una-nena-de-3-anos-esta-grave-creen-que-fue-abusada-e-investigan-a-sus-padres","status":"publish","type":"post","link":"https:\/\/corrientesdetarde.com\/index.php\/crimen-y-justicia\/una-nena-de-3-anos-esta-grave-creen-que-fue-abusada-e-investigan-a-sus-padres\/","title":{"rendered":"<strong>Una nena de 3 a\u00f1os est\u00e1 grave, creen que fue abusada e investigan a sus padres<\/strong>"},"content":{"rendered":"\n<p>La v\u00edctima permanece internada e intubada, con politraumatismos y aparente da\u00f1o neurol\u00f3gico, en el hospital Castro Rend\u00f3n de Neuqu\u00e9n. La fiscal\u00eda investiga.<a href=\"https:\/\/www.facebook.com\/sharer\/sharer.php?u=https%3A%2F%2Fwww.lmneuquen.com%2Fc957143\">&nbsp;<\/a><\/p>\n\n\n\n<p>La internaci\u00f3n de una ni\u00f1a de 3 a\u00f1os en estado cr\u00edtico parece haber destapado el horror una vez m\u00e1s en Neuqu\u00e9n. La v\u00edctima presenta lesiones compatibles con un grave maltrato f\u00edsico y abuso sexual, y sus padres quedaron en la mira de la Justicia.<\/p>\n\n\n\n<p>Seg\u00fan la informaci\u00f3n que pudo conocer LMNeuqu\u00e9n, la ni\u00f1a qued\u00f3 internada el viernes por la noche en el Hospital Castro Rend\u00f3n, a donde se la deriv\u00f3 dada la gravedad de su cuadro.<\/p>\n\n\n\n<p>Inicialmente, su padre fue quien la traslad\u00f3 hasta el Hospital Heller, luego de arribar al domicilio que compart\u00eda con su pareja e hijos y encontrar a la nena de 3 a\u00f1os con dificultades para respirar.<\/p>\n\n\n\n<p>Durante las primeras asistencias a la v\u00edctima, los m\u00e9dicos detectaron traumatismo de cr\u00e1neo, pelvis y cadera de la ni\u00f1a. Adem\u00e1s, de hematomas en varias partes del cuerpo y otras lesiones menores, lo que hac\u00eda pensar en que la ni\u00f1a hab\u00eda recibido una golpiza.<\/p>\n\n\n\n<p>No obstante, sus signos vitales preocupaban, por lo que se le debi\u00f3 colocar suero y realizarle una intubaci\u00f3n endotraqueal al detectarse que tampoco pod\u00eda respirar por s\u00ed misma. Luego, se la deriv\u00f3 al centro de mayor complejidad.<\/p>\n\n\n\n<p>Por disposici\u00f3n de la fiscal de G\u00e9nero y Violencia Dom\u00e9stica, Carolina Mauri, y de la Defensora de los Derechos del Ni\u00f1o, M\u00f3nica Palomba, se dispuso la detenci\u00f3n de la madre de la ni\u00f1a y luego la separaci\u00f3n de otro hijo de 4 del seno familiar como medida preventiva.<\/p>\n\n\n\n<p>Lo que agrava la situaci\u00f3n es que, realizando un chequeo m\u00e1s exhaustivo a la nena, los m\u00e9dicos del Castro descubrieron lo que parecen ser lesiones compatibles con un abuso sexual.<\/p>\n\n\n\n<p>Por este motivo, se espera la evoluci\u00f3n de la salud de la v\u00edctima, se planea un allanamiento a la vivienda que compart\u00eda con su familia y se investiga a los progenitores.<\/p>\n","protected":false},"excerpt":{"rendered":"<p>La v\u00edctima permanece internada e intubada, con politraumatismos y aparente da\u00f1o neurol\u00f3gico, en el hospital Castro Rend\u00f3n de Neuqu\u00e9n. La fiscal\u00eda investiga.&nbsp; La internaci\u00f3n de una ni\u00f1a de 3 a\u00f1os&hellip; <\/p>\n","protected":false},"author":1,"featured_media":11527,"comment_status":"closed","ping_status":"open","sticky":false,"template":"","format":"standard","meta":{"footnotes":""},"categories":[5],"tags":[],"class_list":["post-11526","post","type-post","status-publish","format-standard","has-post-thumbnail","hentry","category-crimen-y-justicia"],"_links":{"self":[{"href":"https:\/\/corrientesdetarde.com\/index.php\/wp-json\/wp\/v2\/posts\/11526","targetHints":{"allow":["GET"]}}],"collection":[{"href":"https:\/\/corrientesdetarde.com\/index.php\/wp-json\/wp\/v2\/posts"}],"about":[{"href":"https:\/\/corrientesdetarde.com\/index.php\/wp-json\/wp\/v2\/types\/post"}],"author":[{"embeddable":true,"href":"https:\/\/corrientesdetarde.com\/index.php\/wp-json\/wp\/v2\/users\/1"}],"replies":[{"embeddable":true,"href":"https:\/\/corrientesdetarde.com\/index.php\/wp-json\/wp\/v2\/comments?post=11526"}],"version-history":[{"count":1,"href":"https:\/\/corrientesdetarde.com\/index.php\/wp-json\/wp\/v2\/posts\/11526\/revisions"}],"predecessor-version":[{"id":11528,"href":"https:\/\/corrientesdetarde.com\/index.php\/wp-json\/wp\/v2\/posts\/11526\/revisions\/11528"}],"wp:featuredmedia":[{"embeddable":true,"href":"https:\/\/corrientesdetarde.com\/index.php\/wp-json\/wp\/v2\/media\/11527"}],"wp:attachment":[{"href":"https:\/\/corrientesdetarde.com\/index.php\/wp-json\/wp\/v2\/media?parent=11526"}],"wp:term":[{"taxonomy":"category","embeddable":true,"href":"https:\/\/corrientesdetarde.com\/index.php\/wp-json\/wp\/v2\/categories?post=11526"},{"taxonomy":"post_tag","embeddable":true,"href":"https:\/\/corrientesdetarde.com\/index.php\/wp-json\/wp\/v2\/tags?post=11526"}],"curies":[{"name":"wp","href":"https:\/\/api.w.org\/{rel}","templated":true}]}}