{"id":115262,"date":"2023-12-30T17:05:41","date_gmt":"2023-12-30T20:05:41","guid":{"rendered":"https:\/\/corrientesdetarde.com\/?p=115262"},"modified":"2023-12-30T17:05:52","modified_gmt":"2023-12-30T20:05:52","slug":"el-gobierno-de-corrientes-asiste-a-bella-vista-por-las-perdidas-sufridas-en-el-temporal","status":"publish","type":"post","link":"https:\/\/corrientesdetarde.com\/index.php\/informacion-general\/el-gobierno-de-corrientes-asiste-a-bella-vista-por-las-perdidas-sufridas-en-el-temporal\/","title":{"rendered":"<strong>El Gobierno de Corrientes asiste a Bella Vista por las p\u00e9rdidas sufridas en el temporal<\/strong>"},"content":{"rendered":"\n<p>Por el fuerte temporal que azot\u00f3 a Bella Vista, que provoc\u00f3 destrozos y p\u00e9rdidas en toda la ciudad, las distintas \u00e1reas del Gobierno de la Provincia de Corrientes se encuentran trabajando junto al Municipio local, realizando distintas tareas de relevamiento y asistencia. &#8220;Todav\u00eda queda mucho trabajo por hacer&#8221;, sostuvo al respecto el subdirector de Defensa Civil, Bruno Lovinson.<\/p>\n\n\n\n<p>En este contexto, el Comando de Operaciones de Emergencia de la Provincia (COE), junto a personal de Defensa Civil, Bomberos, integrantes de los ministerios de Seguridad, de Desarrollo Social, Salud P\u00fablica, y de la DPEC, siguen recorriendo la zona urbana y rural en pos de restablecer los servicios.<\/p>\n\n\n\n<p>En representaci\u00f3n del Gobierno de Corrientes, acudieron a la localidad el vicegobernador Pedro Braillard Poccard, los ministros de: Desarrollo Social, Ad\u00e1n Gaya; de Seguridad, Buenaventura Duarte, y el subdirector de Defensa Civil, Bruno Lovinson, quienes fueron recibidos por la intendente local, Noelia Bazzi para recorrer las zonas afectadas.<\/p>\n\n\n\n<p><strong>Declaraciones de Lovinson<\/strong><\/p>\n\n\n\n<p>El coordinador del COE, Bruno Lovinson declar\u00f3, al ser consultado, que &#8220;hay m\u00e1s de 400 casas da\u00f1adas en la localidad de Bella Vista y se est\u00e1 evaluando el da\u00f1o en la zona rural&#8221;. Asimismo, inform\u00f3 que &#8220;se ha restituido alrededor del 40-50% del servicio de energ\u00eda y el suministro de agua&#8221;, y &#8220;se han despejado los \u00e1rboles de las calles y avenidas&#8221;.<\/p>\n\n\n\n<p>Adem\u00e1s, el funcionario apunt\u00f3 que &#8220;se est\u00e1n reconstruyendo los techos de las casas da\u00f1adas&#8221;, y &#8220;hay alrededor de 300 efectivos trabajando en la emergencia, incluyendo polic\u00edas, bomberos voluntarios, Ej\u00e9rcito argentino y personal de las cooperativas de Luz y Salud P\u00fablica&#8221;.<\/p>\n\n\n\n<p>&#8220;Todav\u00eda queda mucho trabajo por hacer para dejar la ciudad en condiciones \u00f3ptimas&#8221;, finaliz\u00f3 Lovinson.<\/p>\n\n\n\n<figure class=\"wp-block-gallery has-nested-images columns-default is-cropped wp-block-gallery-1 is-layout-flex wp-block-gallery-is-layout-flex\">\n<figure class=\"wp-block-image size-large\"><img loading=\"lazy\" decoding=\"async\" width=\"1024\" height=\"682\" data-id=\"115264\" src=\"https:\/\/corrientesdetarde.com\/wp-content\/uploads\/2023\/12\/20231230_162419-1024x682.jpg\" alt=\"\" class=\"wp-image-115264\" srcset=\"https:\/\/corrientesdetarde.com\/wp-content\/uploads\/2023\/12\/20231230_162419-1024x682.jpg 1024w, https:\/\/corrientesdetarde.com\/wp-content\/uploads\/2023\/12\/20231230_162419-300x200.jpg 300w, https:\/\/corrientesdetarde.com\/wp-content\/uploads\/2023\/12\/20231230_162419-768x512.jpg 768w, https:\/\/corrientesdetarde.com\/wp-content\/uploads\/2023\/12\/20231230_162419.jpg 1280w\" sizes=\"auto, (max-width: 1024px) 100vw, 1024px\" \/><\/figure>\n\n\n\n<figure class=\"wp-block-image size-large\"><img loading=\"lazy\" decoding=\"async\" width=\"1024\" height=\"682\" data-id=\"115265\" src=\"https:\/\/corrientesdetarde.com\/wp-content\/uploads\/2023\/12\/20231230_162424-1024x682.jpg\" alt=\"\" class=\"wp-image-115265\" srcset=\"https:\/\/corrientesdetarde.com\/wp-content\/uploads\/2023\/12\/20231230_162424-1024x682.jpg 1024w, https:\/\/corrientesdetarde.com\/wp-content\/uploads\/2023\/12\/20231230_162424-300x200.jpg 300w, https:\/\/corrientesdetarde.com\/wp-content\/uploads\/2023\/12\/20231230_162424-768x512.jpg 768w, https:\/\/corrientesdetarde.com\/wp-content\/uploads\/2023\/12\/20231230_162424.jpg 1280w\" sizes=\"auto, (max-width: 1024px) 100vw, 1024px\" \/><\/figure>\n\n\n\n<figure class=\"wp-block-image size-large\"><img loading=\"lazy\" decoding=\"async\" width=\"1024\" height=\"682\" data-id=\"115263\" src=\"https:\/\/corrientesdetarde.com\/wp-content\/uploads\/2023\/12\/20231230_162411-1024x682.jpg\" alt=\"\" class=\"wp-image-115263\" srcset=\"https:\/\/corrientesdetarde.com\/wp-content\/uploads\/2023\/12\/20231230_162411-1024x682.jpg 1024w, https:\/\/corrientesdetarde.com\/wp-content\/uploads\/2023\/12\/20231230_162411-300x200.jpg 300w, https:\/\/corrientesdetarde.com\/wp-content\/uploads\/2023\/12\/20231230_162411-768x512.jpg 768w, https:\/\/corrientesdetarde.com\/wp-content\/uploads\/2023\/12\/20231230_162411.jpg 1280w\" sizes=\"auto, (max-width: 1024px) 100vw, 1024px\" \/><\/figure>\n<\/figure>\n\n\n\n<figure class=\"wp-block-image size-large\"><img loading=\"lazy\" decoding=\"async\" width=\"1024\" height=\"682\" src=\"https:\/\/corrientesdetarde.com\/wp-content\/uploads\/2023\/12\/20231230_162413-1024x682.jpg\" alt=\"\" class=\"wp-image-115267\" srcset=\"https:\/\/corrientesdetarde.com\/wp-content\/uploads\/2023\/12\/20231230_162413-1024x682.jpg 1024w, https:\/\/corrientesdetarde.com\/wp-content\/uploads\/2023\/12\/20231230_162413-300x200.jpg 300w, https:\/\/corrientesdetarde.com\/wp-content\/uploads\/2023\/12\/20231230_162413-768x512.jpg 768w, https:\/\/corrientesdetarde.com\/wp-content\/uploads\/2023\/12\/20231230_162413.jpg 1280w\" sizes=\"auto, (max-width: 1024px) 100vw, 1024px\" \/><\/figure>\n","protected":false},"excerpt":{"rendered":"<p>Por el fuerte temporal que azot\u00f3 a Bella Vista, que provoc\u00f3 destrozos y p\u00e9rdidas en toda la ciudad, las distintas \u00e1reas del Gobierno de la Provincia de Corrientes se encuentran&hellip; <\/p>\n","protected":false},"author":12,"featured_media":115273,"comment_status":"closed","ping_status":"open","sticky":false,"template":"","format":"standard","meta":{"footnotes":""},"categories":[1,8],"tags":[],"class_list":["post-115262","post","type-post","status-publish","format-standard","has-post-thumbnail","hentry","category-informacion-general","category-locales"],"_links":{"self":[{"href":"https:\/\/corrientesdetarde.com\/index.php\/wp-json\/wp\/v2\/posts\/115262","targetHints":{"allow":["GET"]}}],"collection":[{"href":"https:\/\/corrientesdetarde.com\/index.php\/wp-json\/wp\/v2\/posts"}],"about":[{"href":"https:\/\/corrientesdetarde.com\/index.php\/wp-json\/wp\/v2\/types\/post"}],"author":[{"embeddable":true,"href":"https:\/\/corrientesdetarde.com\/index.php\/wp-json\/wp\/v2\/users\/12"}],"replies":[{"embeddable":true,"href":"https:\/\/corrientesdetarde.com\/index.php\/wp-json\/wp\/v2\/comments?post=115262"}],"version-history":[{"count":1,"href":"https:\/\/corrientesdetarde.com\/index.php\/wp-json\/wp\/v2\/posts\/115262\/revisions"}],"predecessor-version":[{"id":115268,"href":"https:\/\/corrientesdetarde.com\/index.php\/wp-json\/wp\/v2\/posts\/115262\/revisions\/115268"}],"wp:featuredmedia":[{"embeddable":true,"href":"https:\/\/corrientesdetarde.com\/index.php\/wp-json\/wp\/v2\/media\/115273"}],"wp:attachment":[{"href":"https:\/\/corrientesdetarde.com\/index.php\/wp-json\/wp\/v2\/media?parent=115262"}],"wp:term":[{"taxonomy":"category","embeddable":true,"href":"https:\/\/corrientesdetarde.com\/index.php\/wp-json\/wp\/v2\/categories?post=115262"},{"taxonomy":"post_tag","embeddable":true,"href":"https:\/\/corrientesdetarde.com\/index.php\/wp-json\/wp\/v2\/tags?post=115262"}],"curies":[{"name":"wp","href":"https:\/\/api.w.org\/{rel}","templated":true}]}}