{"id":115296,"date":"2023-12-30T20:37:39","date_gmt":"2023-12-30T23:37:39","guid":{"rendered":"https:\/\/corrientesdetarde.com\/?p=115296"},"modified":"2023-12-30T20:41:04","modified_gmt":"2023-12-30T23:41:04","slug":"bella-vista-el-vicegobernador-recorrio-las-zonas-afectadas-por-el-temporal","status":"publish","type":"post","link":"https:\/\/corrientesdetarde.com\/index.php\/sociales\/bella-vista-el-vicegobernador-recorrio-las-zonas-afectadas-por-el-temporal\/","title":{"rendered":"Bella Vista: El Vicegobernador recorri\u00f3 las zonas afectadas por el temporal"},"content":{"rendered":"\n<p>El Vicegobernador, Pedro Braillard Poccard, recorri\u00f3 este s\u00e1bado la localidad de Bella Vista, azotada por el fuerte temporal que provoc\u00f3 da\u00f1os y destrozos en toda la ciudad. Se puso a disposici\u00f3n de la intendente Noelia Bazzi, por quien fue recibido para recorrer las zonas afectadas.<\/p>\n\n\n\n<p><\/p>\n\n\n\n<p>Tambi\u00e9n asistieron, en representaci\u00f3n del Gobierno provincial, el Ministro de Seguridad Buenaventura Duarte; de Desarrollo Social, Ad\u00e1n Gaya, y el subdirector de Defensa Civil, Bruno Lovinson.<\/p>\n\n\n\n<p>Ante esta situaci\u00f3n el Gobierno provincial, desde sus distintas \u00e1reas, se encuentra trabajando en conjunto con el Municipio local. Seg\u00fan informaron, contin\u00faan recorriendo la zona urbana y rural el Comando de Operaciones de Emergencia de la Provincia (COE), junto a personal de Defensa Civil, Bomberos, integrantes de los ministerios de Seguridad, de Desarrollo Social, Salud P\u00fablica, y de la DPEC, para restablecer los servicios.<\/p>\n\n\n\n<p>\u201cHay muchas familias que han perdido todo, ocasion\u00e1ndoles p\u00e9rdidas millonarias\u201d expres\u00f3 Braillard Poccard. \u201cSi bien resta mucho por hacer, venimos en representaci\u00f3n del Gobierno de la provincia para ponernos a disposici\u00f3n de la intendente y del pueblo\u201d se\u00f1al\u00f3, deseando \u201cque con el trabajo y apoyo de todos, muy pronto puedan recuperarse y estar en \u00f3ptimas condiciones\u201d.<\/p>\n\n\n\n<figure class=\"wp-block-image size-large\"><img loading=\"lazy\" decoding=\"async\" width=\"1024\" height=\"682\" src=\"https:\/\/corrientesdetarde.com\/wp-content\/uploads\/2023\/12\/IMG-20231230-WA0008-1024x682.jpg\" alt=\"\" class=\"wp-image-115306\" srcset=\"https:\/\/corrientesdetarde.com\/wp-content\/uploads\/2023\/12\/IMG-20231230-WA0008-1024x682.jpg 1024w, https:\/\/corrientesdetarde.com\/wp-content\/uploads\/2023\/12\/IMG-20231230-WA0008-300x200.jpg 300w, https:\/\/corrientesdetarde.com\/wp-content\/uploads\/2023\/12\/IMG-20231230-WA0008-768x512.jpg 768w, https:\/\/corrientesdetarde.com\/wp-content\/uploads\/2023\/12\/IMG-20231230-WA0008.jpg 1280w\" sizes=\"auto, (max-width: 1024px) 100vw, 1024px\" \/><\/figure>\n\n\n\n<figure class=\"wp-block-image size-large\"><img loading=\"lazy\" decoding=\"async\" width=\"1024\" height=\"682\" src=\"https:\/\/corrientesdetarde.com\/wp-content\/uploads\/2023\/12\/IMG-20231230-WA0009-1024x682.jpg\" alt=\"\" class=\"wp-image-115305\" srcset=\"https:\/\/corrientesdetarde.com\/wp-content\/uploads\/2023\/12\/IMG-20231230-WA0009-1024x682.jpg 1024w, https:\/\/corrientesdetarde.com\/wp-content\/uploads\/2023\/12\/IMG-20231230-WA0009-300x200.jpg 300w, https:\/\/corrientesdetarde.com\/wp-content\/uploads\/2023\/12\/IMG-20231230-WA0009-768x512.jpg 768w, https:\/\/corrientesdetarde.com\/wp-content\/uploads\/2023\/12\/IMG-20231230-WA0009.jpg 1280w\" sizes=\"auto, (max-width: 1024px) 100vw, 1024px\" \/><\/figure>\n\n\n\n<p><\/p>\n\n\n\n<figure class=\"wp-block-gallery has-nested-images columns-default is-cropped wp-block-gallery-1 is-layout-flex wp-block-gallery-is-layout-flex\">\n<figure class=\"wp-block-image size-large\"><img loading=\"lazy\" decoding=\"async\" width=\"1024\" height=\"682\" data-id=\"115309\" src=\"https:\/\/corrientesdetarde.com\/wp-content\/uploads\/2023\/12\/IMG-20231230-WA0004-1024x682.jpg\" alt=\"\" class=\"wp-image-115309\" srcset=\"https:\/\/corrientesdetarde.com\/wp-content\/uploads\/2023\/12\/IMG-20231230-WA0004-1024x682.jpg 1024w, https:\/\/corrientesdetarde.com\/wp-content\/uploads\/2023\/12\/IMG-20231230-WA0004-300x200.jpg 300w, https:\/\/corrientesdetarde.com\/wp-content\/uploads\/2023\/12\/IMG-20231230-WA0004-768x512.jpg 768w, https:\/\/corrientesdetarde.com\/wp-content\/uploads\/2023\/12\/IMG-20231230-WA0004.jpg 1280w\" sizes=\"auto, (max-width: 1024px) 100vw, 1024px\" \/><\/figure>\n<\/figure>\n\n\n\n<p><\/p>\n\n\n\n<p><\/p>\n","protected":false},"excerpt":{"rendered":"<p>El Vicegobernador, Pedro Braillard Poccard, recorri\u00f3 este s\u00e1bado la localidad de Bella Vista, azotada por el fuerte temporal que provoc\u00f3 da\u00f1os y destrozos en toda la ciudad. Se puso a&hellip; <\/p>\n","protected":false},"author":1,"featured_media":115312,"comment_status":"closed","ping_status":"open","sticky":false,"template":"","format":"standard","meta":{"footnotes":""},"categories":[17],"tags":[],"class_list":["post-115296","post","type-post","status-publish","format-standard","has-post-thumbnail","hentry","category-sociales"],"_links":{"self":[{"href":"https:\/\/corrientesdetarde.com\/index.php\/wp-json\/wp\/v2\/posts\/115296","targetHints":{"allow":["GET"]}}],"collection":[{"href":"https:\/\/corrientesdetarde.com\/index.php\/wp-json\/wp\/v2\/posts"}],"about":[{"href":"https:\/\/corrientesdetarde.com\/index.php\/wp-json\/wp\/v2\/types\/post"}],"author":[{"embeddable":true,"href":"https:\/\/corrientesdetarde.com\/index.php\/wp-json\/wp\/v2\/users\/1"}],"replies":[{"embeddable":true,"href":"https:\/\/corrientesdetarde.com\/index.php\/wp-json\/wp\/v2\/comments?post=115296"}],"version-history":[{"count":2,"href":"https:\/\/corrientesdetarde.com\/index.php\/wp-json\/wp\/v2\/posts\/115296\/revisions"}],"predecessor-version":[{"id":115313,"href":"https:\/\/corrientesdetarde.com\/index.php\/wp-json\/wp\/v2\/posts\/115296\/revisions\/115313"}],"wp:featuredmedia":[{"embeddable":true,"href":"https:\/\/corrientesdetarde.com\/index.php\/wp-json\/wp\/v2\/media\/115312"}],"wp:attachment":[{"href":"https:\/\/corrientesdetarde.com\/index.php\/wp-json\/wp\/v2\/media?parent=115296"}],"wp:term":[{"taxonomy":"category","embeddable":true,"href":"https:\/\/corrientesdetarde.com\/index.php\/wp-json\/wp\/v2\/categories?post=115296"},{"taxonomy":"post_tag","embeddable":true,"href":"https:\/\/corrientesdetarde.com\/index.php\/wp-json\/wp\/v2\/tags?post=115296"}],"curies":[{"name":"wp","href":"https:\/\/api.w.org\/{rel}","templated":true}]}}