{"id":115321,"date":"2023-12-31T08:22:18","date_gmt":"2023-12-31T11:22:18","guid":{"rendered":"https:\/\/corrientesdetarde.com\/?p=115321"},"modified":"2023-12-31T08:22:29","modified_gmt":"2023-12-31T11:22:29","slug":"sudafrica-denuncio-que-israel-no-cumple-con-la-convencion-sobre-genocidio","status":"publish","type":"post","link":"https:\/\/corrientesdetarde.com\/index.php\/internacionales\/sudafrica-denuncio-que-israel-no-cumple-con-la-convencion-sobre-genocidio\/","title":{"rendered":"Sud\u00e1frica denunci\u00f3 que Israel no cumple con la convenci\u00f3n sobre genocidio"},"content":{"rendered":"\n<p>El pa\u00eds africano lleva d\u00e9cadas apoyando la causa palestina.<\/p>\n\n\n\n<p><strong>Sud\u00e1frica solicit\u00f3&nbsp;<\/strong>el viernes a la Corte Internacional de Justicia (CIJ)&nbsp;<strong>una orden urgente que declare que Israel ha incumplido sus obligaciones en virtud de la Convenci\u00f3n sobre el Genocidio<\/strong>&nbsp;en su actual ofensiva contra Ham\u00e1s en Gaza.<\/p>\n\n\n\n<p>La solicitud judicial es la m\u00e1s reciente medida adoptada por&nbsp;<strong>Sud\u00e1frica<\/strong>, que critica duramente la guerra de Israel, para aumentar la presi\u00f3n despu\u00e9s de que sus legisladores votaron el mes&nbsp;<br>pasado a favor de&nbsp;<strong>cerrar la embajada israel\u00ed en Pretoria<\/strong>&nbsp;y suspender todas las relaciones diplom\u00e1ticas hasta que se acuerde un alto el fuego en la guerra de Israel contra el grupo islamista palestino Ham\u00e1s en Gaza.<\/p>\n\n\n\n<p>&#8220;Israel, desde el 7 de octubre de 2023 en particular, no ha impedido el genocidio y no ha perseguido la incitaci\u00f3n directa y p\u00fablica al genocidio&#8221;, dijo DIRCO en un comunicado.<\/p>\n\n\n\n<p>Solicit\u00f3 al CIJ que declare&nbsp;<strong>&#8220;con car\u00e1cter urgente que Israel ha incumplido sus obligaciones en virtud de la Convenci\u00f3n sobre el Genocidio, debe poner fin inmediatamente a todos los actos y medidas que incumplan esas obligaciones y adoptar una serie de medidas conexas&#8221;.<\/strong><\/p>\n\n\n\n<p>I<strong>srael rechaz\u00f3 la denuncia por considerarla sin fundamento jur\u00eddico,&nbsp;<\/strong>y dijo que respetaba el derecho internacional en su guerra contra Ham\u00e1s en Gaza.<\/p>\n\n\n\n<p><strong>&#8220;Sud\u00e1frica est\u00e1 colaborando con un grupo terrorista que pide la destrucci\u00f3n de Israel&#8221;, dijo el Ministerio de Asuntos Exteriores. &nbsp;<\/strong><\/p>\n\n\n\n<p>&#8220;La poblaci\u00f3n de Gaza no es enemiga de Israel, que se esfuerza por limitar los da\u00f1os a los no combatientes&#8221;.<\/p>\n\n\n\n<p><strong>La CIJ es uno de los seis \u00f3rganos principales de las Naciones Unidas y ayuda a resolver disputas entre Estados de acuerdo con el derecho internacional.<\/strong><\/p>\n\n\n\n<p><strong>Sud\u00e1frica lleva d\u00e9cadas apoyando la causa palestina&nbsp;<\/strong>por la creaci\u00f3n de un Estado en los territorios ocupados por Israel, comparando la dif\u00edcil situaci\u00f3n de los palestinos con la de la&nbsp;<br>mayor\u00eda negra de Sud\u00e1frica durante la represiva \u00e9poca de la segregaci\u00f3n racial, una comparaci\u00f3n que Israel rechaza con vehemencia.<\/p>\n","protected":false},"excerpt":{"rendered":"<p>El pa\u00eds africano lleva d\u00e9cadas apoyando la causa palestina. Sud\u00e1frica solicit\u00f3&nbsp;el viernes a la Corte Internacional de Justicia (CIJ)&nbsp;una orden urgente que declare que Israel ha incumplido sus obligaciones en&hellip; <\/p>\n","protected":false},"author":4,"featured_media":115322,"comment_status":"closed","ping_status":"open","sticky":false,"template":"","format":"standard","meta":{"footnotes":""},"categories":[11],"tags":[],"class_list":["post-115321","post","type-post","status-publish","format-standard","has-post-thumbnail","hentry","category-internacionales"],"_links":{"self":[{"href":"https:\/\/corrientesdetarde.com\/index.php\/wp-json\/wp\/v2\/posts\/115321","targetHints":{"allow":["GET"]}}],"collection":[{"href":"https:\/\/corrientesdetarde.com\/index.php\/wp-json\/wp\/v2\/posts"}],"about":[{"href":"https:\/\/corrientesdetarde.com\/index.php\/wp-json\/wp\/v2\/types\/post"}],"author":[{"embeddable":true,"href":"https:\/\/corrientesdetarde.com\/index.php\/wp-json\/wp\/v2\/users\/4"}],"replies":[{"embeddable":true,"href":"https:\/\/corrientesdetarde.com\/index.php\/wp-json\/wp\/v2\/comments?post=115321"}],"version-history":[{"count":1,"href":"https:\/\/corrientesdetarde.com\/index.php\/wp-json\/wp\/v2\/posts\/115321\/revisions"}],"predecessor-version":[{"id":115323,"href":"https:\/\/corrientesdetarde.com\/index.php\/wp-json\/wp\/v2\/posts\/115321\/revisions\/115323"}],"wp:featuredmedia":[{"embeddable":true,"href":"https:\/\/corrientesdetarde.com\/index.php\/wp-json\/wp\/v2\/media\/115322"}],"wp:attachment":[{"href":"https:\/\/corrientesdetarde.com\/index.php\/wp-json\/wp\/v2\/media?parent=115321"}],"wp:term":[{"taxonomy":"category","embeddable":true,"href":"https:\/\/corrientesdetarde.com\/index.php\/wp-json\/wp\/v2\/categories?post=115321"},{"taxonomy":"post_tag","embeddable":true,"href":"https:\/\/corrientesdetarde.com\/index.php\/wp-json\/wp\/v2\/tags?post=115321"}],"curies":[{"name":"wp","href":"https:\/\/api.w.org\/{rel}","templated":true}]}}