{"id":115370,"date":"2023-12-31T11:10:30","date_gmt":"2023-12-31T14:10:30","guid":{"rendered":"https:\/\/corrientesdetarde.com\/?p=115370"},"modified":"2023-12-31T11:10:33","modified_gmt":"2023-12-31T14:10:33","slug":"en-el-gobierno-apuestan-al-dialogo-con-la-cgt-y-buscan-aceitarlo-para-evitar-el-endurecimiento-de-la-calle","status":"publish","type":"post","link":"https:\/\/corrientesdetarde.com\/index.php\/politica\/en-el-gobierno-apuestan-al-dialogo-con-la-cgt-y-buscan-aceitarlo-para-evitar-el-endurecimiento-de-la-calle\/","title":{"rendered":"En el Gobierno apuestan al di\u00e1logo con la CGT y buscan aceitarlo para evitar el endurecimiento de la calle"},"content":{"rendered":"\n<p>Seg\u00fan precisan desde el entorno del mandatario, las l\u00edneas de di\u00e1logo fueron fluidas hasta la publicaci\u00f3n del DNU que atenta contra la caja de la central, pero apelan a avanzar en negociaciones.<\/p>\n\n\n\n<p>Con la fecha del paro nacional prevista para el 24 de enero, distintas \u00e1reas claves del gobierno de Javier Milei apelan a&nbsp;<strong>aceitar el di\u00e1logo con dirigentes sindicales para evitar el endurecimiento de las calles.&nbsp;<\/strong><\/p>\n\n\n\n<p>La escalada de conflictividad aumenta y a pesar de que consideran que Milei a\u00fan cuenta con el 70% de apoyos -aunque evitan precisar de d\u00f3nde surge el n\u00famero- se muestran temerosos del paso del tiempo.&nbsp;<\/p>\n\n\n\n<p>Desde el inicio, tal y como lo marcaron incluso los representantes de los distintos gremios que conforman la Confederaci\u00f3n Central del Trabajo (CGT), el di\u00e1logo con el oficialismo era cordial y en buenos t\u00e9rminos hasta la publicaci\u00f3n del Decreto de Necesidad y Urgencia (DNU) que atenta de manera directa contar el sistema sindical establecido.&nbsp;<\/p>\n\n\n\n<p>Fuentes de Gobierno explicaron a NA que la administraci\u00f3n libertaria se divide entre<strong>&nbsp;\u201clos buenos y conciliadores\u201d,<\/strong>&nbsp;encargados de construir acuerdos pol\u00edticos y cosechar apoyos, en los que podr\u00eda incluirse a los ministros&nbsp;<strong>Guillermo Francos&nbsp;<\/strong>(Interior),&nbsp;<strong>Sandra Pettovello&nbsp;<\/strong>(Capital Humano) y el titular de la C\u00e1mara de Diputados,&nbsp;<strong>Mart\u00edn Menem,&nbsp;<\/strong>y los<strong>&nbsp;\u201cmalos o m\u00e1s duros\u201d<\/strong>, quienes marcan la l\u00ednea de la administraci\u00f3n, entre los que destacan el Presidente y otros funcionarios como Patricia Bullrich (Seguridad). &nbsp;<\/p>\n\n\n\n<p>La intenci\u00f3n del Gobierno v\u00eda el \u00e1rea que encabeza el&nbsp;secretario de Trabajo,&nbsp;<strong>Omar Yas\u00edn,<\/strong><strong>&nbsp;<\/strong>es afinar el di\u00e1logo hoy establecido con algunos referentes aislados y hasta dej\u00f3 trascender que<strong>&nbsp;el mandatario est\u00e1 dispuesto a recibirlos con intenci\u00f3n de evitar la medida del 24 de enero&nbsp;<\/strong>que inici\u00f3 con una movilizaci\u00f3n a&nbsp;Tribunales.<\/p>\n\n\n\n<p>La primera aproximaci\u00f3n de&nbsp;<strong>Armando Cavalieri,&nbsp;<\/strong>secretario general del Sindicato de&nbsp;Comercio, con Pettovello y Yas\u00edn, despert\u00f3 desconfianza y antipat\u00eda entre los triunviros y dirigentes sindicales ya en tensi\u00f3n con el Gobierno por el l\u00edmite a los aportes extraordinarios de afiliados y no afiliados, mejor conocidas como&nbsp;<strong>\u201ccuotas solidarias\u201d<\/strong>, y la habilitaci\u00f3n a las privadas a captar aportes de los trabajadores, sin pasar por la obra social establecidos en el DNU.&nbsp;<\/p>\n\n\n\n<p>A pesar de la postergaci\u00f3n de la reuni\u00f3n programada con referentes de la CGT por la publicaci\u00f3n del DNU, colaboradores del mandatario buscan apelar al ala moderada de la central y no descartan reflotar la convocatoria para amenguar la tensi\u00f3n y centralizar los di\u00e1logos alternos ya abiertos,<strong>&nbsp;incluso con la presencia del Presidente.<\/strong><\/p>\n","protected":false},"excerpt":{"rendered":"<p>Seg\u00fan precisan desde el entorno del mandatario, las l\u00edneas de di\u00e1logo fueron fluidas hasta la publicaci\u00f3n del DNU que atenta contra la caja de la central, pero apelan a avanzar&hellip; <\/p>\n","protected":false},"author":4,"featured_media":115371,"comment_status":"closed","ping_status":"open","sticky":false,"template":"","format":"standard","meta":{"footnotes":""},"categories":[3],"tags":[],"class_list":["post-115370","post","type-post","status-publish","format-standard","has-post-thumbnail","hentry","category-politica"],"_links":{"self":[{"href":"https:\/\/corrientesdetarde.com\/index.php\/wp-json\/wp\/v2\/posts\/115370","targetHints":{"allow":["GET"]}}],"collection":[{"href":"https:\/\/corrientesdetarde.com\/index.php\/wp-json\/wp\/v2\/posts"}],"about":[{"href":"https:\/\/corrientesdetarde.com\/index.php\/wp-json\/wp\/v2\/types\/post"}],"author":[{"embeddable":true,"href":"https:\/\/corrientesdetarde.com\/index.php\/wp-json\/wp\/v2\/users\/4"}],"replies":[{"embeddable":true,"href":"https:\/\/corrientesdetarde.com\/index.php\/wp-json\/wp\/v2\/comments?post=115370"}],"version-history":[{"count":1,"href":"https:\/\/corrientesdetarde.com\/index.php\/wp-json\/wp\/v2\/posts\/115370\/revisions"}],"predecessor-version":[{"id":115372,"href":"https:\/\/corrientesdetarde.com\/index.php\/wp-json\/wp\/v2\/posts\/115370\/revisions\/115372"}],"wp:featuredmedia":[{"embeddable":true,"href":"https:\/\/corrientesdetarde.com\/index.php\/wp-json\/wp\/v2\/media\/115371"}],"wp:attachment":[{"href":"https:\/\/corrientesdetarde.com\/index.php\/wp-json\/wp\/v2\/media?parent=115370"}],"wp:term":[{"taxonomy":"category","embeddable":true,"href":"https:\/\/corrientesdetarde.com\/index.php\/wp-json\/wp\/v2\/categories?post=115370"},{"taxonomy":"post_tag","embeddable":true,"href":"https:\/\/corrientesdetarde.com\/index.php\/wp-json\/wp\/v2\/tags?post=115370"}],"curies":[{"name":"wp","href":"https:\/\/api.w.org\/{rel}","templated":true}]}}