{"id":115427,"date":"2023-12-31T19:29:01","date_gmt":"2023-12-31T22:29:01","guid":{"rendered":"https:\/\/corrientesdetarde.com\/?p=115427"},"modified":"2023-12-31T19:29:13","modified_gmt":"2023-12-31T22:29:13","slug":"fredy-villarreal-debuto-con-los-mosqueteros-del-rey-en-carlos-paz","status":"publish","type":"post","link":"https:\/\/corrientesdetarde.com\/index.php\/espectaculos\/fredy-villarreal-debuto-con-los-mosqueteros-del-rey-en-carlos-paz\/","title":{"rendered":"Fredy Villarreal debut\u00f3 con Los Mosqueteros del Rey en Carlos Paz."},"content":{"rendered":"\n<h2 class=\"wp-block-heading\">el actor cont\u00f3 c\u00f3mo fue el estreno junto a Nicol\u00e1s Cabr\u00e9, Jorge Su\u00e1rez y Nicol\u00e1s Scarpino en esta temporada de verano.<\/h2>\n\n\n\n<p><strong>Fredy Villarreal<\/strong>\u00a0lleva el humor a todos los \u00e1mbitos de su vida. Desde sus comienzos en\u00a0<em>VideoMatch<\/em>\u00a0junto a\u00a0<strong>Marcelo Tinelli<\/strong>\u00a0se ocup\u00f3 de hacer re\u00edr al p\u00fablico. Y as\u00ed fue logrando un lugar destacado en el ambiente art\u00edstico. Pero adem\u00e1s de comediante, Fredy tiene la capacidad de conjugar el humor con la actuaci\u00f3n. En ese sentido, sus representaciones tienen un plus que los espectadores agradecen cada vez que se presenta sobre un escenario.<\/p>\n\n\n\n<p>Carlos Paz es uno de los lugares que cada verano lo recibe con grandes expectativas. En esta oportunidad, el actor debut\u00f3 con&nbsp;<em><strong>Los Mosqueteros del Rey,<\/strong><\/em>&nbsp;la pieza teatral que comparte junto a&nbsp;<strong>Nicol\u00e1s Cabr\u00e9, Jorge Su\u00e1rez y Nicol\u00e1s Scarpino<\/strong>. All\u00ed, durante 90 minutos consiguen hacer una obra que tiene a la risa como m\u00e1xima protagonista. En di\u00e1logo con&nbsp;<strong>Teleshow,&nbsp;<\/strong>Fredy cuenta c\u00f3mo est\u00e1 transitando este momento y cu\u00e1les son las expectativas para esta nueva temporada de verano.<\/p>\n\n\n\n<p>\u201cLa obra debut\u00f3 de una manera hermosa. Estamos muy contentos por el resultado\u201d, comienza detallando. \u201cHab\u00eda como una incertidumbre sobre c\u00f3mo iba a funcionar la obra ac\u00e1 porque en Buenos Aires andaba muy bien. Pero yo no soy de los que piensan que hay dos p\u00fablicos, uno en Buenos Aires y otro aqu\u00ed en C\u00f3rdoba. Aqu\u00ed el p\u00fablico es m\u00e1s federal, digamos, aunque en Buenos Aires nos vienen a ver a todos lados, incluso en forma internacional tambi\u00e9n, porque vienen uruguayos, paraguayos, chilenos\u201d, explica.<\/p>\n\n\n\n<p><img loading=\"lazy\" decoding=\"async\" alt=\"Fredy Villarreal debut\u00f3 con Los Mosqueteros del Rey en Carlos Paz (Mario Sar)\" height=\"1080\" width=\"1920\" src=\"https:\/\/www.infobae.com\/new-resizer\/QPjrA1dH24Dmg32i6IMW52k4pjw=\/420x236\/filters:format(webp):quality(85)\/cloudfront-us-east-1.images.arcpublishing.com\/infobae\/XKLFX5SYCJEQ5GFTTN5RWOWAZA.jpg%20420w\" srcset=\"https:\/\/www.infobae.com\/new-resizer\/QPjrA1dH24Dmg32i6IMW52k4pjw=\/420x236\/filters:format(webp):quality(85)\/cloudfront-us-east-1.images.arcpublishing.com\/infobae\/XKLFX5SYCJEQ5GFTTN5RWOWAZA.jpg 420w,https:\/\/www.infobae.com\/new-resizer\/0V5PMG3xfZPK82t_LyOjhhvFnL4=\/768x432\/filters:format(webp):quality(85)\/cloudfront-us-east-1.images.arcpublishing.com\/infobae\/XKLFX5SYCJEQ5GFTTN5RWOWAZA.jpg 768w,https:\/\/www.infobae.com\/new-resizer\/B-O76AhRSyAFnSVXTjelLWL1_hE=\/992x558\/filters:format(webp):quality(85)\/cloudfront-us-east-1.images.arcpublishing.com\/infobae\/XKLFX5SYCJEQ5GFTTN5RWOWAZA.jpg 992w,https:\/\/www.infobae.com\/new-resizer\/vM_Hb1dVc1_xZ-OZRLp6cOy58HA=\/1200x675\/filters:format(webp):quality(85)\/cloudfront-us-east-1.images.arcpublishing.com\/infobae\/XKLFX5SYCJEQ5GFTTN5RWOWAZA.jpg 1200w,https:\/\/www.infobae.com\/new-resizer\/LyQWL8mGxYe5icYElVp40H9k39c=\/1440x810\/filters:format(webp):quality(85)\/cloudfront-us-east-1.images.arcpublishing.com\/infobae\/XKLFX5SYCJEQ5GFTTN5RWOWAZA.jpg 1440w\">Fredy Villarreal debut\u00f3 con Los Mosqueteros del Rey en Carlos Paz (Mario Sar)<\/p>\n\n\n\n<p>M\u00e1s adelante, el actor se refiere a la felicidad que le ocasiona hacer un espect\u00e1culo para todas las edades. \u201cAc\u00e1 la verdad que<strong>&nbsp;la recepci\u00f3n fue m\u00e1s bonita de lo esperado<\/strong>. Se not\u00f3 que la gente lo pas\u00f3 b\u00e1rbaro. A diferencia de lo que pasa en Capital, aqu\u00ed el p\u00fablico que viene a ver la obra lo hace con la familia, y en la familia hay ni\u00f1os, y la risa de los ni\u00f1os es cautivante, es hermosa escucharla. Es fresca, es reconfortante, es inocente, es divina. Y la obra tiene mucho que ver con esta obra, para que la disfruten los chicos\u201d, destaca. \u201cAs\u00ed que bueno, el verano tiene esto, \u00bfno? La familia sale completa y lo disfrutan todos. Es una obra para toda la familia. Ya naci\u00f3, que a veces se dice, bueno, estamos por parir.&nbsp;<strong>Ya naci\u00f3 y naci\u00f3 muy bien.<\/strong>&nbsp;Con una sonrisa de oreja a oreja el estreno. As\u00ed que estamos felices. Creemos que vamos a tener una temporada estupenda en cuanto a que le guste a la gente. Despu\u00e9s veremos c\u00f3mo se ajusta todo por el momento que pasamos, \u00bfverdad?.<\/p>\n\n\n\n<p><img loading=\"lazy\" decoding=\"async\" alt=\"Gran DEBUT de estos MOSQUETEROS DEL REY, de un impecable oficio actoral. Por eso,las capas,los sombreros, sus espadas y ERRORES, los esperan de mi\u00e9rcoles a lunes en Teatro Candilejas 1. (Mario Sar)\" height=\"1280\" width=\"1920\" src=\"https:\/\/www.infobae.com\/new-resizer\/-TiEt5TlqyaQsRI1z_PYotlj0gM=\/420x280\/filters:format(webp):quality(85)\/cloudfront-us-east-1.images.arcpublishing.com\/infobae\/L5O5CIDCT5ENVOQDF3MQHFG37E.jpg%20420w\" srcset=\"https:\/\/www.infobae.com\/new-resizer\/-TiEt5TlqyaQsRI1z_PYotlj0gM=\/420x280\/filters:format(webp):quality(85)\/cloudfront-us-east-1.images.arcpublishing.com\/infobae\/L5O5CIDCT5ENVOQDF3MQHFG37E.jpg 420w,https:\/\/www.infobae.com\/new-resizer\/biu1O7e-vgTaZAkzhHBJcayu_z4=\/768x512\/filters:format(webp):quality(85)\/cloudfront-us-east-1.images.arcpublishing.com\/infobae\/L5O5CIDCT5ENVOQDF3MQHFG37E.jpg 768w,https:\/\/www.infobae.com\/new-resizer\/bflqzhSy1r4-JTW76KQk5SZzWdc=\/992x661\/filters:format(webp):quality(85)\/cloudfront-us-east-1.images.arcpublishing.com\/infobae\/L5O5CIDCT5ENVOQDF3MQHFG37E.jpg 992w,https:\/\/www.infobae.com\/new-resizer\/9ftRLjUWP9uzwpuFeWhm2AfDK0o=\/1200x800\/filters:format(webp):quality(85)\/cloudfront-us-east-1.images.arcpublishing.com\/infobae\/L5O5CIDCT5ENVOQDF3MQHFG37E.jpg 1200w,https:\/\/www.infobae.com\/new-resizer\/PXah-qaGTfObr9BXnDyPAGdFuYg=\/1440x960\/filters:format(webp):quality(85)\/cloudfront-us-east-1.images.arcpublishing.com\/infobae\/L5O5CIDCT5ENVOQDF3MQHFG37E.jpg 1440w\">Gran DEBUT de estos MOSQUETEROS DEL REY, de un impecable oficio actoral. Por eso,las capas,los sombreros, sus espadas y ERRORES, los esperan de mi\u00e9rcoles a lunes en Teatro Candilejas 1. (Mario Sar)<\/p>\n\n\n\n<p><img loading=\"lazy\" decoding=\"async\" alt=\"Fredy Villarreal debut\u00f3 en Los Mosqueteros del Rey junto a Nicol\u00e1s Cabr\u00e9, Jorge Su\u00e1rez y Nicol\u00e1s Scarpino en Villa Carlos Paz (Mario Sar)\" height=\"1280\" width=\"1920\" src=\"https:\/\/www.infobae.com\/new-resizer\/Jsso5DZjF41MNa1lPFnbIqsRNyA=\/420x280\/filters:format(webp):quality(85)\/cloudfront-us-east-1.images.arcpublishing.com\/infobae\/3SQPMQIEOFEBNL5BVI4H56UKNU.jpg%20420w\" srcset=\"https:\/\/www.infobae.com\/new-resizer\/Jsso5DZjF41MNa1lPFnbIqsRNyA=\/420x280\/filters:format(webp):quality(85)\/cloudfront-us-east-1.images.arcpublishing.com\/infobae\/3SQPMQIEOFEBNL5BVI4H56UKNU.jpg 420w,https:\/\/www.infobae.com\/new-resizer\/9evc2px5cjtRPJQIzq0bkXHQU2I=\/768x512\/filters:format(webp):quality(85)\/cloudfront-us-east-1.images.arcpublishing.com\/infobae\/3SQPMQIEOFEBNL5BVI4H56UKNU.jpg 768w,https:\/\/www.infobae.com\/new-resizer\/3tldLwMlVXHpDVSddW9vMzSH5KY=\/992x661\/filters:format(webp):quality(85)\/cloudfront-us-east-1.images.arcpublishing.com\/infobae\/3SQPMQIEOFEBNL5BVI4H56UKNU.jpg 992w,https:\/\/www.infobae.com\/new-resizer\/_c97jcKcfaBQTcQw_PAbuYXuhbI=\/1200x800\/filters:format(webp):quality(85)\/cloudfront-us-east-1.images.arcpublishing.com\/infobae\/3SQPMQIEOFEBNL5BVI4H56UKNU.jpg 1200w,https:\/\/www.infobae.com\/new-resizer\/d2GtIySif0Fi6ob0-SzEQdxV8lY=\/1440x960\/filters:format(webp):quality(85)\/cloudfront-us-east-1.images.arcpublishing.com\/infobae\/3SQPMQIEOFEBNL5BVI4H56UKNU.jpg 1440w\">Fredy Villarreal debut\u00f3 en Los Mosqueteros del Rey junto a Nicol\u00e1s Cabr\u00e9, Jorge Su\u00e1rez y Nicol\u00e1s Scarpino en Villa Carlos Paz (Mario Sar)<\/p>\n\n\n\n<p>Para concluir Villarreal afirma que la mejor publicidad de la obra es la gente que va a verla. \u201cLo m\u00e1s importante es saber que la obra gust\u00f3 much\u00edsimo, y que el boca a boca tambi\u00e9n es muy importante y dependemos de eso.\u00a0<strong>Es la mejor publicidad que tenemos.<\/strong>\u00a0Hacer un buen producto y no porque nosotros impongamos un mensaje desde un cartel o desde una publicidad o desde un carrito por la calle o un panfleto. La mejor publicidad es aquel que vino a verla y se desvive con su entorno para decir \u2018por favor, vayan a verla\u2019. Como cuando uno ve una buena pel\u00edcula o una buena serie y dice \u2018mirala porque es buen\u00edsima\u2019. Y hasta que vos no la ves no te deja tranquilo. As\u00ed que bueno, eso sucedi\u00f3 con la obra\u201d, cierra con el entusiasmo por comenzar una nueva temporada haciendo lo que ama.\u00a0<strong>\u201cTodos para uno y uno para todos\u201d,<\/strong>\u00a0reza el leitmotiv de esta obra consagrada, que debut\u00f3 por primera vez en Teatro Candilejas 1, en Villa Carlos Paz. Con sus trajes de smoking, sus espadas y sus looks particulares los 4 actores hacen re\u00edr a los espectadores desde el comienzo hasta el fin.<\/p>\n\n\n\n<p><\/p>\n\n\n\n<p><em>Fuente: Infobae.<\/em><\/p>\n","protected":false},"excerpt":{"rendered":"<p>el actor cont\u00f3 c\u00f3mo fue el estreno junto a Nicol\u00e1s Cabr\u00e9, Jorge Su\u00e1rez y Nicol\u00e1s Scarpino en esta temporada de verano. Fredy Villarreal\u00a0lleva el humor a todos los \u00e1mbitos de&hellip; <\/p>\n","protected":false},"author":6,"featured_media":115431,"comment_status":"closed","ping_status":"open","sticky":false,"template":"","format":"standard","meta":{"footnotes":""},"categories":[19],"tags":[],"class_list":["post-115427","post","type-post","status-publish","format-standard","has-post-thumbnail","hentry","category-espectaculos"],"_links":{"self":[{"href":"https:\/\/corrientesdetarde.com\/index.php\/wp-json\/wp\/v2\/posts\/115427","targetHints":{"allow":["GET"]}}],"collection":[{"href":"https:\/\/corrientesdetarde.com\/index.php\/wp-json\/wp\/v2\/posts"}],"about":[{"href":"https:\/\/corrientesdetarde.com\/index.php\/wp-json\/wp\/v2\/types\/post"}],"author":[{"embeddable":true,"href":"https:\/\/corrientesdetarde.com\/index.php\/wp-json\/wp\/v2\/users\/6"}],"replies":[{"embeddable":true,"href":"https:\/\/corrientesdetarde.com\/index.php\/wp-json\/wp\/v2\/comments?post=115427"}],"version-history":[{"count":1,"href":"https:\/\/corrientesdetarde.com\/index.php\/wp-json\/wp\/v2\/posts\/115427\/revisions"}],"predecessor-version":[{"id":115432,"href":"https:\/\/corrientesdetarde.com\/index.php\/wp-json\/wp\/v2\/posts\/115427\/revisions\/115432"}],"wp:featuredmedia":[{"embeddable":true,"href":"https:\/\/corrientesdetarde.com\/index.php\/wp-json\/wp\/v2\/media\/115431"}],"wp:attachment":[{"href":"https:\/\/corrientesdetarde.com\/index.php\/wp-json\/wp\/v2\/media?parent=115427"}],"wp:term":[{"taxonomy":"category","embeddable":true,"href":"https:\/\/corrientesdetarde.com\/index.php\/wp-json\/wp\/v2\/categories?post=115427"},{"taxonomy":"post_tag","embeddable":true,"href":"https:\/\/corrientesdetarde.com\/index.php\/wp-json\/wp\/v2\/tags?post=115427"}],"curies":[{"name":"wp","href":"https:\/\/api.w.org\/{rel}","templated":true}]}}