{"id":115434,"date":"2023-12-31T19:36:32","date_gmt":"2023-12-31T22:36:32","guid":{"rendered":"https:\/\/corrientesdetarde.com\/?p=115434"},"modified":"2023-12-31T19:36:44","modified_gmt":"2023-12-31T22:36:44","slug":"detuvieron-a-cuatro-hombres-por-vender-carne-ilegalmente","status":"publish","type":"post","link":"https:\/\/corrientesdetarde.com\/index.php\/policiales\/detuvieron-a-cuatro-hombres-por-vender-carne-ilegalmente\/","title":{"rendered":"Detuvieron a cuatro hombres por vender carne ilegalmente."},"content":{"rendered":"\n<h2 class=\"wp-block-heading\">La Polic\u00eda de Santo Tom\u00e9 arrest\u00f3 a varias personas y secuestr\u00f3 productos c\u00e1rnicos de dudosa procedencia. Los productos eran ofrecidos en las cercan\u00edas de Ruta Provincial N\u00b094.<\/h2>\n\n\n\n<p>Efectivos de la Polic\u00eda de Seguridad Rural y Ecol\u00f3gica detuvieron este s\u00e1bado en Santo Tom\u00e9 a cuatro hombres que vend\u00edan carne que ser\u00eda producto de una faena clandestina. El arresto tuvo lugar en el Paraje Atalaya, cerca de la Ruta Provincial N\u00b094.\u00a0<\/p>\n\n\n\n<p>Tras una breve persecuci\u00f3n, los oficiales procedieron a la aprehensi\u00f3n de los hombres que circulaban en dos motocicletas. Los mismos llevaban varias bolsas con restos de productos c\u00e1rnicos.<\/p>\n\n\n\n<figure class=\"wp-block-image\"><a href=\"https:\/\/www.radiosudamericana.com\/notix\/multimedia\/imagenes\/fotos\/2023-12-31\/258363.jpeg\"><img decoding=\"async\" src=\"https:\/\/www.radiosudamericana.com\/notix\/multimedia\/imagenes\/fotos\/2023-12-31\/258363.jpeg_nota.jpeg\" alt=\"\"\/><\/a><\/figure>\n\n\n\n<p>Horas m\u00e1s tarde, procedieron a diligenciar una orden de allanamiento en el domicilio de una de estas personas, ubicado en el citado Paraje. En el lugar hallaron y secuestraron diferentes cortes de carne de animales vacunos. Tambi\u00e9n un equipo completo de apero, cuchillos de distintos tama\u00f1os y caracter\u00edsticas y cuero completo de pelaje colorado.<\/p>\n\n\n\n<figure class=\"wp-block-image\"><a href=\"https:\/\/www.radiosudamericana.com\/notix\/multimedia\/imagenes\/fotos\/2023-12-31\/237970.jpeg\"><img decoding=\"async\" src=\"https:\/\/www.radiosudamericana.com\/notix\/multimedia\/imagenes\/fotos\/2023-12-31\/237970.jpeg_nota.jpeg\" alt=\"\"\/><\/a><\/figure>\n\n\n\n<figure class=\"wp-block-image\"><a href=\"https:\/\/www.radiosudamericana.com\/notix\/multimedia\/imagenes\/fotos\/2023-12-31\/595896.jpeg\"><img decoding=\"async\" src=\"https:\/\/www.radiosudamericana.com\/notix\/multimedia\/imagenes\/fotos\/2023-12-31\/595896.jpeg_nota.jpeg\" alt=\"\"\/><\/a><\/figure>\n\n\n\n<p>Las personas aprehendidas y todo lo secuestrado, fue puesto a disposici\u00f3n de la autoridad fiscal correspondiente mientras que, se prosiguen con los tr\u00e1mites e investigaciones del caso.<\/p>\n","protected":false},"excerpt":{"rendered":"<p>La Polic\u00eda de Santo Tom\u00e9 arrest\u00f3 a varias personas y secuestr\u00f3 productos c\u00e1rnicos de dudosa procedencia. Los productos eran ofrecidos en las cercan\u00edas de Ruta Provincial N\u00b094. Efectivos de la&hellip; <\/p>\n","protected":false},"author":6,"featured_media":115437,"comment_status":"closed","ping_status":"open","sticky":false,"template":"","format":"standard","meta":{"footnotes":""},"categories":[33],"tags":[],"class_list":["post-115434","post","type-post","status-publish","format-standard","has-post-thumbnail","hentry","category-policiales"],"_links":{"self":[{"href":"https:\/\/corrientesdetarde.com\/index.php\/wp-json\/wp\/v2\/posts\/115434","targetHints":{"allow":["GET"]}}],"collection":[{"href":"https:\/\/corrientesdetarde.com\/index.php\/wp-json\/wp\/v2\/posts"}],"about":[{"href":"https:\/\/corrientesdetarde.com\/index.php\/wp-json\/wp\/v2\/types\/post"}],"author":[{"embeddable":true,"href":"https:\/\/corrientesdetarde.com\/index.php\/wp-json\/wp\/v2\/users\/6"}],"replies":[{"embeddable":true,"href":"https:\/\/corrientesdetarde.com\/index.php\/wp-json\/wp\/v2\/comments?post=115434"}],"version-history":[{"count":1,"href":"https:\/\/corrientesdetarde.com\/index.php\/wp-json\/wp\/v2\/posts\/115434\/revisions"}],"predecessor-version":[{"id":115438,"href":"https:\/\/corrientesdetarde.com\/index.php\/wp-json\/wp\/v2\/posts\/115434\/revisions\/115438"}],"wp:featuredmedia":[{"embeddable":true,"href":"https:\/\/corrientesdetarde.com\/index.php\/wp-json\/wp\/v2\/media\/115437"}],"wp:attachment":[{"href":"https:\/\/corrientesdetarde.com\/index.php\/wp-json\/wp\/v2\/media?parent=115434"}],"wp:term":[{"taxonomy":"category","embeddable":true,"href":"https:\/\/corrientesdetarde.com\/index.php\/wp-json\/wp\/v2\/categories?post=115434"},{"taxonomy":"post_tag","embeddable":true,"href":"https:\/\/corrientesdetarde.com\/index.php\/wp-json\/wp\/v2\/tags?post=115434"}],"curies":[{"name":"wp","href":"https:\/\/api.w.org\/{rel}","templated":true}]}}