{"id":115446,"date":"2023-12-31T20:54:30","date_gmt":"2023-12-31T23:54:30","guid":{"rendered":"https:\/\/corrientesdetarde.com\/?p=115446"},"modified":"2023-12-31T20:54:35","modified_gmt":"2023-12-31T23:54:35","slug":"en-su-mensaje-de-fin-de-ano-javier-milei-le-pidio-al-congreso-aprobar-la-ley-omnibus","status":"publish","type":"post","link":"https:\/\/corrientesdetarde.com\/index.php\/politica\/en-su-mensaje-de-fin-de-ano-javier-milei-le-pidio-al-congreso-aprobar-la-ley-omnibus\/","title":{"rendered":"En su mensaje de fin de a\u00f1o, Javier Milei le pidi\u00f3 al Congreso aprobar la ley \u00f3mnibus."},"content":{"rendered":"\n<h2 class=\"wp-block-heading\">El Presidente asegur\u00f3 que la norma busca evitar una &#8220;cat\u00e1strofe b\u00edblica&#8221; y admiti\u00f3 que el pr\u00f3ximo a\u00f1o ser\u00e1 &#8220;duro para todos&#8221;. &#8220;He recibido el peor modelo de la historia. El compromiso de cambiarlo es con todos, pero lo que recib\u00ed es demasiado profundo, con una inflaci\u00f3n del 1,5 diario. Se trata de una situaci\u00f3n inicial peor que la del 2001&#8221;, indic\u00f3 el presidente.<\/h2>\n\n\n\n<p>Javier Milei le habl\u00f3 a los argentinos en un mensaje de fin de a\u00f1o y dijo que se viene un 2024 duro, volvi\u00f3 a resaltar que recibi\u00f3 la &#8220;peor herencia de la historia&#8221; y que &#8220;hemos achicado el estado, con medidas que fueron necesarias&#8221;, aclarndo que el problema es &#8220;demasiado profundo&#8221; porque &#8220;nos dirigimos a una cat\u00e1strofe econ\u00f3mica desconocida para cualquier argentino vivo&#8221;.<\/p>\n\n\n\n<p>&#8220;He recibido el peor modelo de la historia. El compromiso de cambiarlo es con todos, pero lo que recib\u00ed es demasiado profundo, con una inflaci\u00f3n del 1,5 diario. Se trata de una situaci\u00f3n inicial peor que la del 2001&#8221;, indic\u00f3 el presidente.<\/p>\n\n\n\n<p>A su vez agreg\u00f3: &#8220;Quiero ser claro, a menos que hagamos lo necesario, nos dirigimos a una cat\u00e1strofe econ\u00f3mica que nunca vio ning\u00fan argentino vivo, por eso mandamos la ley en base a las ideas de Juan Bautista Alberdi para darle al ejecutivo todo el poder que necesita para mejorar&#8221;.<\/p>\n\n\n\n<p>&#8220;El esp\u00edritu de la ley es volver a ser un pa\u00eds libre, un pa\u00eds donde no se sirva de la pol\u00edtica, quien pueda elegir c\u00f3mo vivir no como diga un bur\u00f3crata. Los diputados podr\u00e1n rechazar la ley y seguir por el camino que nos ha empobrecido o cambiar&#8221;, sostuvo Milei.<\/p>\n\n\n\n<p>Y luego prosigui\u00f3: &#8220;A pesar que no les promet\u00ed un camino de rosas, los argentinos me acompa\u00f1aron con su voto, debido a los \u00faltimos gobiernos, el pr\u00f3ximo a\u00f1o ser\u00e1 duro para todos nosotros. Evitar ese futuro catastr\u00f3fico depende de todos, del gobierno, de los dirigente sindicales, de los diputados y senadores y de los argentinos de bien y que tienen fe&#8221;.<\/p>\n","protected":false},"excerpt":{"rendered":"<p>El Presidente asegur\u00f3 que la norma busca evitar una &#8220;cat\u00e1strofe b\u00edblica&#8221; y admiti\u00f3 que el pr\u00f3ximo a\u00f1o ser\u00e1 &#8220;duro para todos&#8221;. &#8220;He recibido el peor modelo de la historia. El&hellip; <\/p>\n","protected":false},"author":6,"featured_media":115447,"comment_status":"closed","ping_status":"open","sticky":false,"template":"","format":"standard","meta":{"footnotes":""},"categories":[3],"tags":[],"class_list":["post-115446","post","type-post","status-publish","format-standard","has-post-thumbnail","hentry","category-politica"],"_links":{"self":[{"href":"https:\/\/corrientesdetarde.com\/index.php\/wp-json\/wp\/v2\/posts\/115446","targetHints":{"allow":["GET"]}}],"collection":[{"href":"https:\/\/corrientesdetarde.com\/index.php\/wp-json\/wp\/v2\/posts"}],"about":[{"href":"https:\/\/corrientesdetarde.com\/index.php\/wp-json\/wp\/v2\/types\/post"}],"author":[{"embeddable":true,"href":"https:\/\/corrientesdetarde.com\/index.php\/wp-json\/wp\/v2\/users\/6"}],"replies":[{"embeddable":true,"href":"https:\/\/corrientesdetarde.com\/index.php\/wp-json\/wp\/v2\/comments?post=115446"}],"version-history":[{"count":1,"href":"https:\/\/corrientesdetarde.com\/index.php\/wp-json\/wp\/v2\/posts\/115446\/revisions"}],"predecessor-version":[{"id":115448,"href":"https:\/\/corrientesdetarde.com\/index.php\/wp-json\/wp\/v2\/posts\/115446\/revisions\/115448"}],"wp:featuredmedia":[{"embeddable":true,"href":"https:\/\/corrientesdetarde.com\/index.php\/wp-json\/wp\/v2\/media\/115447"}],"wp:attachment":[{"href":"https:\/\/corrientesdetarde.com\/index.php\/wp-json\/wp\/v2\/media?parent=115446"}],"wp:term":[{"taxonomy":"category","embeddable":true,"href":"https:\/\/corrientesdetarde.com\/index.php\/wp-json\/wp\/v2\/categories?post=115446"},{"taxonomy":"post_tag","embeddable":true,"href":"https:\/\/corrientesdetarde.com\/index.php\/wp-json\/wp\/v2\/tags?post=115446"}],"curies":[{"name":"wp","href":"https:\/\/api.w.org\/{rel}","templated":true}]}}