{"id":115452,"date":"2023-12-31T21:00:47","date_gmt":"2024-01-01T00:00:47","guid":{"rendered":"https:\/\/corrientesdetarde.com\/?p=115452"},"modified":"2023-12-31T21:00:52","modified_gmt":"2024-01-01T00:00:52","slug":"asi-recibio-wanda-nara-el-ano-nuevo-en-dubai","status":"publish","type":"post","link":"https:\/\/corrientesdetarde.com\/index.php\/espectaculos\/asi-recibio-wanda-nara-el-ano-nuevo-en-dubai\/","title":{"rendered":"As\u00ed recibi\u00f3 Wanda Nara el a\u00f1o nuevo en Dubai."},"content":{"rendered":"\n<h2 class=\"wp-block-heading\">La empresaria, que disfruta de unas vacaciones junto a su familia, mostr\u00f3 c\u00f3mo celebr\u00f3 la llegada del 2024.<\/h2>\n\n\n\n<p>En la playa, con una copa en la mano y con una vista privilegiada de los fuegos artificiales,\u00a0<strong>Wanda Nara\u00a0<\/strong>recibi\u00f3 el 2024 junto a toda su familia en Dubai. Acompa\u00f1ada por sus hijos y su esposo,<strong>\u00a0Mauro Icardi<\/strong>, la empresaria celebr\u00f3 la llegada de a\u00f1o nuevo.<\/p>\n\n\n\n<p>A trav\u00e9s de un posteo en Instagram, la empresaria mostr\u00f3 el momento exacto en el que el cielo se iluminaba de luces verdes y amarillas, mientras ella y su familia posaban con sus tragos en la mano. En las siguientes im\u00e1genes del carrusel que comparti\u00f3 en su feed, Wanda e Icardi sonr\u00eden y resaltan en una alfombra roja. \u201cFeliz 2024\u2033, escribi\u00f3 la bailarina junto a un emoji de copas brindando y un coraz\u00f3n.<\/p>\n\n\n\n<p><img loading=\"lazy\" decoding=\"async\" alt=\"La empresaria festej\u00f3 con su familia en la playa (Foto Instagram)\" height=\"591\" width=\"1050\" src=\"https:\/\/www.infobae.com\/new-resizer\/93N2RwAgn3L2swhPVNbMcYN43nk=\/420x236\/filters:format(webp):quality(85)\/cloudfront-us-east-1.images.arcpublishing.com\/infobae\/P2XYM73FO5BNPCCJBNW5Z7OFK4.jpg%20420w\" srcset=\"https:\/\/www.infobae.com\/new-resizer\/93N2RwAgn3L2swhPVNbMcYN43nk=\/420x236\/filters:format(webp):quality(85)\/cloudfront-us-east-1.images.arcpublishing.com\/infobae\/P2XYM73FO5BNPCCJBNW5Z7OFK4.jpg 420w,https:\/\/www.infobae.com\/new-resizer\/imEvVrGHM3JR34lx4ZlHbgaXWdk=\/768x432\/filters:format(webp):quality(85)\/cloudfront-us-east-1.images.arcpublishing.com\/infobae\/P2XYM73FO5BNPCCJBNW5Z7OFK4.jpg 768w,https:\/\/www.infobae.com\/new-resizer\/Lr2CHkOTq-3cmA4yO8_oH74z4xk=\/992x558\/filters:format(webp):quality(85)\/cloudfront-us-east-1.images.arcpublishing.com\/infobae\/P2XYM73FO5BNPCCJBNW5Z7OFK4.jpg 992w,https:\/\/www.infobae.com\/new-resizer\/te6QNB1TNzYQerK8hq9uu1ayQfQ=\/1200x675\/filters:format(webp):quality(85)\/cloudfront-us-east-1.images.arcpublishing.com\/infobae\/P2XYM73FO5BNPCCJBNW5Z7OFK4.jpg 1200w,https:\/\/www.infobae.com\/new-resizer\/JO-WHWz4XSvZ3JBKxFRoMN6-HjU=\/1440x810\/filters:format(webp):quality(85)\/cloudfront-us-east-1.images.arcpublishing.com\/infobae\/P2XYM73FO5BNPCCJBNW5Z7OFK4.jpg 1440w\">La empresaria festej\u00f3 con su familia en la playa (Foto Instagram)<\/p>\n\n\n\n<p>El cierre de la noche destac\u00f3 con una cena a cielo abierto. La misma fue retratada en la publicaci\u00f3n de la ganadora del Bailando de Italia, donde se ve\u00eda a sus hijos a la espera de los platos. Por un lado, las chicas luc\u00edan vestidos blancos y unos antifaces brillantes. Mientras que los varones vest\u00edan camisa, mo\u00f1o y galeras negras.<\/p>\n\n\n\n<p>Con camisa blanca, corbata y chaleco negro, la medi\u00e1tica luci\u00f3 un look elegante acorde a la celebraci\u00f3n. En un tono parecido, el futbolista se destac\u00f3 con un conjunto totalmente blanco<\/p>\n\n\n\n<p><img loading=\"lazy\" decoding=\"async\" alt=\"Wanda Nara y su familia celebr\u00f3 a\u00f1o nuevo, el look que usaron (Foto Instagram)\" height=\"1350\" width=\"1080\" src=\"https:\/\/www.infobae.com\/new-resizer\/1y_EOb4UKo68mpPrg8lQWQG10fE=\/420x560\/filters:format(webp):quality(85)\/cloudfront-us-east-1.images.arcpublishing.com\/infobae\/KC2PC25YEBECZPSCA4BKHN4PNA.jpg%20420w\" srcset=\"https:\/\/www.infobae.com\/new-resizer\/1y_EOb4UKo68mpPrg8lQWQG10fE=\/420x560\/filters:format(webp):quality(85)\/cloudfront-us-east-1.images.arcpublishing.com\/infobae\/KC2PC25YEBECZPSCA4BKHN4PNA.jpg 420w,https:\/\/www.infobae.com\/new-resizer\/V8d1wLQB59ple7KncrKWuLMBZ3Y=\/768x1024\/filters:format(webp):quality(85)\/cloudfront-us-east-1.images.arcpublishing.com\/infobae\/KC2PC25YEBECZPSCA4BKHN4PNA.jpg 768w,https:\/\/www.infobae.com\/new-resizer\/maM7QXtb864dJhPKL57w_5O-Vb0=\/992x1323\/filters:format(webp):quality(85)\/cloudfront-us-east-1.images.arcpublishing.com\/infobae\/KC2PC25YEBECZPSCA4BKHN4PNA.jpg 992w,https:\/\/www.infobae.com\/new-resizer\/82If2h-5kXdJ9pnqMoC96xkzGNo=\/1200x1600\/filters:format(webp):quality(85)\/cloudfront-us-east-1.images.arcpublishing.com\/infobae\/KC2PC25YEBECZPSCA4BKHN4PNA.jpg 1200w\">Wanda Nara y su familia celebr\u00f3 a\u00f1o nuevo, el look que usaron (Foto Instagram)<\/p>\n\n\n\n<p>Desde temprano, la medi\u00e1tica vivi\u00f3 el \u00faltimo d\u00eda del a\u00f1o con mucha tranquilidad. Tal como mostr\u00f3 en sus stories de Instagram y en TikTok, la exconductora de Masterchef tuvo un fin de a\u00f1o a pura playa, disfrutando del mar. En uno de los videos se la pod\u00eda ver en un momento \u00edntimo, recostada en una reposera, junto a Mauro Icardi. Luego, tambi\u00e9n mostr\u00f3 c\u00f3mo aprovechaban el lugar sus hijos. Mientras sus hijas descansaban y almorzaban, los varones jugaban al f\u00fatbol en la costa del mar.<\/p>\n\n\n\n<p><img loading=\"lazy\" decoding=\"async\" alt=\"Wanda Nara mostr\u00f3 los momentos previos a la cena (Foto Instagram)\" height=\"1350\" width=\"1080\" src=\"https:\/\/www.infobae.com\/new-resizer\/HBau1tQWMDzRaRKxXOtegeKfgaU=\/420x560\/filters:format(webp):quality(85)\/cloudfront-us-east-1.images.arcpublishing.com\/infobae\/7ZV22RIKVNAQBMSV24IP4KPFFQ.jpg%20420w\" srcset=\"https:\/\/www.infobae.com\/new-resizer\/HBau1tQWMDzRaRKxXOtegeKfgaU=\/420x560\/filters:format(webp):quality(85)\/cloudfront-us-east-1.images.arcpublishing.com\/infobae\/7ZV22RIKVNAQBMSV24IP4KPFFQ.jpg 420w,https:\/\/www.infobae.com\/new-resizer\/hfkZH6TvXgJGC1E6THbyjPG5MVc=\/768x1024\/filters:format(webp):quality(85)\/cloudfront-us-east-1.images.arcpublishing.com\/infobae\/7ZV22RIKVNAQBMSV24IP4KPFFQ.jpg 768w,https:\/\/www.infobae.com\/new-resizer\/l206b-YMSq-ztWuxfrTiwctPjHk=\/992x1323\/filters:format(webp):quality(85)\/cloudfront-us-east-1.images.arcpublishing.com\/infobae\/7ZV22RIKVNAQBMSV24IP4KPFFQ.jpg 992w,https:\/\/www.infobae.com\/new-resizer\/MGLcOWLD3RVZCy8Iktb9WIaJ2WY=\/1200x1600\/filters:format(webp):quality(85)\/cloudfront-us-east-1.images.arcpublishing.com\/infobae\/7ZV22RIKVNAQBMSV24IP4KPFFQ.jpg 1200w\">Wanda Nara mostr\u00f3 los momentos previos a la cena (Foto Instagram)<\/p>\n\n\n\n<p>D\u00edas atr\u00e1s, Wanda tambi\u00e9n hab\u00eda mostrado un divertido momento que vivi\u00f3 con sus hijos. Todo empez\u00f3 cuando la familia fue al supermercado. All\u00ed, Wanda dejo ver el entusiasmo que ten\u00edan sus hijos por los diversos juguetes que encontraban. \u201cEstoy en un toys, en Arabia Saudita. Y voy a contar cuantas veces mis hijos dicen ma, mami, mam\u00e1, en un minuto\u201d, comenz\u00f3 diciendo la conductora a c\u00e1mara. Inmediatamente, una de sus hijas le pregunt\u00f3: \u201cMa, \u00bfme compras el skate?\u201d. Enseguida todos los dem\u00e1s fueron con la misma idea y le ped\u00edan a su madre el juguete. \u201cMami, \u00bfqu\u00e9 te doy si me compr\u00e1s el skate? Mami, \u00bfqu\u00e9 te doy?\u00bfQu\u00e9 te doy y me lo compras?\u201d, le insist\u00eda la menor.<\/p>\n\n\n\n<p><img loading=\"lazy\" decoding=\"async\" alt=\"Uno de los momentos \u00edntimos que comparti\u00f3 Wanda Nara con Mauro Icardi (Foto Instagram)\" height=\"1350\" width=\"1080\" src=\"https:\/\/www.infobae.com\/new-resizer\/TEu1GQsVBErKUzgAR2EdAIazRao=\/420x560\/filters:format(webp):quality(85)\/cloudfront-us-east-1.images.arcpublishing.com\/infobae\/IY2H3DZZUFE6FEDNENFDBTQA3Y.jpg%20420w\" srcset=\"https:\/\/www.infobae.com\/new-resizer\/TEu1GQsVBErKUzgAR2EdAIazRao=\/420x560\/filters:format(webp):quality(85)\/cloudfront-us-east-1.images.arcpublishing.com\/infobae\/IY2H3DZZUFE6FEDNENFDBTQA3Y.jpg 420w,https:\/\/www.infobae.com\/new-resizer\/031tmr5fLrn9ZQ75UpVD5bu0dvo=\/768x1024\/filters:format(webp):quality(85)\/cloudfront-us-east-1.images.arcpublishing.com\/infobae\/IY2H3DZZUFE6FEDNENFDBTQA3Y.jpg 768w,https:\/\/www.infobae.com\/new-resizer\/-lqqRAlyPkDBMzndZ7i0lLEKWho=\/992x1323\/filters:format(webp):quality(85)\/cloudfront-us-east-1.images.arcpublishing.com\/infobae\/IY2H3DZZUFE6FEDNENFDBTQA3Y.jpg 992w,https:\/\/www.infobae.com\/new-resizer\/fOMrkSljQwJj28xLYt7Zn16Plms=\/1200x1600\/filters:format(webp):quality(85)\/cloudfront-us-east-1.images.arcpublishing.com\/infobae\/IY2H3DZZUFE6FEDNENFDBTQA3Y.jpg 1200w\">Uno de los momentos \u00edntimos que comparti\u00f3 Wanda Nara con Mauro Icardi (Foto Instagram)<\/p>\n\n\n\n<p>Al ver que su madre segu\u00eda caminando sin dar una respuesta, la m\u00e1s chica redobl\u00f3 la apuesta: \u201cMami, te hago una apuesta, o me compr\u00e1s esto o me compr\u00e1s todo lo que toco en cinco segundos. Me la compras y nunca m\u00e1s te hablo\u201d. Ante la exigencia, la esposa de Icardi respondi\u00f3: \u201cYo quiero que me hables\u201d.<\/p>\n\n\n\n<p><img loading=\"lazy\" decoding=\"async\" alt=\"As\u00ed recibi\u00f3 Wanda Nara el a\u00f1o nuevo en Dubai: amor, tragos y una lluvia de fuegos artificiales (Foto Instagram)\" height=\"1350\" width=\"1080\" src=\"https:\/\/www.infobae.com\/new-resizer\/xGSEYFXGdpy-UHa-RxctysADWEI=\/420x560\/filters:format(webp):quality(85)\/cloudfront-us-east-1.images.arcpublishing.com\/infobae\/26UDOE5XT5DTFAD6CZUQMH746A.jpg%20420w\" srcset=\"https:\/\/www.infobae.com\/new-resizer\/xGSEYFXGdpy-UHa-RxctysADWEI=\/420x560\/filters:format(webp):quality(85)\/cloudfront-us-east-1.images.arcpublishing.com\/infobae\/26UDOE5XT5DTFAD6CZUQMH746A.jpg 420w,https:\/\/www.infobae.com\/new-resizer\/GFt6f6jxSWiOCBlqyter6G6eTbw=\/768x1024\/filters:format(webp):quality(85)\/cloudfront-us-east-1.images.arcpublishing.com\/infobae\/26UDOE5XT5DTFAD6CZUQMH746A.jpg 768w,https:\/\/www.infobae.com\/new-resizer\/cUG0c1GdCqyrocWrR1N1Y_IGrF0=\/992x1323\/filters:format(webp):quality(85)\/cloudfront-us-east-1.images.arcpublishing.com\/infobae\/26UDOE5XT5DTFAD6CZUQMH746A.jpg 992w,https:\/\/www.infobae.com\/new-resizer\/vIjA4NMuORf4ucV6KBz7mprvzAs=\/1200x1600\/filters:format(webp):quality(85)\/cloudfront-us-east-1.images.arcpublishing.com\/infobae\/26UDOE5XT5DTFAD6CZUQMH746A.jpg 1200w\">As\u00ed recibi\u00f3 Wanda Nara el a\u00f1o nuevo en Dubai: amor, tragos y una lluvia de fuegos artificiales (Foto Instagram)<\/p>\n\n\n\n<p>Los segundos transcurr\u00edan y, mientras la familia recorr\u00eda los pasillos, los chicos segu\u00edan maravill\u00e1ndose con cada juguete que encontraban. \u201cChicos, en serio, \u00bfsaben cu\u00e1ntas veces dijeron ma? Ya me estalla la cabeza, perd\u00ed a Isi encima\u201d, inmediatamente, Wanda comenz\u00f3 a gritar el nombre de su hija y caminar entre los pasillos hasta dar con ella. Al no poder verla la empresaria incluso arriesg\u00f3: \u201cSi te encuentro te compro la patineta. Uh, retiro lo dicho\u201d.<\/p>\n\n\n\n<p><img loading=\"lazy\" decoding=\"async\" alt=\"El look de las hijas de Wanda Nara (Foto Instagram)\" height=\"1350\" width=\"1080\" src=\"https:\/\/www.infobae.com\/new-resizer\/-uyb7BVhA0jtvIQqGMevuxjWR2Y=\/420x560\/filters:format(webp):quality(85)\/cloudfront-us-east-1.images.arcpublishing.com\/infobae\/7U5FE7GBYZHELHFRZ4HUZBNX5U.jpg%20420w\" srcset=\"https:\/\/www.infobae.com\/new-resizer\/-uyb7BVhA0jtvIQqGMevuxjWR2Y=\/420x560\/filters:format(webp):quality(85)\/cloudfront-us-east-1.images.arcpublishing.com\/infobae\/7U5FE7GBYZHELHFRZ4HUZBNX5U.jpg 420w,https:\/\/www.infobae.com\/new-resizer\/2ycIj_4guh7BrZlMvzNIq6tBwNs=\/768x1024\/filters:format(webp):quality(85)\/cloudfront-us-east-1.images.arcpublishing.com\/infobae\/7U5FE7GBYZHELHFRZ4HUZBNX5U.jpg 768w,https:\/\/www.infobae.com\/new-resizer\/0hJdN69U_LIIZhmyjQAtck_NoIM=\/992x1323\/filters:format(webp):quality(85)\/cloudfront-us-east-1.images.arcpublishing.com\/infobae\/7U5FE7GBYZHELHFRZ4HUZBNX5U.jpg 992w,https:\/\/www.infobae.com\/new-resizer\/z-0BeKHkprT9HcuW3NHJjWGYgS0=\/1200x1600\/filters:format(webp):quality(85)\/cloudfront-us-east-1.images.arcpublishing.com\/infobae\/7U5FE7GBYZHELHFRZ4HUZBNX5U.jpg 1200w\">El look de las hijas de Wanda Nara (Foto Instagram)<\/p>\n\n\n\n<p>Tras su paso por la jugueter\u00eda, los hijos de Wanda Nara tambi\u00e9n pasaron por un \u00e1rea de golosinas. Al verlos con las manos llenas de paquetes, la ganadora del Bailando con le Stelle dijo: \u201cVieron, fueron m\u00e1s felices con esto que con la patineta\u201d.<\/p>\n\n\n\n<p><img loading=\"lazy\" decoding=\"async\" alt=\"El look de los hijos de Wanda Nara (Foto Instagram)\" height=\"1350\" width=\"1080\" src=\"https:\/\/www.infobae.com\/new-resizer\/_sdkHd4CSD2s_feKTcmW_k6QdMs=\/420x560\/filters:format(webp):quality(85)\/cloudfront-us-east-1.images.arcpublishing.com\/infobae\/W4SVMXBBDNCKBIC3JRKE6ONI3E.jpg%20420w\" srcset=\"https:\/\/www.infobae.com\/new-resizer\/_sdkHd4CSD2s_feKTcmW_k6QdMs=\/420x560\/filters:format(webp):quality(85)\/cloudfront-us-east-1.images.arcpublishing.com\/infobae\/W4SVMXBBDNCKBIC3JRKE6ONI3E.jpg 420w,https:\/\/www.infobae.com\/new-resizer\/tsroChkPT6PjoKQ4TpzqcxZALGQ=\/768x1024\/filters:format(webp):quality(85)\/cloudfront-us-east-1.images.arcpublishing.com\/infobae\/W4SVMXBBDNCKBIC3JRKE6ONI3E.jpg 768w,https:\/\/www.infobae.com\/new-resizer\/urusm9AxxdZsEqYLH5oKdwChcXg=\/992x1323\/filters:format(webp):quality(85)\/cloudfront-us-east-1.images.arcpublishing.com\/infobae\/W4SVMXBBDNCKBIC3JRKE6ONI3E.jpg 992w,https:\/\/www.infobae.com\/new-resizer\/LQcYty6n_wnBvi36vxR9NGjdLLg=\/1200x1600\/filters:format(webp):quality(85)\/cloudfront-us-east-1.images.arcpublishing.com\/infobae\/W4SVMXBBDNCKBIC3JRKE6ONI3E.jpg 1200w\">El look de los hijos de Wanda Nara (Foto Instagram)<\/p>\n\n\n\n<p>Despu\u00e9s, al ver la cantidad de paquetes, la bailarina dijo: \u201cNo puedo m\u00e1s, o sea me voy a gastar todo mi sueldo del bailando en papas fritas, papas fritas picantes\u201d. Al ver la respuesta de su madre, una de sus hijas le devolvi\u00f3: \u201cMuy bien por ganar en el bailando\u201d. Mientras tanto el cajero pasaba por el lector la decena de paquetes que hab\u00edan elegido. El video cerr\u00f3 con uno de los chicos mirando a c\u00e1mara y expresando su cari\u00f1o por su madre, mientras se llevaba su compra: \u201cTe amo mucho\u201d.<\/p>\n\n\n\n<p><\/p>\n\n\n\n<p><em>Fuente: Infobae.<\/em><\/p>\n","protected":false},"excerpt":{"rendered":"<p>La empresaria, que disfruta de unas vacaciones junto a su familia, mostr\u00f3 c\u00f3mo celebr\u00f3 la llegada del 2024. En la playa, con una copa en la mano y con una&hellip; <\/p>\n","protected":false},"author":6,"featured_media":115453,"comment_status":"closed","ping_status":"open","sticky":false,"template":"","format":"standard","meta":{"footnotes":""},"categories":[19],"tags":[],"class_list":["post-115452","post","type-post","status-publish","format-standard","has-post-thumbnail","hentry","category-espectaculos"],"_links":{"self":[{"href":"https:\/\/corrientesdetarde.com\/index.php\/wp-json\/wp\/v2\/posts\/115452","targetHints":{"allow":["GET"]}}],"collection":[{"href":"https:\/\/corrientesdetarde.com\/index.php\/wp-json\/wp\/v2\/posts"}],"about":[{"href":"https:\/\/corrientesdetarde.com\/index.php\/wp-json\/wp\/v2\/types\/post"}],"author":[{"embeddable":true,"href":"https:\/\/corrientesdetarde.com\/index.php\/wp-json\/wp\/v2\/users\/6"}],"replies":[{"embeddable":true,"href":"https:\/\/corrientesdetarde.com\/index.php\/wp-json\/wp\/v2\/comments?post=115452"}],"version-history":[{"count":1,"href":"https:\/\/corrientesdetarde.com\/index.php\/wp-json\/wp\/v2\/posts\/115452\/revisions"}],"predecessor-version":[{"id":115454,"href":"https:\/\/corrientesdetarde.com\/index.php\/wp-json\/wp\/v2\/posts\/115452\/revisions\/115454"}],"wp:featuredmedia":[{"embeddable":true,"href":"https:\/\/corrientesdetarde.com\/index.php\/wp-json\/wp\/v2\/media\/115453"}],"wp:attachment":[{"href":"https:\/\/corrientesdetarde.com\/index.php\/wp-json\/wp\/v2\/media?parent=115452"}],"wp:term":[{"taxonomy":"category","embeddable":true,"href":"https:\/\/corrientesdetarde.com\/index.php\/wp-json\/wp\/v2\/categories?post=115452"},{"taxonomy":"post_tag","embeddable":true,"href":"https:\/\/corrientesdetarde.com\/index.php\/wp-json\/wp\/v2\/tags?post=115452"}],"curies":[{"name":"wp","href":"https:\/\/api.w.org\/{rel}","templated":true}]}}