{"id":115517,"date":"2024-01-01T11:50:56","date_gmt":"2024-01-01T14:50:56","guid":{"rendered":"https:\/\/corrientesdetarde.com\/?p=115517"},"modified":"2024-01-01T11:51:08","modified_gmt":"2024-01-01T14:51:08","slug":"perros-en-riesgo-en-san-pedro-un-refugio-pide-ayuda-para-comprar-el-alimento-de-unos-185-animales","status":"publish","type":"post","link":"https:\/\/corrientesdetarde.com\/index.php\/sociales\/perros-en-riesgo-en-san-pedro-un-refugio-pide-ayuda-para-comprar-el-alimento-de-unos-185-animales\/","title":{"rendered":"Perros en riesgo en San Pedro: un refugio pide ayuda para comprar el alimento de unos 185 animales"},"content":{"rendered":"\n<h2 class=\"wp-block-heading\"><\/h2>\n\n\n\n<p><strong>Cecilia Tarcetti<\/strong>&nbsp;cuenta la situaci\u00f3n que desde el inicio de diciembre los apremia. Aunque reciben ayuda municipal, el recorte del nuevo gobierno nacional impact\u00f3 en el&nbsp;<strong>Refugio San Pedro,<\/strong>&nbsp;fundado en 1994, y redujeron la cantidad de bolsas con las que les colaboraban.<\/p>\n\n\n\n<p>Todos esos perros \u2014de los cuales la mitad est\u00e1 en condiciones de adopci\u00f3n responsable\u2014 llegaron all\u00ed tras ser abandonados por sus propias familias, otros nacieron en las calles y all\u00ed fueron albergados en el hogar canino de esa localidad.<\/p>\n\n\n\n<p>\u201cEl refugio funciona gracias a la colaboraci\u00f3n de la gente. Tenemos cuatro empleados que son pagados por el mismo refugio. Juntamos el dinero mediante una cuota social la gente aporta y el alimento lo conseguimos gracias a algunas donaciones de gente que colabora con dinero y tambi\u00e9n gracias a quienes donan bolsas de manera mensual, que ser\u00e1n unas diez y adem\u00e1s hacemos rifas, organizamos eventos y tenemos alcanc\u00edas en varios locales de la localidad. Por d\u00eda, se consumen cinco bolsas, alrededor de 150 o 160 al mes\u201d, resume.<\/p>\n\n\n\n<p>Al principio, el municipio estaba pagando el&nbsp;<strong>equivalente a 32 bolsas&nbsp;<\/strong>que luego aumentaron a 100 y aunque no era la totalidad de lo consumido se acercaba a la realidad. Ahora, con el cambio de gobierno pese a que el intendente fue reelecto se atrasaron en el pago de diciembre y eso complic\u00f3 las cosas y ahora buscan ayuda para conseguir comida que, seg\u00fan calcula, alcanza hasta el 2 de enero.<\/p>\n\n\n\n<p>Entendiendo el atraso de este mes y segura de que el dinero llegar\u00e1, Cecilia dice que buscan ayuda para conseguir el alimento porque los perros tienen que comer.<\/p>\n\n\n\n<p>\u201cHace unas semanas hicimos una rifa de fin de a\u00f1o y se recaud\u00f3 dinero, pero no el suficiente para comprar todo el alimento para el mes. Por ahora hay comida, pero llegaremos hasta los primeros d\u00edas de enero; al 2, quiz\u00e1s\u201d.<\/p>\n\n\n\n<h2 class=\"wp-block-heading\">Amor animal<\/h2>\n\n\n\n<p>El refugio funciona desde 1994, cuando un grupo de personas decidieron comprar un terreno y albergar a los perros en peligro de ser capturados por las perreras municipales.<\/p>\n\n\n\n<p>\u201c<strong>Era tremendo cada vez que pasaban esos camiones.&nbsp;<\/strong>Levantaban a todos los perros que estaban en la calles, los enlazaban y met\u00edan en el cami\u00f3n y si no los iban a buscar, los sacrificaban\u201d, recuerda los a\u00f1os de horror que se viv\u00eda en los barrios de la provincia de Buenos Aires.<\/p>\n\n\n\n<p><img loading=\"lazy\" decoding=\"async\" alt=\"Las donaciones las reciben en el alias datil.remera.pisada (refugiosanpedro_ )\" height=\"1080\" width=\"1920\" src=\"https:\/\/www.infobae.com\/new-resizer\/R-NHTU73aP46jSG0T7aj-s0vbu0=\/420x236\/filters:format(webp):quality(85)\/cloudfront-us-east-1.images.arcpublishing.com\/infobae\/MXJ27U7YNBG7ZM6T6O7V6JK2QU.jpg%20420w\" srcset=\"https:\/\/www.infobae.com\/new-resizer\/R-NHTU73aP46jSG0T7aj-s0vbu0=\/420x236\/filters:format(webp):quality(85)\/cloudfront-us-east-1.images.arcpublishing.com\/infobae\/MXJ27U7YNBG7ZM6T6O7V6JK2QU.jpg 420w,https:\/\/www.infobae.com\/new-resizer\/dNo0FzvGYlEz_Alz_1xV3gKzTo4=\/768x432\/filters:format(webp):quality(85)\/cloudfront-us-east-1.images.arcpublishing.com\/infobae\/MXJ27U7YNBG7ZM6T6O7V6JK2QU.jpg 768w,https:\/\/www.infobae.com\/new-resizer\/Ph6egC9VQZMuUEmknxQVOA4IBUs=\/992x558\/filters:format(webp):quality(85)\/cloudfront-us-east-1.images.arcpublishing.com\/infobae\/MXJ27U7YNBG7ZM6T6O7V6JK2QU.jpg 992w,https:\/\/www.infobae.com\/new-resizer\/21JK15K8sItTaI50qQigggS9H_k=\/1200x675\/filters:format(webp):quality(85)\/cloudfront-us-east-1.images.arcpublishing.com\/infobae\/MXJ27U7YNBG7ZM6T6O7V6JK2QU.jpg 1200w,https:\/\/www.infobae.com\/new-resizer\/TKF13I1I5llwp0XWKGUwLUTuDIE=\/1440x810\/filters:format(webp):quality(85)\/cloudfront-us-east-1.images.arcpublishing.com\/infobae\/MXJ27U7YNBG7ZM6T6O7V6JK2QU.jpg 1440w\">Las donaciones las reciben en el alias datil.remera.pisada (refugiosanpedro_ )<\/p>\n\n\n\n<p>\u201cEste terreno fue comprado para ocultar a los animales que andaban en la calle y que la perrera no se lo llevara. Los dejaban ah\u00ed para darles una nueva vida. Fueron dos hombres los que lo compraron y contrataron a una persona para trabajar. A los pocos a\u00f1os, ser\u00eda 1996, el refugio colaps\u00f3 y ya no hab\u00eda espacio para tantos perros.<strong>&nbsp;Llegaron a ser 800 animales y tampoco ten\u00edan comida suficiente para todos. Fue un caos<\/strong>\u201d, cuenta el inicio de la historia del lugar del que hoy se hace cargo a tiempo completo.<\/p>\n\n\n\n<p>La soluci\u00f3n que encontraron para ayudar a los perros no tuvo el visto buenos de todos los vecinos. \u201cHubo un par de denuncias o qu\u00e9, pero parece que estaba todo en malas condiciones. Se llamaba&nbsp;<em>Asociaci\u00f3n para la Protecci\u00f3n Animal y Medio Ambiente (APAMA )<\/em>y, lamentablemente,&nbsp;<strong>todo se les fue de las manos porque hab\u00eda s\u00f3lo una persona para atender a todos<\/strong>&nbsp;<strong>los perros y eso es imposible<\/strong>&nbsp;porque hay limpiarles los caniles, los espacios abiertos, darles agua, darles de comer y no ten\u00edan mucho para que comieran. Esa es la historia que me contaron en&nbsp;<strong>2003<\/strong>, cuando llegu\u00e9 como colaboradora del refugio y me encontr\u00e9 con un mont\u00f3n de animales en malas condiciones, con hambre, sarna&#8230; hab\u00eda mucho por hacer\u201d, cuenta Cecilia.<\/p>\n\n\n\n<p>Al poco tiempo, comenz\u00f3 a darle otra forma con la ayuda de una amiga que ya falleci\u00f3, al igual que los hombres que compraron el terreno.<\/p>\n\n\n\n<p><img loading=\"lazy\" decoding=\"async\" alt=\"Pese a que lograron juntar dinero en una rifa, no alcanz\u00f3 para costear las bolsas de comida necesarias \" height=\"1920\" width=\"1920\" src=\"https:\/\/www.infobae.com\/new-resizer\/SNbM7UdJEBudJ8LEzCa4YlENlDA=\/420x420\/filters:format(webp):quality(85)\/cloudfront-us-east-1.images.arcpublishing.com\/infobae\/FG6JONRHZZAZBJW7FDJIBTIA4Y.jpg%20420w\" srcset=\"https:\/\/www.infobae.com\/new-resizer\/SNbM7UdJEBudJ8LEzCa4YlENlDA=\/420x420\/filters:format(webp):quality(85)\/cloudfront-us-east-1.images.arcpublishing.com\/infobae\/FG6JONRHZZAZBJW7FDJIBTIA4Y.jpg 420w,https:\/\/www.infobae.com\/new-resizer\/HI-Nz6XLNI_sSpRrqatrzoLowSY=\/768x768\/filters:format(webp):quality(85)\/cloudfront-us-east-1.images.arcpublishing.com\/infobae\/FG6JONRHZZAZBJW7FDJIBTIA4Y.jpg 768w,https:\/\/www.infobae.com\/new-resizer\/qKoEUZ3lrlv0iLJsV-3pwCZKUKc=\/992x992\/filters:format(webp):quality(85)\/cloudfront-us-east-1.images.arcpublishing.com\/infobae\/FG6JONRHZZAZBJW7FDJIBTIA4Y.jpg 992w,https:\/\/www.infobae.com\/new-resizer\/-ccANkwsD6QKohIT4ISOiNRakro=\/1200x1200\/filters:format(webp):quality(85)\/cloudfront-us-east-1.images.arcpublishing.com\/infobae\/FG6JONRHZZAZBJW7FDJIBTIA4Y.jpg 1200w,https:\/\/www.infobae.com\/new-resizer\/kQ5vE0GzqWhwTCDb-Fk0IieXFwo=\/1440x1440\/filters:format(webp):quality(85)\/cloudfront-us-east-1.images.arcpublishing.com\/infobae\/FG6JONRHZZAZBJW7FDJIBTIA4Y.jpg 1440w\">Pese a que lograron juntar dinero en una rifa, no alcanz\u00f3 para costear las bolsas de comida necesarias<\/p>\n\n\n\n<p>\u201cCon esa amiga empezamos a organizar eventos para el D\u00eda de Animal, hac\u00edamos rifas para poder conseguir medicamentos y empezamos a contactarnos con los veterinarios que, hasta ese momento, sab\u00edan que exist\u00eda refugio, pero nadie se quer\u00eda meter, no s\u00e9 por qu\u00e9, la verdad. Con esos eventos empezamos a hacernos visibles. Despu\u00e9s, empec\u00e9 a trabajar en otro lugar y ya no pod\u00eda organizar mi tiempo para ir, pero mi amiga sigui\u00f3, sigui\u00f3 y sigui\u00f3&#8230; En un momento, estos dos se\u00f1ores que hab\u00edan comprado el terreno se desligan un poco de la situaci\u00f3n y le dan el poder a otra persona y se mantuvo al empleado, pero esa nueva persona ten\u00eda todo el poder y aunque no hizo las cosas mal, s\u00ed empez\u00f3 a reducir la cantidad de animales. Cuando se mor\u00edan, no entraba nuevos y redujo la cantidad de perros\u201d, indica la proteccionista.<\/p>\n\n\n\n<p>Eso tambi\u00e9n redujo las enfermedades y la calidad de vida de los habitantes. \u201cYa no pasaban hambre, pero al no ingresar perros, hab\u00eda muchos en las calles\u201d.<\/p>\n\n\n\n<p>Todo suced\u00eda mientras Cecilia no pod\u00eda organizar su tiempo para volver a colaborar en el refugio, pero nunca dej\u00f3 de ayudar a los perros. \u201cSegu\u00ed rescatando animales en mi casa, que me qued\u00f3 chica y me mud\u00e9 a una casa con un patio enorme. Llegu\u00e9 a tener 92 animales. Eso fue en el 2014. Empec\u00e9 con cinco, despu\u00e9s diez y llegu\u00e9 a tener 92, en 2017. Un d\u00eda me pidieron la casa (la alquilaba) y la desesperaci\u00f3n fue tremenda. Pero Fabi\u00e1n, el chico que estaba a cargo del refugio, me propuso llevarlos all\u00ed. Armamos m\u00e1s caniles y cada uno se hizo de sus animales. Hab\u00eda 70 y se sumaron los m\u00edos. Comenzamos con las adopciones\u201d, resume.<\/p>\n\n\n\n<p><img loading=\"lazy\" decoding=\"async\" alt=\"El refugio est\u00e1 en Lucio Mansilla 2500, localidad de San Pedro (refugiosanpedro_)\" height=\"1080\" width=\"1920\" src=\"https:\/\/www.infobae.com\/new-resizer\/LLF2oAgxikP52OYf558Ag807DDU=\/420x236\/filters:format(webp):quality(85)\/cloudfront-us-east-1.images.arcpublishing.com\/infobae\/B76X7NR7AREHLEYY5D2AGJ26JY.jpg%20420w\" srcset=\"https:\/\/www.infobae.com\/new-resizer\/LLF2oAgxikP52OYf558Ag807DDU=\/420x236\/filters:format(webp):quality(85)\/cloudfront-us-east-1.images.arcpublishing.com\/infobae\/B76X7NR7AREHLEYY5D2AGJ26JY.jpg 420w,https:\/\/www.infobae.com\/new-resizer\/1SZhZMcxC5rlg3fIeOYoBQapr7Q=\/768x432\/filters:format(webp):quality(85)\/cloudfront-us-east-1.images.arcpublishing.com\/infobae\/B76X7NR7AREHLEYY5D2AGJ26JY.jpg 768w,https:\/\/www.infobae.com\/new-resizer\/EmQJiYRih9s66SUPyNXtu_Mb7gA=\/992x558\/filters:format(webp):quality(85)\/cloudfront-us-east-1.images.arcpublishing.com\/infobae\/B76X7NR7AREHLEYY5D2AGJ26JY.jpg 992w,https:\/\/www.infobae.com\/new-resizer\/R65eTG7e7inL3CrccTNcZwIDG0w=\/1200x675\/filters:format(webp):quality(85)\/cloudfront-us-east-1.images.arcpublishing.com\/infobae\/B76X7NR7AREHLEYY5D2AGJ26JY.jpg 1200w,https:\/\/www.infobae.com\/new-resizer\/RnCMwDqyMULSSROSNsgRc5yr940=\/1440x810\/filters:format(webp):quality(85)\/cloudfront-us-east-1.images.arcpublishing.com\/infobae\/B76X7NR7AREHLEYY5D2AGJ26JY.jpg 1440w\">El refugio est\u00e1 en Lucio Mansilla 2500, localidad de San Pedro (refugiosanpedro_)<\/p>\n\n\n\n<p>En enero de 2018, Fabi\u00e1n le dijo que quer\u00eda dejar el refugio por cuestiones de salud y le propuso que se hiciera cargo.<\/p>\n\n\n\n<p>\u201cDe un d\u00eda a otro qued\u00e9 a cargo de 150 animales. Comenzaron a ayudarme mis amigas, hubo gente que comenz\u00f3 a colaborar porque ya conoc\u00edan lo que yo hac\u00eda y as\u00ed surgi\u00f3 el Refugio San Pedro hasta hoy\u201d.<\/p>\n\n\n\n<p>De los 185 perros, un poco m\u00e1s de la mitad est\u00e1n en condiciones de ser adoptados, de manera responsable y con contrato. \u201cHay desde cachorros de meses hasta animales de 15 a\u00f1os, para adoptar y perros que est\u00e1n enfermitos y necesitan medicaci\u00f3n\u201d.<\/p>\n\n\n\n<p>\u201cEl refugio no lo vamos a cerrar, vamos a llevarlo hasta lo \u00faltimo. Entre los perros enfermos hay cardiacos, otros que convulsionan y viejitos, que pueden ser adoptados\u201d, asegura y dice que hoy la ayuda fundamental pasa por las bolsas de alimento balanceado.<\/p>\n\n\n\n<p><em>*Toda la actividad del refugio puede verse en el perfil de Instagram @refugiosanpedro_ y las donaciones se reciben en el alias DATIL.REMERA.PISADA. Tambi\u00e9n pueden comunicarse por mensaje privado para ofrecer distintas colaboraciones<\/em><\/p>\n","protected":false},"excerpt":{"rendered":"<p>Cecilia Tarcetti&nbsp;cuenta la situaci\u00f3n que desde el inicio de diciembre los apremia. Aunque reciben ayuda municipal, el recorte del nuevo gobierno nacional impact\u00f3 en el&nbsp;Refugio San Pedro,&nbsp;fundado en 1994, y&hellip; <\/p>\n","protected":false},"author":1,"featured_media":115527,"comment_status":"closed","ping_status":"open","sticky":false,"template":"","format":"standard","meta":{"footnotes":""},"categories":[17],"tags":[],"class_list":["post-115517","post","type-post","status-publish","format-standard","has-post-thumbnail","hentry","category-sociales"],"_links":{"self":[{"href":"https:\/\/corrientesdetarde.com\/index.php\/wp-json\/wp\/v2\/posts\/115517","targetHints":{"allow":["GET"]}}],"collection":[{"href":"https:\/\/corrientesdetarde.com\/index.php\/wp-json\/wp\/v2\/posts"}],"about":[{"href":"https:\/\/corrientesdetarde.com\/index.php\/wp-json\/wp\/v2\/types\/post"}],"author":[{"embeddable":true,"href":"https:\/\/corrientesdetarde.com\/index.php\/wp-json\/wp\/v2\/users\/1"}],"replies":[{"embeddable":true,"href":"https:\/\/corrientesdetarde.com\/index.php\/wp-json\/wp\/v2\/comments?post=115517"}],"version-history":[{"count":1,"href":"https:\/\/corrientesdetarde.com\/index.php\/wp-json\/wp\/v2\/posts\/115517\/revisions"}],"predecessor-version":[{"id":115528,"href":"https:\/\/corrientesdetarde.com\/index.php\/wp-json\/wp\/v2\/posts\/115517\/revisions\/115528"}],"wp:featuredmedia":[{"embeddable":true,"href":"https:\/\/corrientesdetarde.com\/index.php\/wp-json\/wp\/v2\/media\/115527"}],"wp:attachment":[{"href":"https:\/\/corrientesdetarde.com\/index.php\/wp-json\/wp\/v2\/media?parent=115517"}],"wp:term":[{"taxonomy":"category","embeddable":true,"href":"https:\/\/corrientesdetarde.com\/index.php\/wp-json\/wp\/v2\/categories?post=115517"},{"taxonomy":"post_tag","embeddable":true,"href":"https:\/\/corrientesdetarde.com\/index.php\/wp-json\/wp\/v2\/tags?post=115517"}],"curies":[{"name":"wp","href":"https:\/\/api.w.org\/{rel}","templated":true}]}}