{"id":115532,"date":"2024-01-01T11:54:22","date_gmt":"2024-01-01T14:54:22","guid":{"rendered":"https:\/\/corrientesdetarde.com\/?p=115532"},"modified":"2024-01-01T11:54:34","modified_gmt":"2024-01-01T14:54:34","slug":"concordia-tendra-su-gran-fiesta-del-dorado","status":"publish","type":"post","link":"https:\/\/corrientesdetarde.com\/index.php\/eventos\/concordia-tendra-su-gran-fiesta-del-dorado\/","title":{"rendered":"Concordia tendr\u00e1 su gran fiesta del dorado"},"content":{"rendered":"\n<p>Concordia, con la calidad de dorados que tiene y con una especie que es un sello distintivo para la provincia de Entre R\u00edos no pod\u00eda no tener una fiesta que lo tenga como estandarte. Esa propuesta estar\u00e1 desde el pr\u00f3ximo a\u00f1o, con un evento que promete ser un cl\u00e1sico en el pa\u00eds.&nbsp;<\/p>\n\n\n\n<p>Estar\u00e1 a cargo de la Pe\u00f1a Los Divertidos, quienes ya confirmaron la fecha de realizaci\u00f3n de la Fiesta Internacional del Gran Dorado, tras varios meses de trabajo para lograr los objetivos propuestos. La primera edici\u00f3n de este concurso de pesca deportiva se realizar\u00e1 en Concordia, en la provincia de Entre R\u00edos, el 17 y 18 de febrero, en el camping La Tortuga, y tendr\u00e1 su lugar de competencia en la zona de exclusi\u00f3n de la Represa de Salto Grande.<\/p>\n\n\n\n<p>Desde la organizaci\u00f3n adelantan que habr\u00e1 actividades sociales y la tradicional cena de entrega de premios, d\u00e1ndose a conocer en los pr\u00f3ximos d\u00edas la fecha de inscripci\u00f3n y sus modalidades, aunque ya pueden obtener m\u00e1s informaci\u00f3n los pescadores a trav\u00e9s del Instagram de Los Divertidos Pesca.&nbsp;<\/p>\n\n\n\n<p>Mucho tiene que ver el apoyo de la Comisi\u00f3n Administradora para el Fondo Especial de Salto Grande (CAFESG) y la Comisi\u00f3n Administradora del R\u00edo Uruguay (CARU), que gestionaron y otorgaron la autorizaci\u00f3n para el desarrollo del certamen en la zona de exclusi\u00f3n. A trav\u00e9s del evento, se busca convocar a visitantes del pa\u00eds y el exterior, dado que tendr\u00e1 lugar en uno de los pesqueros m\u00e1s importantes del mundo ubicado a los pies de la represa de Salto Grande y contar\u00e1 con una cancha amplia, hasta la zona de Salto Chico.<\/p>\n","protected":false},"excerpt":{"rendered":"<p>Concordia, con la calidad de dorados que tiene y con una especie que es un sello distintivo para la provincia de Entre R\u00edos no pod\u00eda no tener una fiesta que&hellip; <\/p>\n","protected":false},"author":1,"featured_media":115533,"comment_status":"closed","ping_status":"open","sticky":false,"template":"","format":"standard","meta":{"footnotes":""},"categories":[22],"tags":[],"class_list":["post-115532","post","type-post","status-publish","format-standard","has-post-thumbnail","hentry","category-eventos"],"_links":{"self":[{"href":"https:\/\/corrientesdetarde.com\/index.php\/wp-json\/wp\/v2\/posts\/115532","targetHints":{"allow":["GET"]}}],"collection":[{"href":"https:\/\/corrientesdetarde.com\/index.php\/wp-json\/wp\/v2\/posts"}],"about":[{"href":"https:\/\/corrientesdetarde.com\/index.php\/wp-json\/wp\/v2\/types\/post"}],"author":[{"embeddable":true,"href":"https:\/\/corrientesdetarde.com\/index.php\/wp-json\/wp\/v2\/users\/1"}],"replies":[{"embeddable":true,"href":"https:\/\/corrientesdetarde.com\/index.php\/wp-json\/wp\/v2\/comments?post=115532"}],"version-history":[{"count":1,"href":"https:\/\/corrientesdetarde.com\/index.php\/wp-json\/wp\/v2\/posts\/115532\/revisions"}],"predecessor-version":[{"id":115534,"href":"https:\/\/corrientesdetarde.com\/index.php\/wp-json\/wp\/v2\/posts\/115532\/revisions\/115534"}],"wp:featuredmedia":[{"embeddable":true,"href":"https:\/\/corrientesdetarde.com\/index.php\/wp-json\/wp\/v2\/media\/115533"}],"wp:attachment":[{"href":"https:\/\/corrientesdetarde.com\/index.php\/wp-json\/wp\/v2\/media?parent=115532"}],"wp:term":[{"taxonomy":"category","embeddable":true,"href":"https:\/\/corrientesdetarde.com\/index.php\/wp-json\/wp\/v2\/categories?post=115532"},{"taxonomy":"post_tag","embeddable":true,"href":"https:\/\/corrientesdetarde.com\/index.php\/wp-json\/wp\/v2\/tags?post=115532"}],"curies":[{"name":"wp","href":"https:\/\/api.w.org\/{rel}","templated":true}]}}