{"id":115544,"date":"2024-01-01T14:05:28","date_gmt":"2024-01-01T17:05:28","guid":{"rendered":"https:\/\/corrientesdetarde.com\/?p=115544"},"modified":"2024-01-01T14:05:31","modified_gmt":"2024-01-01T17:05:31","slug":"2024-bienvenida-emma-la-primer-nacida-correntina","status":"publish","type":"post","link":"https:\/\/corrientesdetarde.com\/index.php\/sociales\/2024-bienvenida-emma-la-primer-nacida-correntina\/","title":{"rendered":"2024: \u00a1Bienvenida Emma!, la primer nacida correntina"},"content":{"rendered":"\n<p>Naci\u00f3 la primera beb\u00e9 del 2024 este lunes alrededor de&nbsp;&nbsp;las 7:25 en el Hospital Vidal de Corrientes.&nbsp;<\/p>\n\n\n\n<p>Se trata de Emma, quien pes\u00f3 3,260 kilogramos y goza de buen estado de salud, seg\u00fan fuentes oficiales.&nbsp;<\/p>\n\n\n\n<p>La flamante mam\u00e1 de apellido Sosa Ruth y su&nbsp;Pap\u00e1 Miguel Angel Sena emocionado por la llegada de Emma.&nbsp;<\/p>\n\n\n\n<p>Para Ruth ser\u00eda el cuarto hijo que tiene y ser\u00edan seis los hermanos, ya que por parte del padre tiene dos hermanos m\u00e1s.<\/p>\n\n\n\n<p>Las Doctoras Residentes \u00d1ahir\u00f1ak, Trioti\u00f1o, y M\u00e9dicas de Planta Doctora Marchi y Doctora Fernandez realizaron el parto , las obst\u00e9tricas Ferezin Florencia y Alegre Irene y las enfermeras que cumplen una labor encomiable en el servicio de el Neo del Hospital Vidal<\/p>\n","protected":false},"excerpt":{"rendered":"<p>Naci\u00f3 la primera beb\u00e9 del 2024 este lunes alrededor de&nbsp;&nbsp;las 7:25 en el Hospital Vidal de Corrientes.&nbsp; Se trata de Emma, quien pes\u00f3 3,260 kilogramos y goza de buen estado&hellip; <\/p>\n","protected":false},"author":1,"featured_media":115548,"comment_status":"closed","ping_status":"open","sticky":false,"template":"","format":"standard","meta":{"footnotes":""},"categories":[17],"tags":[],"class_list":["post-115544","post","type-post","status-publish","format-standard","has-post-thumbnail","hentry","category-sociales"],"_links":{"self":[{"href":"https:\/\/corrientesdetarde.com\/index.php\/wp-json\/wp\/v2\/posts\/115544","targetHints":{"allow":["GET"]}}],"collection":[{"href":"https:\/\/corrientesdetarde.com\/index.php\/wp-json\/wp\/v2\/posts"}],"about":[{"href":"https:\/\/corrientesdetarde.com\/index.php\/wp-json\/wp\/v2\/types\/post"}],"author":[{"embeddable":true,"href":"https:\/\/corrientesdetarde.com\/index.php\/wp-json\/wp\/v2\/users\/1"}],"replies":[{"embeddable":true,"href":"https:\/\/corrientesdetarde.com\/index.php\/wp-json\/wp\/v2\/comments?post=115544"}],"version-history":[{"count":1,"href":"https:\/\/corrientesdetarde.com\/index.php\/wp-json\/wp\/v2\/posts\/115544\/revisions"}],"predecessor-version":[{"id":115549,"href":"https:\/\/corrientesdetarde.com\/index.php\/wp-json\/wp\/v2\/posts\/115544\/revisions\/115549"}],"wp:featuredmedia":[{"embeddable":true,"href":"https:\/\/corrientesdetarde.com\/index.php\/wp-json\/wp\/v2\/media\/115548"}],"wp:attachment":[{"href":"https:\/\/corrientesdetarde.com\/index.php\/wp-json\/wp\/v2\/media?parent=115544"}],"wp:term":[{"taxonomy":"category","embeddable":true,"href":"https:\/\/corrientesdetarde.com\/index.php\/wp-json\/wp\/v2\/categories?post=115544"},{"taxonomy":"post_tag","embeddable":true,"href":"https:\/\/corrientesdetarde.com\/index.php\/wp-json\/wp\/v2\/tags?post=115544"}],"curies":[{"name":"wp","href":"https:\/\/api.w.org\/{rel}","templated":true}]}}