{"id":115844,"date":"2024-01-03T09:54:10","date_gmt":"2024-01-03T12:54:10","guid":{"rendered":"https:\/\/corrientesdetarde.com\/?p=115844"},"modified":"2024-01-03T09:54:22","modified_gmt":"2024-01-03T12:54:22","slug":"nacio-una-nueva-cria-de-oso-hormiguero-en-el-ibera","status":"publish","type":"post","link":"https:\/\/corrientesdetarde.com\/index.php\/informacion-general\/nacio-una-nueva-cria-de-oso-hormiguero-en-el-ibera\/","title":{"rendered":"Naci\u00f3 una nueva cr\u00eda de oso hormiguero en el Iber\u00e1"},"content":{"rendered":"\n<p>&#8220;Comenzamos el a\u00f1o con una gran noticia: naci\u00f3 una cr\u00eda de oso hormiguero en el Parque Nacional Iber\u00e1&#8221;, se\u00f1ala la publicaci\u00f3n realizada a trav\u00e9s de Instagram por @parquesnacionalesar. Se trata de una cr\u00eda de oso hormiguero, hijos de Cope\u00f1a y Morot\u00ed, quienes son adem\u00e1s los primeros de su especie en vivir en completa libertad en el Parque Nacional Iber\u00e1 , fund\u00e1ndose con ellos el tercer n\u00facleo poblacional de osos hormigueros gigantes, despu\u00e9s de d\u00e9cadas de extinci\u00f3n de la especie en la zona.<\/p>\n\n\n\n<p>Respecto a la cantidad de ejemplares, consultamos a Marisi L\u00f3pez, referente de la Fundaci\u00f3n Rewilding en Corrientes quien se\u00f1alaba que:\u00a0&#8220;Se cree que hay alrededor de 300 osos por n\u00facleo poblacional y tenemos alrededor de 5 en los distintos portales del Iber\u00e1&#8221;, y agrega que este ejemplar en particular &#8220;fue liberado en el n\u00facleo del portal Carambola, pero hay n\u00facleos distribuidos en todo el parque con distintos animales&#8221;.<\/p>\n\n\n\n<p>En torno al inicio del proyecto, la especialista explica que&nbsp; este es una de las banderas en la reinserci\u00f3n de especies dentro del parque: &#8220;este proyecto comenz\u00f3 en 2007 y fue la primer especie en reintroducirse en la provincia, principalmente en la zona de Rinc\u00f3n del Socorro, sumado a un trabajo interprovincial entre Corrientes, Chaco,&nbsp;Formosa, Santiago del Estero, Tucum\u00e1n y Salta, que tambi\u00e9n aportaron sus ejemplares, adem\u00e1s de los que liber\u00e1bamos nosotros. Estamos muy felices con poder ver a trav\u00e9s de las c\u00e1maras trampas el nacimiento de nuevas cr\u00edas que tambi\u00e9n ya han sido vistas por turistas que andan por la zona y eso nos pone muy contentos y nos redobla el desaf\u00edo para lo que se viene en este trabajo que estamos realizando todos por el Iber\u00e0&#8221;, explic\u00f3 L\u00f3pez.<\/p>\n","protected":false},"excerpt":{"rendered":"<p>&#8220;Comenzamos el a\u00f1o con una gran noticia: naci\u00f3 una cr\u00eda de oso hormiguero en el Parque Nacional Iber\u00e1&#8221;, se\u00f1ala la publicaci\u00f3n realizada a trav\u00e9s de Instagram por @parquesnacionalesar. Se trata&hellip; <\/p>\n","protected":false},"author":1,"featured_media":115855,"comment_status":"closed","ping_status":"open","sticky":false,"template":"","format":"standard","meta":{"footnotes":""},"categories":[1],"tags":[],"class_list":["post-115844","post","type-post","status-publish","format-standard","has-post-thumbnail","hentry","category-informacion-general"],"_links":{"self":[{"href":"https:\/\/corrientesdetarde.com\/index.php\/wp-json\/wp\/v2\/posts\/115844","targetHints":{"allow":["GET"]}}],"collection":[{"href":"https:\/\/corrientesdetarde.com\/index.php\/wp-json\/wp\/v2\/posts"}],"about":[{"href":"https:\/\/corrientesdetarde.com\/index.php\/wp-json\/wp\/v2\/types\/post"}],"author":[{"embeddable":true,"href":"https:\/\/corrientesdetarde.com\/index.php\/wp-json\/wp\/v2\/users\/1"}],"replies":[{"embeddable":true,"href":"https:\/\/corrientesdetarde.com\/index.php\/wp-json\/wp\/v2\/comments?post=115844"}],"version-history":[{"count":1,"href":"https:\/\/corrientesdetarde.com\/index.php\/wp-json\/wp\/v2\/posts\/115844\/revisions"}],"predecessor-version":[{"id":115856,"href":"https:\/\/corrientesdetarde.com\/index.php\/wp-json\/wp\/v2\/posts\/115844\/revisions\/115856"}],"wp:featuredmedia":[{"embeddable":true,"href":"https:\/\/corrientesdetarde.com\/index.php\/wp-json\/wp\/v2\/media\/115855"}],"wp:attachment":[{"href":"https:\/\/corrientesdetarde.com\/index.php\/wp-json\/wp\/v2\/media?parent=115844"}],"wp:term":[{"taxonomy":"category","embeddable":true,"href":"https:\/\/corrientesdetarde.com\/index.php\/wp-json\/wp\/v2\/categories?post=115844"},{"taxonomy":"post_tag","embeddable":true,"href":"https:\/\/corrientesdetarde.com\/index.php\/wp-json\/wp\/v2\/tags?post=115844"}],"curies":[{"name":"wp","href":"https:\/\/api.w.org\/{rel}","templated":true}]}}