{"id":115902,"date":"2024-01-03T13:44:25","date_gmt":"2024-01-03T16:44:25","guid":{"rendered":"https:\/\/corrientesdetarde.com\/?p=115902"},"modified":"2024-01-03T13:44:29","modified_gmt":"2024-01-03T16:44:29","slug":"la-justicia-ordeno-que-el-avion-venezolano-irani-sea-trasladado-a-estados-unidos","status":"publish","type":"post","link":"https:\/\/corrientesdetarde.com\/index.php\/nacionales\/la-justicia-ordeno-que-el-avion-venezolano-irani-sea-trasladado-a-estados-unidos\/","title":{"rendered":"La Justicia orden\u00f3 que el avi\u00f3n venezolano-iran\u00ed sea trasladado a Estados Unidos"},"content":{"rendered":"\n<p>El juez federal Federico Villena decidi\u00f3 decomisar y entregar la aeronave tras el visto bueno de la fiscal Cecilia Incardona.<\/p>\n\n\n\n<p>La Justicia orden\u00f3&nbsp;<strong>entregar a Estados Unidos<\/strong>&nbsp;el&nbsp;<strong>avi\u00f3n venezolano &#8211; iran\u00ed&nbsp;<\/strong>retenido en el aeropuerto internacional de Ezeiza. El juez federal,&nbsp;<strong>Federico Villena,&nbsp;<\/strong>decidi\u00f3 decomisar y entregar la aeronave tras el visto bueno de la fiscal,&nbsp;<strong>Cecilia Incardona.<\/strong><\/p>\n\n\n\n<p>El magistrado acept\u00f3 el pedido del\u00a0 Tribunal para el Distrito de  Columbia, que fue quien solicit\u00f3 la incautaci\u00f3n porque, seg\u00fan consideran, \u201cel avi\u00f3n est\u00e1 sujeto a decomiso en base a violaciones de las leyes de control de exportaciones de Estados Unidos relacionadas con la transferencia no autorizada del avi\u00f3n de Mahan Air\u201d, como anticipo<\/p>\n\n\n\n<p>A fines del a\u00f1o pasado la fiscal Incardona y el titular de la Direcci\u00f3n General de Cooperaci\u00f3n Regional e Internacional de la Procuraci\u00f3n General de la Naci\u00f3n (DIGCRI), Diego Solern\u00f3, determinaron que era procedente el pedido de decomiso del avi\u00f3n iran\u00ed-venezolano realizado por el Tribunal estadounidense, que hizo una serie de pedidos de asistencia jur\u00eddica internacional en la que reclam\u00f3 el decomiso de la aeronave \u201cBoeing 747-300 con n\u00famero de matr\u00edcula YV-353\u2033.<\/p>\n\n\n\n<p>Los representantes del Ministerio P\u00fablico Fiscal mencionaron el Tratado de Asistencia Jur\u00eddica Mutua en Asuntos Penales suscripto entre la Argentina y Estados Unidos, de acuerdo a la ley 24.034. Explicaron que por ese convenio las partes se comprometieron a brindarse asistencia mutua y, entre los supuestos previstos, est\u00e1 espec\u00edficamente establecida la cooperaci\u00f3n en la ejecuci\u00f3n de solicitudes de registro, embargo y secuestro.<\/p>\n\n\n\n<h2 class=\"wp-block-heading\">El pedido de Estados Unidos de incautaci\u00f3n del avi\u00f3n venezolano &#8211; iran\u00ed<\/h2>\n\n\n\n<p>El Tribunal de Distrito para el Distrito de Columbia esgrimi\u00f3 que desde 2008 el Departamento de Comercio de Estados Unidos emiti\u00f3 \u201cuna orden de denegaci\u00f3n que&nbsp;<strong>proh\u00edbe a Mahan Air participar en cualquier transacci\u00f3n&nbsp;<\/strong>que involucre cualquier producto exportado de Estados Unidos\u201d.<\/p>\n\n\n\n<p>Las autoridades norteamericanas explicaron que como el avi\u00f3n fue fabricado en territorio estadounidense&nbsp;deber\u00eda haber existido una autorizaci\u00f3n por parte de Estados Unidospara concretar la transferencia de \u201ccustodia y el control\u201d del Boeing 747-300M de Mahan Air a Conviasa, la l\u00ednea de bandera venezolana due\u00f1a de Emtrasur, el brazo de cargas.<\/p>\n\n\n\n<p>Adem\u00e1s, el Tribunal se\u00f1ala que \u201cse produjeron<strong>&nbsp;violaciones adicionales&nbsp;<\/strong>de las leyes de controlentre febrero y mayo de 2022 cuando Emtrasur reutiliz\u00f3 la aeronave\u201d para viajar a Caracas, Teher\u00e1n y Mosc\u00fa. Estas fueron algunas de las rutas declaradas que complet\u00f3 el avi\u00f3n.<\/p>\n","protected":false},"excerpt":{"rendered":"<p>El juez federal Federico Villena decidi\u00f3 decomisar y entregar la aeronave tras el visto bueno de la fiscal Cecilia Incardona. La Justicia orden\u00f3&nbsp;entregar a Estados Unidos&nbsp;el&nbsp;avi\u00f3n venezolano &#8211; iran\u00ed&nbsp;retenido en&hellip; <\/p>\n","protected":false},"author":8,"featured_media":115903,"comment_status":"closed","ping_status":"open","sticky":false,"template":"","format":"standard","meta":{"footnotes":""},"categories":[10],"tags":[],"class_list":["post-115902","post","type-post","status-publish","format-standard","has-post-thumbnail","hentry","category-nacionales"],"_links":{"self":[{"href":"https:\/\/corrientesdetarde.com\/index.php\/wp-json\/wp\/v2\/posts\/115902","targetHints":{"allow":["GET"]}}],"collection":[{"href":"https:\/\/corrientesdetarde.com\/index.php\/wp-json\/wp\/v2\/posts"}],"about":[{"href":"https:\/\/corrientesdetarde.com\/index.php\/wp-json\/wp\/v2\/types\/post"}],"author":[{"embeddable":true,"href":"https:\/\/corrientesdetarde.com\/index.php\/wp-json\/wp\/v2\/users\/8"}],"replies":[{"embeddable":true,"href":"https:\/\/corrientesdetarde.com\/index.php\/wp-json\/wp\/v2\/comments?post=115902"}],"version-history":[{"count":1,"href":"https:\/\/corrientesdetarde.com\/index.php\/wp-json\/wp\/v2\/posts\/115902\/revisions"}],"predecessor-version":[{"id":115904,"href":"https:\/\/corrientesdetarde.com\/index.php\/wp-json\/wp\/v2\/posts\/115902\/revisions\/115904"}],"wp:featuredmedia":[{"embeddable":true,"href":"https:\/\/corrientesdetarde.com\/index.php\/wp-json\/wp\/v2\/media\/115903"}],"wp:attachment":[{"href":"https:\/\/corrientesdetarde.com\/index.php\/wp-json\/wp\/v2\/media?parent=115902"}],"wp:term":[{"taxonomy":"category","embeddable":true,"href":"https:\/\/corrientesdetarde.com\/index.php\/wp-json\/wp\/v2\/categories?post=115902"},{"taxonomy":"post_tag","embeddable":true,"href":"https:\/\/corrientesdetarde.com\/index.php\/wp-json\/wp\/v2\/tags?post=115902"}],"curies":[{"name":"wp","href":"https:\/\/api.w.org\/{rel}","templated":true}]}}