{"id":115905,"date":"2024-01-03T13:50:00","date_gmt":"2024-01-03T16:50:00","guid":{"rendered":"https:\/\/corrientesdetarde.com\/?p=115905"},"modified":"2024-01-03T13:50:05","modified_gmt":"2024-01-03T16:50:05","slug":"la-brutal-critica-de-un-campeon-del-mundo-a-kylian-mbappe-el-traje-de-lider-le-queda-grande","status":"publish","type":"post","link":"https:\/\/corrientesdetarde.com\/index.php\/deportes\/la-brutal-critica-de-un-campeon-del-mundo-a-kylian-mbappe-el-traje-de-lider-le-queda-grande\/","title":{"rendered":"La brutal cr\u00edtica de un campe\u00f3n del mundo a Kylian Mbapp\u00e9: \u201cEl traje de l\u00edder le queda grande\u201d"},"content":{"rendered":"\n<p>El delantero est\u00e1 a seis meses de terminar su v\u00ednculo con PSG y ya empezaron las especulaciones por una posible transferencia al Real Madrid.<\/p>\n\n\n\n<p><strong>Kylian Mbapp\u00e9<\/strong>\u00a0vuelve a estar en el ojo de la tormenta. El goleador franc\u00e9s es nuevamente tapa de los diarios del mundo tras convertirse en agente libre, cuando falta unos seis meses para que termine su vinculo con el PSG. Esta condici\u00f3n le permite negociar un contrato con otro club sin ser penalizado, motivo que despert\u00f3 las cr\u00edticas de\u00a0<strong>Christophe Dugarry.<\/strong><\/p>\n\n\n\n<p>El campe\u00f3n del mundo con Francia en 1998 se mostr\u00f3 con bronca sobre las actitudes del futbolista y\u00a0<strong>pidi\u00f3 que deje urgente el PSG.<\/strong>\u00a0\u201c<strong>Espero que se vaya, desde el fondo de mi coraz\u00f3n<\/strong>. Estoy cansado de escuchar tonter\u00edas sobre su futuro cada seis meses\u201d, indic\u00f3 en di\u00e1logo con\u00a0<em>RCM Sports<\/em>.<\/p>\n\n\n\n<p>Adem\u00e1s, el exjugador se\u00f1al\u00f3 que el goleador tuvo una merma futbol\u00edstica muy importante: \u201c<strong>Se est\u00e1 estancando. En sus duelos es cada vez m\u00e1s predecible, le falta fuerza y car\u00e1cter en la pelea. Desaparece con demasiada frecuencia en ciertos partidos<\/strong>. En su actitud, con los brazos cada vez m\u00e1s levantados, es algo bastante negativo\u201d.<\/p>\n\n\n\n<figure class=\"wp-block-image\"><img decoding=\"async\" src=\"https:\/\/tn.com.ar\/resizer\/-4_iskAcM-UMqCh6yFwvLdsgHGo=\/767x0\/smart\/filters:format(webp)\/cloudfront-us-east-1.images.arcpublishing.com\/artear\/TFBOJ6WSUJBETBC7Q3L5JGFUNU.jpg\" alt=\"Christophe Dugarry liquid\u00f3 a Kylian Mbapp\u00e9. El excampe\u00f3n del mundo es periodista en la cadena RMC Sports. (Foto RMC Sports)\"\/><\/figure>\n\n\n\n<p>A prop\u00f3sito de esto, expres\u00f3 que Mbapp\u00e9 es un l\u00edder que no le sirve al equipo parisino. \u201c<strong>Quer\u00eda todos los poderes, ser el l\u00edder del equipo y ahora que lo es, lo sentimos un poco como un ni\u00f1o peque\u00f1o. A veces sentimos que el disfraz le queda grande<\/strong>\u201d, finaliz\u00f3.<\/p>\n\n\n\n<h2 class=\"wp-block-heading\">Mbapp\u00e9 puede negociar con cualquier equipo<\/h2>\n\n\n\n<p>En su calidad de \u201cagente libre\u201d, Kylian Mbapp\u00e9 se debate entre dos posibilidades: una es&nbsp;<strong>extender su v\u00ednculo en Par\u00eds y la otra es decidir si parte o no al Real Madrid<\/strong>, club con el que coquete\u00f3 en anteriores mercados de pases.<\/p>\n\n\n\n<p>Cabe destacar que para la \u201cCasa Blanca\u201d el futbolista de PSG es un anhelo y esta semana mantendr\u00e1 un contacto con su entorno para conocer<strong>&nbsp;si est\u00e1 dispuesto a negociar su incorporaci\u00f3n de forma directa, sin intervenci\u00f3n del club parisino.<\/strong><\/p>\n\n\n\n<figure class=\"wp-block-image\"><img decoding=\"async\" src=\"https:\/\/tn.com.ar\/resizer\/P4bzYVlVExcRfnL4uY_gnlQw370=\/767x0\/smart\/filters:format(webp)\/cloudfront-us-east-1.images.arcpublishing.com\/artear\/UNXT2X7MMEPWGTKBQC6236VGSY.jpg\" alt=\"Dugarry indic\u00f3 que a Kylian Mbapp\u00e9 &quot;le qued\u00f3 grande el disfraz de l\u00edder&quot; del PSG. (AP Foto\/Michel Euler)\"\/><\/figure>\n\n\n\n<p>En Real Madrid creen que la posible llegada del delantero de 25 a\u00f1o es &#8220;ahora o nunca&#8221;\u00a0y conf\u00edan en el \u00e9xito de su estrategia ya que, en esta ocasi\u00f3n, no existe urgencia por cerrar su transferencia como s\u00ed la hab\u00eda cuando se dio la partida de Karim Benzema.<\/p>\n\n\n\n<h2 class=\"wp-block-heading\">La negativa de Mbapp\u00e9 al f\u00fatbol \u00e1rabe<\/h2>\n\n\n\n<p>Mbapp\u00e9 rechaz\u00f3 en agosto pasado una mudanza a Arabia Saudita cuando Al Hilal present\u00f3 una oferta r\u00e9cord mundial de 332 millones de d\u00f3lares para sumarlo a la Saudi Pro League.<\/p>\n\n\n\n<figure class=\"wp-block-image\"><img decoding=\"async\" src=\"https:\/\/tn.com.ar\/resizer\/koTnZLlBA9V16XcuH18EUeDkNyw=\/767x0\/smart\/filters:format(webp)\/cloudfront-us-east-1.images.arcpublishing.com\/artear\/ZUA3SXJC6NHJ3JP7QZQ2AMPVZU.jpg\" alt=\"En su calidad de \u201cagente libre\u201d, Kylian Mbapp\u00e9 se debate entre dos posibilidades: una es extender su v\u00ednculo en Par\u00eds y la otra es decidir si parte o no al Real Madrid, club con el que coquete\u00f3 en anteriores mercados de pases. (AP)\"\/><\/figure>\n\n\n\n<p>Por entonces,<strong>&nbsp;el delantero mantuvo una tensa relaci\u00f3n con el club parisino<\/strong>, que lo baj\u00f3 de una gira por Asia y lo hizo entrenarse a contraturno con la amenaza de no utilizarlo m\u00e1s debido a su reticencia para renovar contrato.<\/p>\n\n\n\n<p>Finalmente, Mbapp\u00e9 regres\u00f3 a la consideraci\u00f3n del entrenador espa\u00f1ol Luis Enrique con la aprobaci\u00f3n del due\u00f1o del club, el qatar\u00ed Nasser Al-Khelaifi, pero sin extender su v\u00ednculo.<\/p>\n\n\n\n<p>Desde ese entonces el franc\u00e9s engros\u00f3 su estad\u00edstica con el PSG marcando 18 goles en la Ligue 1, de la que es m\u00e1ximo anotador, y otros tres en la Liga de Campeones de Europa, un objetivo pendiente en la carrera del jugador.<\/p>\n","protected":false},"excerpt":{"rendered":"<p>El delantero est\u00e1 a seis meses de terminar su v\u00ednculo con PSG y ya empezaron las especulaciones por una posible transferencia al Real Madrid. Kylian Mbapp\u00e9\u00a0vuelve a estar en el&hellip; <\/p>\n","protected":false},"author":8,"featured_media":115906,"comment_status":"closed","ping_status":"open","sticky":false,"template":"","format":"standard","meta":{"footnotes":""},"categories":[4],"tags":[],"class_list":["post-115905","post","type-post","status-publish","format-standard","has-post-thumbnail","hentry","category-deportes"],"_links":{"self":[{"href":"https:\/\/corrientesdetarde.com\/index.php\/wp-json\/wp\/v2\/posts\/115905","targetHints":{"allow":["GET"]}}],"collection":[{"href":"https:\/\/corrientesdetarde.com\/index.php\/wp-json\/wp\/v2\/posts"}],"about":[{"href":"https:\/\/corrientesdetarde.com\/index.php\/wp-json\/wp\/v2\/types\/post"}],"author":[{"embeddable":true,"href":"https:\/\/corrientesdetarde.com\/index.php\/wp-json\/wp\/v2\/users\/8"}],"replies":[{"embeddable":true,"href":"https:\/\/corrientesdetarde.com\/index.php\/wp-json\/wp\/v2\/comments?post=115905"}],"version-history":[{"count":1,"href":"https:\/\/corrientesdetarde.com\/index.php\/wp-json\/wp\/v2\/posts\/115905\/revisions"}],"predecessor-version":[{"id":115907,"href":"https:\/\/corrientesdetarde.com\/index.php\/wp-json\/wp\/v2\/posts\/115905\/revisions\/115907"}],"wp:featuredmedia":[{"embeddable":true,"href":"https:\/\/corrientesdetarde.com\/index.php\/wp-json\/wp\/v2\/media\/115906"}],"wp:attachment":[{"href":"https:\/\/corrientesdetarde.com\/index.php\/wp-json\/wp\/v2\/media?parent=115905"}],"wp:term":[{"taxonomy":"category","embeddable":true,"href":"https:\/\/corrientesdetarde.com\/index.php\/wp-json\/wp\/v2\/categories?post=115905"},{"taxonomy":"post_tag","embeddable":true,"href":"https:\/\/corrientesdetarde.com\/index.php\/wp-json\/wp\/v2\/tags?post=115905"}],"curies":[{"name":"wp","href":"https:\/\/api.w.org\/{rel}","templated":true}]}}