{"id":115908,"date":"2024-01-03T13:55:48","date_gmt":"2024-01-03T16:55:48","guid":{"rendered":"https:\/\/corrientesdetarde.com\/?p=115908"},"modified":"2024-01-03T13:55:53","modified_gmt":"2024-01-03T16:55:53","slug":"fue-rehen-de-hamas-y-revelo-el-motivo-por-el-que-su-captor-no-la-violo-durante-los-54-dias-de-cautiverio","status":"publish","type":"post","link":"https:\/\/corrientesdetarde.com\/index.php\/internacionales\/fue-rehen-de-hamas-y-revelo-el-motivo-por-el-que-su-captor-no-la-violo-durante-los-54-dias-de-cautiverio\/","title":{"rendered":"Fue reh\u00e9n de Hamas y revel\u00f3 el motivo por el que su captor no la viol\u00f3 durante los 54 d\u00edas de cautiverio"},"content":{"rendered":"\n<p>Mia Schem fue retenida en una habitaci\u00f3n oscura en la casa de un terrorista durante m\u00e1s de 50 d\u00edas. \u201cPas\u00e9 por un Holocausto\u201d, asegur\u00f3.<\/p>\n\n\n\n<p>Su rostro se hab\u00eda convertido en uno de los\u00a0s\u00edbolos de rehenes capturados\u00a0el 7 de octubre por Hamas. M\u00e1s de un mes despu\u00e9s de su liberaci\u00f3n, la franco-israel\u00ed\u00a0<strong>Mia Schem<\/strong>\u00a0habl\u00f3 por primera vez de su cautiverio. Afirm\u00f3 que fue manoseada por sus secuestradores y dijo que est\u00e1 convencida de que solo hay una raz\u00f3n por la que<strong>\u00a0no fue violada por su captor: \u201cSu esposa estaba fuera de la habitaci\u00f3n con los ni\u00f1os\u201d<\/strong>, se\u00f1al\u00f3.<\/p>\n\n\n\n<p><strong>\u201cEsa fue la \u00fanica raz\u00f3n por la que no me viol\u00f3\u201d<\/strong>, manifest\u00f3 en una entrevista con el\u00a0<em>Canal 13\u00a0<\/em>israel\u00ed.<\/p>\n\n\n\n<h2 class=\"wp-block-heading\">El secuestro en el festival de m\u00fasica y el cautiverio en la casa de un militante de Hamas<\/h2>\n\n\n\n<p>La joven de 21 a\u00f1os result\u00f3 herida al ser&nbsp;<strong>secuestrada en el escenario del festival de m\u00fasica Tribe of Nova<\/strong>&nbsp;al que hab\u00eda ido junto a su amigo Elya Toledano, tambi\u00e9n franco-israel\u00ed, que fue encontrado muerta a mediados de diciembre en Gaza. Ese d\u00eda los milicianos de Hamas asesinaron a unas 1200 personas, entre ellas 270 personas en el festival.<\/p>\n\n\n\n<figure class=\"wp-block-image\"><img decoding=\"async\" src=\"https:\/\/tn.com.ar\/resizer\/C16du352bVb8dWXeey22EveKSUM=\/767x0\/smart\/filters:format(webp)\/cloudfront-us-east-1.images.arcpublishing.com\/artear\/5NTBCAJ6B5EQPCEM2NXCH3RTT4.png\" alt=\"Mia Schem fue secuestrada en el festival de m\u00fasica Nova. (Foto: gentileza New York Post).\"\/><\/figure>\n\n\n\n<p>Seg\u00fan cont\u00f3 Schem, fue capturada tras salir del auto en llamas de su amigo. Dijo que su captor empez\u00f3 a tocarle la parte superior del cuerpo de forma inapropiada y s\u00f3lo se detuvo cuando ella grit\u00f3 y \u00e9l se dio cuenta de que&nbsp;<strong>hab\u00eda recibido un disparo en el brazo<\/strong>&nbsp;y estaba gravemente herida. \u201cEmpec\u00e9 a gritar, a volverme loca\u201d, dijo. \u201cHab\u00eda veh\u00edculos quemados, cad\u00e1veres\u201d.<\/p>\n\n\n\n<p>Schem cont\u00f3 que luego la llevaron a la casa de un miembro de Ham\u00e1s y su familia donde permaneci\u00f3 durante 54 d\u00edas \u201c<strong>encerrada en una habitaci\u00f3n oscura, y que a veces no le daban comida por varios d\u00edas.<\/strong><\/p>\n\n\n\n<p>\u201cNo se me permit\u00eda hablar, no se me permit\u00eda ser vista ni escuchada\u201d, dijo Schem al canal israel\u00ed. \u201cHay un terrorista mir\u00e1ndote 24\/7. Mir\u00e1ndote,&nbsp;<strong>viol\u00e1ndote con sus ojos<\/strong>\u201d, afirm\u00f3 sobre las constantes miradas de su captor que la hac\u00edan sentir miedo de que intentara hacerle da\u00f1o. \u201c<strong>Ten\u00e9s miedo de ser violada<\/strong>, ten\u00e9s miedo de morir\u201d, dijo Schem, que estall\u00f3 en l\u00e1grimas al recordar su calvario.<\/p>\n\n\n\n<figure class=\"wp-block-image\"><img decoding=\"async\" src=\"https:\/\/tn.com.ar\/resizer\/EQnLxQu53-_UKBaYeS0_H4A61hU=\/767x0\/smart\/filters:format(webp)\/thumbs.vodgc.net\/1-14-HLzARL1704286026466-1704286433.jpg\" alt=\"Video Placeholder\"\/><\/figure>\n\n\n\n<p>\u201cSu esposa odiaba el hecho de que \u00e9l y yo estuvi\u00e9ramos en la misma habitaci\u00f3n. Sent\u00eds que quer\u00e9s un abrazo de mujer a mujer, para no tener que ser fuerte por un momento. Pero ella era tan mala, que pod\u00edas verlo en su mirada\u201d confes\u00f3.<\/p>\n\n\n\n<p>Schem tambi\u00e9n cont\u00f3 que la familia del militante de Hamas se burlaba de ella, mientras se preguntaba si la matar\u00edan en cualquier momento. Seg\u00fan sus propios dichos, apenas durmi\u00f3 durante su tiempo como reh\u00e9n porque estaba muy aterrorizada, y que tampoco se duch\u00f3 ni recibi\u00f3 ning\u00fan medicamento. Revel\u00f3 que los hijos de su captor ocasionalmente&nbsp;<strong>ven\u00edan a mirarla \u201ccomo si fuera un animal en un zool\u00f3gico\u201d.<\/strong><\/p>\n\n\n\n<figure class=\"wp-block-image size-large\"><img loading=\"lazy\" decoding=\"async\" width=\"636\" height=\"1024\" src=\"https:\/\/corrientesdetarde.com\/wp-content\/uploads\/2024\/01\/image-40-636x1024.png\" alt=\"\" class=\"wp-image-115909\" srcset=\"https:\/\/corrientesdetarde.com\/wp-content\/uploads\/2024\/01\/image-40-636x1024.png 636w, https:\/\/corrientesdetarde.com\/wp-content\/uploads\/2024\/01\/image-40-186x300.png 186w, https:\/\/corrientesdetarde.com\/wp-content\/uploads\/2024\/01\/image-40-768x1236.png 768w, https:\/\/corrientesdetarde.com\/wp-content\/uploads\/2024\/01\/image-40-955x1536.png 955w, https:\/\/corrientesdetarde.com\/wp-content\/uploads\/2024\/01\/image-40-1273x2048.png 1273w, https:\/\/corrientesdetarde.com\/wp-content\/uploads\/2024\/01\/image-40.png 1440w\" sizes=\"auto, (max-width: 636px) 100vw, 636px\" \/><\/figure>\n\n\n\n<p>A veces, las bombas israel\u00edes de la ofensiva contra Hamas sacud\u00edan la casa, e incluso hicieron estallar las ventanas en un momento. \u201cPens\u00e9: \u2018si no mor\u00ed el 7 [de octubre], voy a morir ahora\u2019\u201d, dijo Schem, aunque asegur\u00f3 que \u201cconfiaba en los militares\u201d.<\/p>\n\n\n\n<p>Schem salt\u00f3 a los titulares internacionales cuando Hamas difundi\u00f3 un video de ella en cautiverio d\u00edas despu\u00e9s de ser tomada como reh\u00e9n. En el video aparece acostada mientras alguien le venda el brazo derecho y ella dice que quiere volver a casa. En aquel momento, fue la primera se\u00f1al de vida de los rehenes.<\/p>\n\n\n\n<p>Schem dijo que la llevaron de la casa a un t\u00fanel y la retuvieron con otros rehenes durante sus \u00faltimos d\u00edas de cautiverio, momento en que entendi\u00f3 que pronto la liberar\u00edan. Schem dijo que la manten\u00edan con seis o siete personas en una peque\u00f1a habitaci\u00f3n y que&nbsp;<strong>s\u00f3lo recib\u00eda un trozo de pan \u00e1rabe al d\u00eda<\/strong>.<\/p>\n\n\n\n<p>Fue\u00a0liberada en noviembre, durante un breve alto el fuego, pero reconoci\u00f3 que todav\u00eda tiene las cicatrices de esa pesadilla. Seg\u00fan dijo, a\u00fan est\u00e1 procesando el calvario: \u201c<strong>No puedo sac\u00e1rmelo de la cabeza\u201d,<\/strong>\u00a0dijo. Tambi\u00e9n siente culpa por haber sido liberada mientras decenas de otros rehenes siguen cautivos.<\/p>\n\n\n\n<figure class=\"wp-block-image\"><img decoding=\"async\" src=\"https:\/\/tn.com.ar\/resizer\/oNHgR3ur-hDvDIs6iLiILBj07OU=\/767x0\/smart\/filters:format(webp)\/cloudfront-us-east-1.images.arcpublishing.com\/artear\/BXERUYG3GPODWVTD6R3R3V7A3Q.jpg\" alt=\"El abrazo entre Mia Schem y su familia tras un largo cautiverio. (Foto: Reuters).\"\/><\/figure>\n\n\n\n<p>\u201cFue importante para m\u00ed transmitir la verdad sobre la naturaleza de las personas que viven en Gaza, qui\u00e9nes son realmente y lo que experiment\u00e9 all\u00ed\u201d, dijo en la entrevista.<\/p>\n\n\n\n<p>\u201c<strong>Son familias controladas por Hamas<\/strong>. Son ni\u00f1os que, desde el momento en que nacen, les ense\u00f1an que Israel es en realidad Palestina y solo los adoctrinan para odiar a los jud\u00edos\u201d, agreg\u00f3. \u201cEs importante para m\u00ed que el mundo entienda&nbsp;<strong>que pas\u00e9 por un Holocausto, que todos son terroristas<\/strong>\u201d, cerr\u00f3 Schem.<\/p>\n","protected":false},"excerpt":{"rendered":"<p>Mia Schem fue retenida en una habitaci\u00f3n oscura en la casa de un terrorista durante m\u00e1s de 50 d\u00edas. \u201cPas\u00e9 por un Holocausto\u201d, asegur\u00f3. Su rostro se hab\u00eda convertido en&hellip; <\/p>\n","protected":false},"author":8,"featured_media":115910,"comment_status":"closed","ping_status":"open","sticky":false,"template":"","format":"standard","meta":{"footnotes":""},"categories":[11],"tags":[],"class_list":["post-115908","post","type-post","status-publish","format-standard","has-post-thumbnail","hentry","category-internacionales"],"_links":{"self":[{"href":"https:\/\/corrientesdetarde.com\/index.php\/wp-json\/wp\/v2\/posts\/115908","targetHints":{"allow":["GET"]}}],"collection":[{"href":"https:\/\/corrientesdetarde.com\/index.php\/wp-json\/wp\/v2\/posts"}],"about":[{"href":"https:\/\/corrientesdetarde.com\/index.php\/wp-json\/wp\/v2\/types\/post"}],"author":[{"embeddable":true,"href":"https:\/\/corrientesdetarde.com\/index.php\/wp-json\/wp\/v2\/users\/8"}],"replies":[{"embeddable":true,"href":"https:\/\/corrientesdetarde.com\/index.php\/wp-json\/wp\/v2\/comments?post=115908"}],"version-history":[{"count":1,"href":"https:\/\/corrientesdetarde.com\/index.php\/wp-json\/wp\/v2\/posts\/115908\/revisions"}],"predecessor-version":[{"id":115912,"href":"https:\/\/corrientesdetarde.com\/index.php\/wp-json\/wp\/v2\/posts\/115908\/revisions\/115912"}],"wp:featuredmedia":[{"embeddable":true,"href":"https:\/\/corrientesdetarde.com\/index.php\/wp-json\/wp\/v2\/media\/115910"}],"wp:attachment":[{"href":"https:\/\/corrientesdetarde.com\/index.php\/wp-json\/wp\/v2\/media?parent=115908"}],"wp:term":[{"taxonomy":"category","embeddable":true,"href":"https:\/\/corrientesdetarde.com\/index.php\/wp-json\/wp\/v2\/categories?post=115908"},{"taxonomy":"post_tag","embeddable":true,"href":"https:\/\/corrientesdetarde.com\/index.php\/wp-json\/wp\/v2\/tags?post=115908"}],"curies":[{"name":"wp","href":"https:\/\/api.w.org\/{rel}","templated":true}]}}