{"id":115947,"date":"2024-01-03T15:46:00","date_gmt":"2024-01-03T18:46:00","guid":{"rendered":"https:\/\/corrientesdetarde.com\/?p=115947"},"modified":"2024-01-03T15:46:12","modified_gmt":"2024-01-03T18:46:12","slug":"el-dolor-de-los-famosos-durante-el-ultimo-adios-de-adrian-serantoni-en-el-cementerio-de-la-chacarita","status":"publish","type":"post","link":"https:\/\/corrientesdetarde.com\/index.php\/espectaculos\/el-dolor-de-los-famosos-durante-el-ultimo-adios-de-adrian-serantoni-en-el-cementerio-de-la-chacarita\/","title":{"rendered":"El dolor de los famosos durante el \u00faltimo adi\u00f3s de Adri\u00e1n Serantoni en el cementerio de la Chacarita"},"content":{"rendered":"\n<p>El hist\u00f3rico productor de \u201cPasi\u00f3n de s\u00e1bado\u201d sufri\u00f3 un infarto ayer por la tarde. Ten\u00eda 59 a\u00f1os.<\/p>\n\n\n\n<p>Este mi\u00e9rcoles familiares, amigos y colegas de\u00a0Adri\u00e1n Serantoni se reunieron en el cementerio de la Chacarita para darle el \u00faltimo adi\u00f3s al hist\u00f3rico productor de\u00a0<em>Pasi\u00f3n de s\u00e1bado (Am\u00e9rica)<\/em>. Luego de despedirlo en una casa velatoria de Villa Urquiza, los restos mortales del empresario<strong>\u00a0fueron trasladados para ser cremados<\/strong>.<\/p>\n\n\n\n<p>Durante este momento tan dif\u00edcil para la familia,\u00a0<strong>varias figuras de la far\u00e1ndula, la televisi\u00f3n y la m\u00fasica se hicieron presentes<\/strong>, dieron sus condolencias y no ocultaron la angustia ante la triste noticia. Entre los famosos estuvieron el Chato Prada, Marcela Ba\u00f1os, Juan Pablo Fioribello,\u00a0<strong>Franco Torchia, Roc\u00edo Quiroz, Carmen Barbieri, El Tirri y Rodrigo Tapari<\/strong>.<\/p>\n\n\n\n<figure class=\"wp-block-image\"><img decoding=\"async\" src=\"https:\/\/tn.com.ar\/resizer\/92wxzaZ9BgWEyFlYyGxKl11pZ4M=\/767x0\/smart\/filters:format(webp)\/cloudfront-us-east-1.images.arcpublishing.com\/artear\/FKEKM22M4ZBO5EEIQ7CUBNRGUM.JPG\" alt=\"El dolor de los famosos durante el entierro de Adri\u00e1n Serantoni en el cementerio de la Chacarita (Foto: Movilpress)\"\/><\/figure>\n\n\n\n<p>\u201c<strong>Fue todo tan r\u00e1pido, sin explicaci\u00f3n.&nbsp;<\/strong>Adri\u00e1n, m\u00e1s all\u00e1 de ser su hermano mayor, era como su pap\u00e1, era el gu\u00eda del programa, una persona superavasallante, siempre trabajadora, con un proyecto y la verdad es que<strong>&nbsp;se lo va a extra\u00f1ar un mont\u00f3n<\/strong>\u201d, lament\u00f3 Marcela Ba\u00f1os en di\u00e1logo con<em>&nbsp;Intrusos (Am\u00e9rica)<\/em>.<\/p>\n\n\n\n<figure class=\"wp-block-image\"><img decoding=\"async\" src=\"https:\/\/tn.com.ar\/resizer\/STaWuEEzxBtJpxfsOKsvKsjcX2g=\/767x0\/smart\/filters:format(webp)\/cloudfront-us-east-1.images.arcpublishing.com\/artear\/5SNL3WHXGZC3XDRET4PBUV4HSE.jpg\" alt=\"Marcela Ba\u00f1os (Foto: Movilpress)\"\/><\/figure>\n\n\n\n<p>Sobre las \u00faltimas horas del productor, detall\u00f3: \u201c\u00c9l arranc\u00f3 ayer con un dolor de pecho y s\u00e9 que ven\u00eda con algunos dolores. Durante el d\u00eda se intern\u00f3, le hicieron un par de chequeos y a partir de ah\u00ed<strong>&nbsp;le hicieron una intervenci\u00f3n quir\u00fargica y despu\u00e9s este lamentable desenlace<\/strong>. No pudo soportar una de las operaciones\u201d.<\/p>\n\n\n\n<figure class=\"wp-block-image\"><img decoding=\"async\" src=\"https:\/\/tn.com.ar\/resizer\/u1PvX1-ZqsMR6ptPiaM0Ug0_Xoc=\/767x0\/smart\/filters:format(webp)\/cloudfront-us-east-1.images.arcpublishing.com\/artear\/AMWRPTUGFRGOBGWA4JNAGPAHXM.JPG\" alt=\"Los famosos se despidieron de Adri\u00e1n Serantoni (Foto: Movilpress)\"\/><\/figure>\n\n\n\n<h2 class=\"wp-block-heading\">As\u00ed ser\u00e1 el homenaje en vivo a Adri\u00e1n Serantoni<\/h2>\n\n\n\n<p>Marcela Ba\u00f1os adelant\u00f3 que ya est\u00e1n pensando en hacer un programa homenaje en vivo. \u201cEste fin de semana sale todo grabado porque no estamos en condiciones de enfrentar un programa como&nbsp;<em>Pasi\u00f3n de s\u00e1bado<\/em>, que son seis horas de m\u00fasica.<strong>&nbsp;Nosotros reci\u00e9n vamos a volver al aire el s\u00e1bado 13 con un homenaje en vivo\u201d<\/strong>, revel\u00f3.<\/p>\n\n\n\n<p>\u201cEl homenaje el s\u00e1bado que viene va a ser un d\u00eda muy triste y yo&nbsp;<strong>creo que los artistas van a decir \u2018presente\u2019&nbsp;<\/strong>porque la verdad es que&nbsp;<strong>era un tipo superquerido, copado, carism\u00e1tico y siempre pensando en un proyecto<\/strong>\u201d, agreg\u00f3.<\/p>\n","protected":false},"excerpt":{"rendered":"<p>El hist\u00f3rico productor de \u201cPasi\u00f3n de s\u00e1bado\u201d sufri\u00f3 un infarto ayer por la tarde. Ten\u00eda 59 a\u00f1os. Este mi\u00e9rcoles familiares, amigos y colegas de\u00a0Adri\u00e1n Serantoni se reunieron en el cementerio&hellip; <\/p>\n","protected":false},"author":8,"featured_media":115948,"comment_status":"closed","ping_status":"open","sticky":false,"template":"","format":"standard","meta":{"footnotes":""},"categories":[19],"tags":[],"class_list":["post-115947","post","type-post","status-publish","format-standard","has-post-thumbnail","hentry","category-espectaculos"],"_links":{"self":[{"href":"https:\/\/corrientesdetarde.com\/index.php\/wp-json\/wp\/v2\/posts\/115947","targetHints":{"allow":["GET"]}}],"collection":[{"href":"https:\/\/corrientesdetarde.com\/index.php\/wp-json\/wp\/v2\/posts"}],"about":[{"href":"https:\/\/corrientesdetarde.com\/index.php\/wp-json\/wp\/v2\/types\/post"}],"author":[{"embeddable":true,"href":"https:\/\/corrientesdetarde.com\/index.php\/wp-json\/wp\/v2\/users\/8"}],"replies":[{"embeddable":true,"href":"https:\/\/corrientesdetarde.com\/index.php\/wp-json\/wp\/v2\/comments?post=115947"}],"version-history":[{"count":1,"href":"https:\/\/corrientesdetarde.com\/index.php\/wp-json\/wp\/v2\/posts\/115947\/revisions"}],"predecessor-version":[{"id":115949,"href":"https:\/\/corrientesdetarde.com\/index.php\/wp-json\/wp\/v2\/posts\/115947\/revisions\/115949"}],"wp:featuredmedia":[{"embeddable":true,"href":"https:\/\/corrientesdetarde.com\/index.php\/wp-json\/wp\/v2\/media\/115948"}],"wp:attachment":[{"href":"https:\/\/corrientesdetarde.com\/index.php\/wp-json\/wp\/v2\/media?parent=115947"}],"wp:term":[{"taxonomy":"category","embeddable":true,"href":"https:\/\/corrientesdetarde.com\/index.php\/wp-json\/wp\/v2\/categories?post=115947"},{"taxonomy":"post_tag","embeddable":true,"href":"https:\/\/corrientesdetarde.com\/index.php\/wp-json\/wp\/v2\/tags?post=115947"}],"curies":[{"name":"wp","href":"https:\/\/api.w.org\/{rel}","templated":true}]}}