{"id":115950,"date":"2024-01-03T15:48:02","date_gmt":"2024-01-03T18:48:02","guid":{"rendered":"https:\/\/corrientesdetarde.com\/?p=115950"},"modified":"2024-01-03T15:48:16","modified_gmt":"2024-01-03T18:48:16","slug":"djokovic-perdio-un-partido-en-australia-despues-de-6-anos-y-encendio-las-alarmas-por-dolores-en-su-muneca","status":"publish","type":"post","link":"https:\/\/corrientesdetarde.com\/index.php\/deportes\/djokovic-perdio-un-partido-en-australia-despues-de-6-anos-y-encendio-las-alarmas-por-dolores-en-su-muneca\/","title":{"rendered":"Djokovic perdi\u00f3 un partido en Australia despu\u00e9s de 6 a\u00f1os y encendi\u00f3 las alarmas por dolores en su mu\u00f1eca"},"content":{"rendered":"\n<p>El serbio mostr\u00f3 claros signos de dolor durante el encuentro ante Alex de Mi\u00f1aur por la United Cup y dej\u00f3 atr\u00e1s una racha de 43 choques invicto en tierras oce\u00e1nicas.<\/p>\n\n\n\n<p>El tenista\u00a0<strong>Novak Djokovic<\/strong>, n\u00famero uno del ranking mundial de la ATP, volvi\u00f3 a sentir serias molestias en la mu\u00f1eca derecha este mi\u00e9rcoles en la derrota ante Alex de Mi\u00f1aur por 6-4 y 6-4, en el marco del choque entre Serbia y Australia por los cuartos de final de la United Cup, a pocos d\u00edas del comienzo del Abierto de Australia.<\/p>\n\n\n\n<p>La derrota y posible lesi\u00f3n trajeron varias preocupaciones para de Belgrado. Adem\u00e1s de\u00a0<strong>haber acabado con su impresionante racha de 43 partidos invictos en suelo australiano<\/strong>, Nole deber\u00e1 enfocarse en recuperarse r\u00e1pido para el primer Grand Slam de la temporada, que comenzar\u00e1 el pr\u00f3ximo 14 de enero en Melbourne.<\/p>\n\n\n\n<figure class=\"wp-block-image\"><img decoding=\"async\" src=\"https:\/\/tn.com.ar\/resizer\/0Xm0sotPUd6Ckg4Mtz2t9b7vs60=\/767x0\/smart\/filters:format(webp)\/cloudfront-us-east-1.images.arcpublishing.com\/artear\/R4SCFEWS7LGQ7YXH2U7Q3UBUNM.jpg\" alt=\"Novak Djokovic termin\u00f3 el encuentro ante De Mi\u00f1aur con molestias en la mu\u00f1eca. (AP Foto\/Trevor Collens)\"\/><\/figure>\n\n\n\n<p>En la conferencia de prensa posterior a la ca\u00edda ante el n\u00famero 12 del mundo, el l\u00edder del ranking no ocult\u00f3 la gravedad de su lesi\u00f3n. \u201c<strong>Desde hace dos d\u00edas tengo molestias. Durante el partido de ayer y en el de hoy, especialmente, ha ido a peor, pero no quiero gastar mucho tiempo en esto y restar cr\u00e9dito a la victoria de Alex (de Mi\u00f1aur)\u201d<\/strong>.<\/p>\n\n\n\n<p>\u201cAhora intentar\u00e9 recuperarme de cara al Open de Australia. Creo que estar\u00e1 bien para entonces\u201d, expres\u00f3 en la charla con los medios.<\/p>\n\n\n\n<p>Cabe se\u00f1alar que&nbsp;<strong>esta edici\u00f3n del certamen australiano es de suma importancia para Djokovic<\/strong>, ya que defiende el t\u00edtulo conseguido en 2023 y el n\u00famero uno del ranking mundial ante espa\u00f1ol Carlos Alcaraz, n\u00famero 2 del ranking ATP.<\/p>\n\n\n\n<p>En paralelo, en caso de consagrarse,&nbsp;<strong>se transformar\u00eda en el jugador con m\u00e1s Grand Slams conseguidos en la historia, con un total de 25,&nbsp;<\/strong>superandoa Margaret Court.<\/p>\n","protected":false},"excerpt":{"rendered":"<p>El serbio mostr\u00f3 claros signos de dolor durante el encuentro ante Alex de Mi\u00f1aur por la United Cup y dej\u00f3 atr\u00e1s una racha de 43 choques invicto en tierras oce\u00e1nicas.&hellip; <\/p>\n","protected":false},"author":8,"featured_media":115951,"comment_status":"closed","ping_status":"open","sticky":false,"template":"","format":"standard","meta":{"footnotes":""},"categories":[4],"tags":[],"class_list":["post-115950","post","type-post","status-publish","format-standard","has-post-thumbnail","hentry","category-deportes"],"_links":{"self":[{"href":"https:\/\/corrientesdetarde.com\/index.php\/wp-json\/wp\/v2\/posts\/115950","targetHints":{"allow":["GET"]}}],"collection":[{"href":"https:\/\/corrientesdetarde.com\/index.php\/wp-json\/wp\/v2\/posts"}],"about":[{"href":"https:\/\/corrientesdetarde.com\/index.php\/wp-json\/wp\/v2\/types\/post"}],"author":[{"embeddable":true,"href":"https:\/\/corrientesdetarde.com\/index.php\/wp-json\/wp\/v2\/users\/8"}],"replies":[{"embeddable":true,"href":"https:\/\/corrientesdetarde.com\/index.php\/wp-json\/wp\/v2\/comments?post=115950"}],"version-history":[{"count":1,"href":"https:\/\/corrientesdetarde.com\/index.php\/wp-json\/wp\/v2\/posts\/115950\/revisions"}],"predecessor-version":[{"id":115952,"href":"https:\/\/corrientesdetarde.com\/index.php\/wp-json\/wp\/v2\/posts\/115950\/revisions\/115952"}],"wp:featuredmedia":[{"embeddable":true,"href":"https:\/\/corrientesdetarde.com\/index.php\/wp-json\/wp\/v2\/media\/115951"}],"wp:attachment":[{"href":"https:\/\/corrientesdetarde.com\/index.php\/wp-json\/wp\/v2\/media?parent=115950"}],"wp:term":[{"taxonomy":"category","embeddable":true,"href":"https:\/\/corrientesdetarde.com\/index.php\/wp-json\/wp\/v2\/categories?post=115950"},{"taxonomy":"post_tag","embeddable":true,"href":"https:\/\/corrientesdetarde.com\/index.php\/wp-json\/wp\/v2\/tags?post=115950"}],"curies":[{"name":"wp","href":"https:\/\/api.w.org\/{rel}","templated":true}]}}