{"id":115953,"date":"2024-01-03T15:52:07","date_gmt":"2024-01-03T18:52:07","guid":{"rendered":"https:\/\/corrientesdetarde.com\/?p=115953"},"modified":"2024-01-03T15:52:12","modified_gmt":"2024-01-03T18:52:12","slug":"la-cgt-celebro-el-fallo-que-suspende-las-reformas-laborales-del-dnu-de-milei-frena-una-iniciativa-regresiva","status":"publish","type":"post","link":"https:\/\/corrientesdetarde.com\/index.php\/politica\/la-cgt-celebro-el-fallo-que-suspende-las-reformas-laborales-del-dnu-de-milei-frena-una-iniciativa-regresiva\/","title":{"rendered":"La CGT celebr\u00f3 el fallo que suspende las reformas laborales del DNU de Milei: \u201cFrena una iniciativa regresiva\u201d"},"content":{"rendered":"\n<p>La central obrera emiti\u00f3 un comunicado tras conocer la medida cautelar dispuesta por la C\u00e1mara Nacional de Apelaciones del Trabajo.<\/p>\n\n\n\n<p>Este mi\u00e9rcoles, la C\u00e1mara Nacional de Apelaciones del Trabajo dict\u00f3 una cautelar para frenar las reformas laborales que establece el DNU del Presidente<strong>\u00a0Javier Milei.<\/strong>\u00a0Tras esta decisi\u00f3n, la CGT emiti\u00f3 un comunicado celebrando la decisi\u00f3n.<\/p>\n\n\n\n<p>\u201cEsta decisi\u00f3n judicial pone\u00a0<strong>un freno a la reforma laboral regresiva y contraria a los trabajadores\u00a0<\/strong>y no tendr\u00e1 vigencia hasta tanto la justicia resuelva el planteo de inconstitucionalidad del Cap\u00edtulo IV del DNU 70\/23, como ha solicitado la Confederaci\u00f3n General del Trabajo\u201d, afirmaron en la central obrera.<\/p>\n\n\n\n<p>El documento agrega: \u201cLa C\u00e1mara considera que el planteo de la CGT no coincide con el tramitado en proceso colectivo que se ventila ante la justicia contencioso administrativo federal, al que el gobierno pretend\u00eda enviar el expediente, ya que los intereses no son homog\u00e9neos con los que se ventilan en aquel, puesto que lo que se debate en la justicia laboral es el derecho del trabajo aplicable a los trabajadores de le Rep\u00fablica Argentina\u201d.<\/p>\n\n\n\n<p>Y remarca: \u201cEntiende que hay circunstancias graves y objetivamente impostergables que justifican la asunci\u00f3n de competencia de la Justicia Nacional del Trabajo para entender en esta contienda y el dictado de la cautela\u201d.<\/p>\n\n\n\n<p>En la misma l\u00ednea, el texto de la central obrera asegura que la justicia \u201cjustifica su decisi\u00f3n de dictar la medida cautelar en que el DNU introduce importantes modificaciones de aplicaci\u00f3n inmediata en materia laboral no habiendo explicado c\u00f3mo las reformas planteadas podr\u00edan remediar la situaci\u00f3n referida en sus fundamentos como para justificar una reforma laboral general y peyorativa para los trabajadores\u201d.<\/p>\n\n\n\n<p>Por \u00faltimo, se\u00f1ala que el fallo \u201cdestaca que las modificaciones introducidas regresivamente afectan la interpretaci\u00f3n de las normas, contrataci\u00f3n laboral, modalidades contractuales, derechos y obligaciones de las partes, protecci\u00f3n de la trabajadora embarazada y de la maternidad, jornada, protecci\u00f3n contra el despido arbitrario, ruptura del contrato y sus consecuencias, discriminaci\u00f3n y sus consecuencias, funcionamiento de las asociaciones gremiales, conflictos colectivos, etc\u201d.<\/p>\n","protected":false},"excerpt":{"rendered":"<p>La central obrera emiti\u00f3 un comunicado tras conocer la medida cautelar dispuesta por la C\u00e1mara Nacional de Apelaciones del Trabajo. Este mi\u00e9rcoles, la C\u00e1mara Nacional de Apelaciones del Trabajo dict\u00f3&hellip; <\/p>\n","protected":false},"author":8,"featured_media":115954,"comment_status":"closed","ping_status":"open","sticky":false,"template":"","format":"standard","meta":{"footnotes":""},"categories":[3],"tags":[],"class_list":["post-115953","post","type-post","status-publish","format-standard","has-post-thumbnail","hentry","category-politica"],"_links":{"self":[{"href":"https:\/\/corrientesdetarde.com\/index.php\/wp-json\/wp\/v2\/posts\/115953","targetHints":{"allow":["GET"]}}],"collection":[{"href":"https:\/\/corrientesdetarde.com\/index.php\/wp-json\/wp\/v2\/posts"}],"about":[{"href":"https:\/\/corrientesdetarde.com\/index.php\/wp-json\/wp\/v2\/types\/post"}],"author":[{"embeddable":true,"href":"https:\/\/corrientesdetarde.com\/index.php\/wp-json\/wp\/v2\/users\/8"}],"replies":[{"embeddable":true,"href":"https:\/\/corrientesdetarde.com\/index.php\/wp-json\/wp\/v2\/comments?post=115953"}],"version-history":[{"count":1,"href":"https:\/\/corrientesdetarde.com\/index.php\/wp-json\/wp\/v2\/posts\/115953\/revisions"}],"predecessor-version":[{"id":115955,"href":"https:\/\/corrientesdetarde.com\/index.php\/wp-json\/wp\/v2\/posts\/115953\/revisions\/115955"}],"wp:featuredmedia":[{"embeddable":true,"href":"https:\/\/corrientesdetarde.com\/index.php\/wp-json\/wp\/v2\/media\/115954"}],"wp:attachment":[{"href":"https:\/\/corrientesdetarde.com\/index.php\/wp-json\/wp\/v2\/media?parent=115953"}],"wp:term":[{"taxonomy":"category","embeddable":true,"href":"https:\/\/corrientesdetarde.com\/index.php\/wp-json\/wp\/v2\/categories?post=115953"},{"taxonomy":"post_tag","embeddable":true,"href":"https:\/\/corrientesdetarde.com\/index.php\/wp-json\/wp\/v2\/tags?post=115953"}],"curies":[{"name":"wp","href":"https:\/\/api.w.org\/{rel}","templated":true}]}}