{"id":115956,"date":"2024-01-03T15:56:44","date_gmt":"2024-01-03T18:56:44","guid":{"rendered":"https:\/\/corrientesdetarde.com\/?p=115956"},"modified":"2024-01-03T15:56:56","modified_gmt":"2024-01-03T18:56:56","slug":"la-modelo-y-reina-de-la-belleza-tania-alessi-marin-cruz-murio-en-un-accidente-de-transito","status":"publish","type":"post","link":"https:\/\/corrientesdetarde.com\/index.php\/internacionales\/la-modelo-y-reina-de-la-belleza-tania-alessi-marin-cruz-murio-en-un-accidente-de-transito\/","title":{"rendered":"La modelo y reina de la belleza Tania Alessi Mar\u00edn Cruz muri\u00f3 en un accidente de tr\u00e1nsito"},"content":{"rendered":"\n<p>La joven, de 27 a\u00f1os, fue representante del estado de Hidalgo en el concurso de belleza Mexicana Universal y se hab\u00eda recibido de abogada, profesi\u00f3n que ejerc\u00eda antes de su fallecimiento.<\/p>\n\n\n\n<p>Una tr\u00e1gica noticia conmovi\u00f3 al mundo de los\u00a0concursos de bellezas:\u00a0<strong>la modelo mexicana Tania Alessi Mar\u00edn Cruz muri\u00f3 a los 27 a\u00f1os de edad<\/strong>\u00a0en un accidente automovil\u00edstico. A fines del 2023, la joven fue la representante del estado de Hidalgo en el certamen de Mexicana Universal.<\/p>\n\n\n\n<p>El incidente ocurri\u00f3 el pasado 29 de diciembre mientras Mar\u00edn manejaba un veh\u00edculo en la autopista. De un momento a otro,\u00a0<strong>perdi\u00f3 el control y volc\u00f3<\/strong>\u00a0a un costado de la ruta. Si bien los testigos de la escena intentaron salvarla, termin\u00f3 falleciendo ah\u00ed mismo por la gravedad de las heridas.<\/p>\n\n\n\n<p>La noticia de su muerte fue confirmada por la Procuradur\u00eda General del Estado de Hidalgo, donde Tania trabajaba como agente ministerial: \u201cLamentamos el fallecimiento de nuestra compa\u00f1era y amiga. Solidarizamos con familiares, amigas y amigos, y deseamos que en estos dif\u00edciles momentos encuentren paz y el consuelo necesario para superar su p\u00e9rdida. Descanse en paz\u201d, escribieron en un comunicado.<\/p>\n\n\n\n<figure class=\"wp-block-image\"><img decoding=\"async\" src=\"https:\/\/tn.com.ar\/resizer\/wzseuYA6k-C9WSzSgzxx1qfAaLQ=\/767x0\/smart\/filters:format(webp)\/cloudfront-us-east-1.images.arcpublishing.com\/artear\/MNBUUWN2LFGAJFDAQ7EK5NLHP4.PNG\" alt=\"La modelo muri\u00f3 en un accidente de tr\u00e1nsito mientras manejaba en una autopista. (Foto: Instagram\/alessimcruz)\"\/><\/figure>\n\n\n\n<h2 class=\"wp-block-heading\">Qui\u00e9n era Tania Alessi Mar\u00edn Cruz<\/h2>\n\n\n\n<p>Tania naci\u00f3 en Pachuca de Soto, una ciudad en el centro de\u00a0M\u00e9xico, y se destac\u00f3 en la industria del modelaje. Sin embargo, tambi\u00e9n se dedic\u00f3 a estudiar y se recibi\u00f3 de\u00a0<strong>abogada<\/strong>. Por esta raz\u00f3n, se dedicaba a trabajar en la procuradur\u00eda estatal.<\/p>\n\n\n\n<p>Por otro lado, en septiembre del a\u00f1o pasado, ingres\u00f3 al concurso de belleza&nbsp;<strong>Mexicana Universal<\/strong>, donde represent\u00f3 a su estado natal. \u201cEstamos en un certamen de belleza, es un concurso que por su naturaleza resalta las caracter\u00edsticas f\u00edsicas, emocionales e intelectuales de una mujer. \u00bfQu\u00e9 tan bella se siente una mujer que se ha visto en la necesidad de elegir entre ser cercenada o vivir?\u201d, escribi\u00f3 en sus redes sociales.<\/p>\n\n\n\n<figure class=\"wp-block-image\"><img decoding=\"async\" src=\"https:\/\/tn.com.ar\/resizer\/KmPERQ_CJRxkzPrkr0-UUqVfW4g=\/767x0\/smart\/filters:format(webp)\/cloudfront-us-east-1.images.arcpublishing.com\/artear\/UXLTHMS54FEAJIKVY5NX63MSTA.PNG\" alt=\"La joven manifestaba inter\u00e9s en defender causas sociales como la prevenci\u00f3n del c\u00e1ncer de mama. (Foto: Instagram\/alessimcruz)\"\/><\/figure>\n\n\n\n<p>\u201cBusco difundir y visibilizar las opciones para que estas mujeres puedan recuperar lo que Mexicana Universal est\u00e1 logrando en m\u00ed:\u00a0<strong>ser una mujer empoderada, valiosa, completa y con amor propio<\/strong>\u201d, concluy\u00f3.<\/p>\n\n\n\n<p>Asimismo, la joven manifestaba su<strong>&nbsp;inter\u00e9s en defender causas personales&nbsp;<\/strong>como su participaci\u00f3n en campa\u00f1as de prevenci\u00f3n del c\u00e1ncer de mama, la cual fue inspirada por su t\u00eda que venci\u00f3 la enfermedad. Incluso, en una de sus \u00faltimas publicaciones de su cuenta de Instagram demostr\u00f3 su compromiso a trav\u00e9s de una sesi\u00f3n de fotos que homenajeaba el mes de la prevenci\u00f3n, la conciencia y la autoexploraci\u00f3n.<\/p>\n","protected":false},"excerpt":{"rendered":"<p>La joven, de 27 a\u00f1os, fue representante del estado de Hidalgo en el concurso de belleza Mexicana Universal y se hab\u00eda recibido de abogada, profesi\u00f3n que ejerc\u00eda antes de su&hellip; <\/p>\n","protected":false},"author":8,"featured_media":115957,"comment_status":"closed","ping_status":"open","sticky":false,"template":"","format":"standard","meta":{"footnotes":""},"categories":[11],"tags":[],"class_list":["post-115956","post","type-post","status-publish","format-standard","has-post-thumbnail","hentry","category-internacionales"],"_links":{"self":[{"href":"https:\/\/corrientesdetarde.com\/index.php\/wp-json\/wp\/v2\/posts\/115956","targetHints":{"allow":["GET"]}}],"collection":[{"href":"https:\/\/corrientesdetarde.com\/index.php\/wp-json\/wp\/v2\/posts"}],"about":[{"href":"https:\/\/corrientesdetarde.com\/index.php\/wp-json\/wp\/v2\/types\/post"}],"author":[{"embeddable":true,"href":"https:\/\/corrientesdetarde.com\/index.php\/wp-json\/wp\/v2\/users\/8"}],"replies":[{"embeddable":true,"href":"https:\/\/corrientesdetarde.com\/index.php\/wp-json\/wp\/v2\/comments?post=115956"}],"version-history":[{"count":1,"href":"https:\/\/corrientesdetarde.com\/index.php\/wp-json\/wp\/v2\/posts\/115956\/revisions"}],"predecessor-version":[{"id":115958,"href":"https:\/\/corrientesdetarde.com\/index.php\/wp-json\/wp\/v2\/posts\/115956\/revisions\/115958"}],"wp:featuredmedia":[{"embeddable":true,"href":"https:\/\/corrientesdetarde.com\/index.php\/wp-json\/wp\/v2\/media\/115957"}],"wp:attachment":[{"href":"https:\/\/corrientesdetarde.com\/index.php\/wp-json\/wp\/v2\/media?parent=115956"}],"wp:term":[{"taxonomy":"category","embeddable":true,"href":"https:\/\/corrientesdetarde.com\/index.php\/wp-json\/wp\/v2\/categories?post=115956"},{"taxonomy":"post_tag","embeddable":true,"href":"https:\/\/corrientesdetarde.com\/index.php\/wp-json\/wp\/v2\/tags?post=115956"}],"curies":[{"name":"wp","href":"https:\/\/api.w.org\/{rel}","templated":true}]}}