{"id":115959,"date":"2024-01-03T15:59:47","date_gmt":"2024-01-03T18:59:47","guid":{"rendered":"https:\/\/corrientesdetarde.com\/?p=115959"},"modified":"2024-01-03T15:59:52","modified_gmt":"2024-01-03T18:59:52","slug":"manuel-adorni-sabemos-muy-bien-como-terminar-con-la-inflacion","status":"publish","type":"post","link":"https:\/\/corrientesdetarde.com\/index.php\/economia\/manuel-adorni-sabemos-muy-bien-como-terminar-con-la-inflacion\/","title":{"rendered":"Manuel Adorni: &#8220;Sabemos muy bien c\u00f3mo terminar con la inflaci\u00f3n&#8221;"},"content":{"rendered":"\n<p>El vocero presidencial dio en su habitual conferencia de prensa detalles de la estrategia del Gobierno para abordar la suba precios.<\/p>\n\n\n\n<p>En medio de la disparada inflacionaria, el portavoz presidencial,<strong>&nbsp;Manuel Adorni<\/strong>, afirm\u00f3 este mi\u00e9rcoles que&nbsp;<strong>vienen &#8220;meses muy dif\u00edciles&#8221; y que llevar\u00e1 un tiempo salir de la inflaci\u00f3n<\/strong>, debido a que el Gobierno anterior dej\u00f3 &#8220;una bomba inflacionaria&#8221; y hay que &#8220;aceptar que las facturas siempre hay que pagarlas&#8221;.<\/p>\n\n\n\n<p>&#8220;Va a llevar un tiempo salir de esta encerrona inflacionaria debido al desastre que han dejado, una de las grandes bombas que ha dejado la pol\u00edtica y el Gobierno anterior es la bomba inflacionaria que estamos tratando de resolver&#8221;, dijo el portavoz esta ma\u00f1ana en rueda de prensa en Casa de Gobierno.<\/p>\n\n\n\n<p>&#8220;Vamos a hacer todo lo posible para que ese tiempo sea lo m\u00e1s corto posible&#8221;, destac\u00f3 Adorni, y agreg\u00f3:\u00a0&#8220;Sabemos muy bien c\u00f3mo terminar con la inflaci\u00f3n&#8221;.<\/p>\n\n\n\n<p>&#8220;Sabemos que es un proceso largo y el trabajo que estamos haciendo en materia de gasto p\u00fablico, de equilibrar las cuentas p\u00fablicas y el saneamiento del patrimonio del Banco Central&#8221;, agreg\u00f3.<\/p>\n\n\n\n<p>Sostuvo que &#8220;nos ha tocado atravesar este triste proceso de reordenamiento de algunas cuestiones y lo estamos encarando de la manera que creemos que es correcta&#8221;.<\/p>\n\n\n\n<p>&#8220;Despu\u00e9s de unos meses muy dif\u00edciles que vienen por delante, en este proceso que estamos inmersos de una hiperinflaci\u00f3n,&nbsp;queremos evitar la cat\u00e1strofe may\u00fascula que es que efectivamente esta hiperinflaci\u00f3n&#8221;, remarc\u00f3 Adorni.<\/p>\n\n\n\n<p>Dijo que &#8220;todo est\u00e1 impactado por el gran atraso que hab\u00eda en casi todos los precios de la econom\u00eda, como bien puede ser el combustible o el atraso en materia cambiaria y en infinidad de otros precios&#8221;.<\/p>\n\n\n\n<p>Agreg\u00f3 que &#8220;el gran desastre que han hecho en Argentina con los precios relativos hace que cuando uno empieza a trabajar sobre la verdad y la realidad el impacto inflacionario de estas cuestiones mal hechas durante a\u00f1os tengan un impacto directo en precios, y esto indefectiblemente tenga un impacto en el poder adquisitivo de la gente&#8221;.<\/p>\n\n\n\n<p>&#8220;Por desgracia,&nbsp;tenemos que aceptar que las facturas siempre hay que pagarlas,&nbsp;lo ha dicho el Presidente, los almuerzos gratis no existen, en alg\u00fan momento alguien los paga&#8221;, concluy\u00f3 el portavoz presidencial.<\/p>\n","protected":false},"excerpt":{"rendered":"<p>El vocero presidencial dio en su habitual conferencia de prensa detalles de la estrategia del Gobierno para abordar la suba precios. En medio de la disparada inflacionaria, el portavoz presidencial,&nbsp;Manuel&hellip; <\/p>\n","protected":false},"author":8,"featured_media":115961,"comment_status":"closed","ping_status":"open","sticky":false,"template":"","format":"standard","meta":{"footnotes":""},"categories":[20],"tags":[],"class_list":["post-115959","post","type-post","status-publish","format-standard","has-post-thumbnail","hentry","category-economia"],"_links":{"self":[{"href":"https:\/\/corrientesdetarde.com\/index.php\/wp-json\/wp\/v2\/posts\/115959","targetHints":{"allow":["GET"]}}],"collection":[{"href":"https:\/\/corrientesdetarde.com\/index.php\/wp-json\/wp\/v2\/posts"}],"about":[{"href":"https:\/\/corrientesdetarde.com\/index.php\/wp-json\/wp\/v2\/types\/post"}],"author":[{"embeddable":true,"href":"https:\/\/corrientesdetarde.com\/index.php\/wp-json\/wp\/v2\/users\/8"}],"replies":[{"embeddable":true,"href":"https:\/\/corrientesdetarde.com\/index.php\/wp-json\/wp\/v2\/comments?post=115959"}],"version-history":[{"count":1,"href":"https:\/\/corrientesdetarde.com\/index.php\/wp-json\/wp\/v2\/posts\/115959\/revisions"}],"predecessor-version":[{"id":115962,"href":"https:\/\/corrientesdetarde.com\/index.php\/wp-json\/wp\/v2\/posts\/115959\/revisions\/115962"}],"wp:featuredmedia":[{"embeddable":true,"href":"https:\/\/corrientesdetarde.com\/index.php\/wp-json\/wp\/v2\/media\/115961"}],"wp:attachment":[{"href":"https:\/\/corrientesdetarde.com\/index.php\/wp-json\/wp\/v2\/media?parent=115959"}],"wp:term":[{"taxonomy":"category","embeddable":true,"href":"https:\/\/corrientesdetarde.com\/index.php\/wp-json\/wp\/v2\/categories?post=115959"},{"taxonomy":"post_tag","embeddable":true,"href":"https:\/\/corrientesdetarde.com\/index.php\/wp-json\/wp\/v2\/tags?post=115959"}],"curies":[{"name":"wp","href":"https:\/\/api.w.org\/{rel}","templated":true}]}}