{"id":115963,"date":"2024-01-03T17:27:14","date_gmt":"2024-01-03T20:27:14","guid":{"rendered":"https:\/\/corrientesdetarde.com\/?p=115963"},"modified":"2024-01-03T17:27:25","modified_gmt":"2024-01-03T20:27:25","slug":"el-gobierno-sufre-duro-reves-judicial-con-el-dnu-en-medio-de-internas-palaciegas","status":"publish","type":"post","link":"https:\/\/corrientesdetarde.com\/index.php\/politica\/el-gobierno-sufre-duro-reves-judicial-con-el-dnu-en-medio-de-internas-palaciegas\/","title":{"rendered":"El Gobierno sufre duro rev\u00e9s judicial con el DNU en medio de internas palaciegas"},"content":{"rendered":"\n<p><strong>Por Juan Pablo Peralta desde Casa Rosada<\/strong><\/p>\n\n\n\n<p>Esta ma\u00f1ana no hubo reuni\u00f3n de Gabinete en Casa Rosada, pero s\u00ed un c\u00f3nclave presidido por Javier Milei junto a varios de sus diputados de La Libertad Avanza para tratar el desempe\u00f1o de las iniciativas enviadas al Parlamento. En esa reuni\u00f3n no estuvo Guillermo Francos (foto), a quien se descontaba como participante.<\/p>\n\n\n\n<figure class=\"wp-block-embed is-type-video is-provider-youtube wp-block-embed-youtube wp-embed-aspect-16-9 wp-has-aspect-ratio\"><div class=\"wp-block-embed__wrapper\">\n<iframe loading=\"lazy\" title=\"El Gobierno sufre duro rev\u00e9s judicial con el DNU en medio de internas palaciegas\" width=\"1110\" height=\"624\" src=\"https:\/\/www.youtube.com\/embed\/gk2cNn7OLRU?feature=oembed\" frameborder=\"0\" allow=\"accelerometer; autoplay; clipboard-write; encrypted-media; gyroscope; picture-in-picture; web-share\" allowfullscreen><\/iframe>\n<\/div><\/figure>\n\n\n\n<p>Algo que ocurre en medio de diferencias internas entre el ala moderada que pretende alcanzar posiciones con sindicatos y gobernadores, referenciada en el ministro del Interior, y los halcones que enviaron el DNU y el paquete de medidas al Congreso en medio de las negociaciones. Hablamos del jefe de Gabinete, Nicol\u00e1s Posse y el asesor presidencial, Federico Sgurzenegger.<br>En su habitual conferencia de prensa, el vocero presidencial, Manuel Adorni hizo foco en la casta empresarial y sindical enfatizando que las normativas enviadas a la C\u00e1mara baja por el Ejecutivo, tienen que ver con ir contra los privilegios que perciben esos sectores. Al ser consultado por este medio sobre la suba inflacionaria que agobia a los argentinos, el funcionario afirm\u00f3 que Milei y su equipo est\u00e1n conscientes de los que est\u00e1 pasando, pero que no se puede resolver todo en 30 d\u00edas. Adem\u00e1s a\u00f1adi\u00f3 que se est\u00e1 tratando de evitar &#8220;una cat\u00e1strofe peor&#8221;.<\/p>\n","protected":false},"excerpt":{"rendered":"<p>Por Juan Pablo Peralta desde Casa Rosada Esta ma\u00f1ana no hubo reuni\u00f3n de Gabinete en Casa Rosada, pero s\u00ed un c\u00f3nclave presidido por Javier Milei junto a varios de sus&hellip; <\/p>\n","protected":false},"author":11,"featured_media":0,"comment_status":"closed","ping_status":"open","sticky":false,"template":"","format":"standard","meta":{"footnotes":""},"categories":[10,3],"tags":[1414,1058,380,659,336],"class_list":["post-115963","post","type-post","status-publish","format-standard","hentry","category-nacionales","category-politica","tag-amparo","tag-dnu","tag-gabinete","tag-internas","tag-milei"],"_links":{"self":[{"href":"https:\/\/corrientesdetarde.com\/index.php\/wp-json\/wp\/v2\/posts\/115963","targetHints":{"allow":["GET"]}}],"collection":[{"href":"https:\/\/corrientesdetarde.com\/index.php\/wp-json\/wp\/v2\/posts"}],"about":[{"href":"https:\/\/corrientesdetarde.com\/index.php\/wp-json\/wp\/v2\/types\/post"}],"author":[{"embeddable":true,"href":"https:\/\/corrientesdetarde.com\/index.php\/wp-json\/wp\/v2\/users\/11"}],"replies":[{"embeddable":true,"href":"https:\/\/corrientesdetarde.com\/index.php\/wp-json\/wp\/v2\/comments?post=115963"}],"version-history":[{"count":1,"href":"https:\/\/corrientesdetarde.com\/index.php\/wp-json\/wp\/v2\/posts\/115963\/revisions"}],"predecessor-version":[{"id":115964,"href":"https:\/\/corrientesdetarde.com\/index.php\/wp-json\/wp\/v2\/posts\/115963\/revisions\/115964"}],"wp:attachment":[{"href":"https:\/\/corrientesdetarde.com\/index.php\/wp-json\/wp\/v2\/media?parent=115963"}],"wp:term":[{"taxonomy":"category","embeddable":true,"href":"https:\/\/corrientesdetarde.com\/index.php\/wp-json\/wp\/v2\/categories?post=115963"},{"taxonomy":"post_tag","embeddable":true,"href":"https:\/\/corrientesdetarde.com\/index.php\/wp-json\/wp\/v2\/tags?post=115963"}],"curies":[{"name":"wp","href":"https:\/\/api.w.org\/{rel}","templated":true}]}}