{"id":11604,"date":"2022-10-16T10:28:30","date_gmt":"2022-10-16T13:28:30","guid":{"rendered":"https:\/\/corrientesdetarde.com\/?p=11604"},"modified":"2022-10-16T10:28:33","modified_gmt":"2022-10-16T13:28:33","slug":"el-crimen-de-la-nina-que-fue-hallada-en-una-maleta-en-paris-podria-estar-relacionado-al-trafico-de-organos","status":"publish","type":"post","link":"https:\/\/corrientesdetarde.com\/index.php\/informacion-general\/el-crimen-de-la-nina-que-fue-hallada-en-una-maleta-en-paris-podria-estar-relacionado-al-trafico-de-organos\/","title":{"rendered":"<strong>El crimen de la ni\u00f1a que fue hallada en una maleta en Par\u00eds podr\u00eda estar relacionado al tr\u00e1fico de \u00f3rganos<\/strong>"},"content":{"rendered":"\n<p>Lola Daviet, de 12 a\u00f1os, fue encontrada encadenada, con una profunda herida en la garganta, y su cuerpo estaba marcado con inscripciones<\/p>\n\n\n\n<p><strong>Lola Daviet<\/strong>, de 12 a\u00f1os, no volvi\u00f3 a casa del colegio el \u00faltimo viernes por la tarde.&nbsp;<strong>Su cuerpo fue encontrado en una maleta<\/strong>, esa misma noche, cerca de la puerta de su edificio, en el&nbsp;<strong>distrito 19 de Par\u00eds.<\/strong>&nbsp;Hay 8 detenidos.<\/p>\n\n\n\n<p>La menor no hab\u00eda regresado a casa despu\u00e9s de la escuela. Preocupada, su madre acudi\u00f3 a la comisar\u00eda del barrio para denunciar la desaparici\u00f3n.<\/p>\n\n\n\n<p>A las 23.20 horas se produjo un&nbsp;<strong>terrible descubrimiento en el patio del edificio de la familia<\/strong>: un transe\u00fante abri\u00f3&nbsp;<strong>una maleta abandonada que conten\u00eda el cuerpo de la ni\u00f1a. Estaba enroscada, encadenada, con una profunda herida en la garganta, y su cuerpo estaba marcado con inscripciones<\/strong>. Seg\u00fan la autopsia, realizada el s\u00e1bado, la muerte se debi\u00f3 a asfixia.<\/p>\n\n\n\n<p>Seg\u00fan inform\u00f3 la cadena de televisi\u00f3n francesa&nbsp;<em>BFMTV<\/em>,&nbsp;<strong>el cuerpo tiene los n\u00fameros 1 y 0 inscritos<\/strong>, sin que por el momento se haya podido determinar su significado.<\/p>\n\n\n\n<p>Las investigaciones revelaron que el viernes por la tarde,<strong>&nbsp;Lola s\u00ed regres\u00f3 a su casa. La imagen de las c\u00e1maras de seguridad lo demuestran. Sin embargo, en esas grabaciones la ni\u00f1a no est\u00e1 sola, una mujer<\/strong>&nbsp;de unos veinte a\u00f1os est\u00e1 con ella y se ve c\u00f3mo le hace se\u00f1as para que se acerque.<\/p>\n\n\n\n<p>La descripci\u00f3n de esta mujer se corresponde con la que varios testigos dicen haber visto por la tarde, cargando con dificultad una gran maleta en la calle.<\/p>\n\n\n\n<p>\u201cLa vimos entrar sola al edificio\u201d, asegur\u00f3 uno de los testigos, \u201cluego sali\u00f3, media hora despu\u00e9s. Ten\u00eda una maleta grande, muy pesada, pidi\u00f3 a todo el que se encontraba que la ayudara a cargarla.&nbsp;<strong>Deb\u00eda de tener 20 a\u00f1os, parec\u00eda un poco loca, la cara llena de maquillaje<\/strong>. En un momento dado dej\u00f3 la maleta frente a un caf\u00e9, iba y ven\u00eda, entraba y sal\u00eda, nos pregunt\u00e1bamos qu\u00e9 hab\u00eda dentro pero nunca hubi\u00e9ramos pensado en un cuerpo. Luego fue a la panader\u00eda de enfrente del caf\u00e9 a comprar un croissant, volvi\u00f3 como si nada,&nbsp;<strong>se la ve\u00eda un poco inestable<\/strong>\u201d, agreg\u00f3.<\/p>\n\n\n\n<p>Esa mujer es una de las detenidas y de su comportamiento nace la hip\u00f3tesis del tr\u00e1fico de \u00f3rganos.&nbsp;<strong>Seg\u00fan los testigos, ofreci\u00f3 \u201cmucho dinero\u201d a un transe\u00fante para que la ayudara a transportar la maleta. Esos testigos dicen que ella hablaba de tr\u00e1fico de \u00f3rganos.<\/strong><\/p>\n\n\n\n<p>La polic\u00eda investiga si el rastro del tr\u00e1fico de \u00f3rganos es real o est\u00e1 relacionado con el desequilibrio ps\u00edquico de la presunta asesina. Cierto es que el tr\u00e1fico de \u00f3rganos no es un delito f\u00e1cil de llevar a cabo. Requiere de expertos y equipos espec\u00edficos.<\/p>\n\n\n\n<p>Las autoridades s\u00ed detallaron que este lunes por la ma\u00f1ana se pondr\u00e1n en marcha \u201cc\u00e9lulas de apoyo psicol\u00f3gico para los estudiantes y el personal del colegio, pero tambi\u00e9n para los colegios de la zona. Lola asist\u00eda al instituto Georges-Brassens, ubicado en el distrito 19 donde fue asesinada.<\/p>\n\n\n\n<p>Desde que se conoci\u00f3 el crimen, los vecinos comenzaron a congregarse frente a la entrada del edificio donde vive la familia para expresar su consternaci\u00f3n, conmoci\u00f3n y tristeza. Se esperan m\u00e1s muestras de cari\u00f1o el lunes, cuando comience la semana escolar.<\/p>\n\n\n\n<p>Por el homicidio la Polic\u00eda detuvo a 8 personas en Par\u00eds y Bois-Colombes, en los suburbios del oeste, a 10 kil\u00f3metros del residencial Manin. Entre ellos est\u00e1 la principal sospechosa, la joven captada por la c\u00e1mara de v\u00eddeo del edificio.Todos est\u00e1n siendo investigados por , \u201casesinato de un menor con actos de tortura y barbarie\u201d.<\/p>\n","protected":false},"excerpt":{"rendered":"<p>Lola Daviet, de 12 a\u00f1os, fue encontrada encadenada, con una profunda herida en la garganta, y su cuerpo estaba marcado con inscripciones Lola Daviet, de 12 a\u00f1os, no volvi\u00f3 a&hellip; <\/p>\n","protected":false},"author":7,"featured_media":11605,"comment_status":"closed","ping_status":"open","sticky":false,"template":"","format":"standard","meta":{"footnotes":""},"categories":[1],"tags":[],"class_list":["post-11604","post","type-post","status-publish","format-standard","has-post-thumbnail","hentry","category-informacion-general"],"_links":{"self":[{"href":"https:\/\/corrientesdetarde.com\/index.php\/wp-json\/wp\/v2\/posts\/11604","targetHints":{"allow":["GET"]}}],"collection":[{"href":"https:\/\/corrientesdetarde.com\/index.php\/wp-json\/wp\/v2\/posts"}],"about":[{"href":"https:\/\/corrientesdetarde.com\/index.php\/wp-json\/wp\/v2\/types\/post"}],"author":[{"embeddable":true,"href":"https:\/\/corrientesdetarde.com\/index.php\/wp-json\/wp\/v2\/users\/7"}],"replies":[{"embeddable":true,"href":"https:\/\/corrientesdetarde.com\/index.php\/wp-json\/wp\/v2\/comments?post=11604"}],"version-history":[{"count":1,"href":"https:\/\/corrientesdetarde.com\/index.php\/wp-json\/wp\/v2\/posts\/11604\/revisions"}],"predecessor-version":[{"id":11606,"href":"https:\/\/corrientesdetarde.com\/index.php\/wp-json\/wp\/v2\/posts\/11604\/revisions\/11606"}],"wp:featuredmedia":[{"embeddable":true,"href":"https:\/\/corrientesdetarde.com\/index.php\/wp-json\/wp\/v2\/media\/11605"}],"wp:attachment":[{"href":"https:\/\/corrientesdetarde.com\/index.php\/wp-json\/wp\/v2\/media?parent=11604"}],"wp:term":[{"taxonomy":"category","embeddable":true,"href":"https:\/\/corrientesdetarde.com\/index.php\/wp-json\/wp\/v2\/categories?post=11604"},{"taxonomy":"post_tag","embeddable":true,"href":"https:\/\/corrientesdetarde.com\/index.php\/wp-json\/wp\/v2\/tags?post=11604"}],"curies":[{"name":"wp","href":"https:\/\/api.w.org\/{rel}","templated":true}]}}