{"id":116084,"date":"2024-01-04T11:07:31","date_gmt":"2024-01-04T14:07:31","guid":{"rendered":"https:\/\/corrientesdetarde.com\/?p=116084"},"modified":"2024-01-04T11:07:43","modified_gmt":"2024-01-04T14:07:43","slug":"todos-los-guinos-y-referencias-de-wish-la-pelicula-con-la-que-disney-celebra-sus-100-anos","status":"publish","type":"post","link":"https:\/\/corrientesdetarde.com\/index.php\/espectaculos\/todos-los-guinos-y-referencias-de-wish-la-pelicula-con-la-que-disney-celebra-sus-100-anos\/","title":{"rendered":"Todos los gui\u00f1os y referencias de Wish, la pel\u00edcula con la que Disney celebra sus 100 a\u00f1os"},"content":{"rendered":"\n<p>La cinta animada se estrena este jueves 4 de enero en los cines del pa\u00eds.<\/p>\n\n\n\n<p><strong>Wish: El poder de los deseos<\/strong>&nbsp;es la nueva apuesta de Disney que llega a los cines este jueves. Se trata de uno de los estrenos m\u00e1s importantes de la compa\u00f1\u00eda, ya que se realiz\u00f3 con motivo de celebrar su 100 aniversario. Y como era de esperarse, esta cinta tiene varios&nbsp;<em>easter eggs&nbsp;<\/em>que los m\u00e1s fan\u00e1ticos descubrieron.&nbsp;<\/p>\n\n\n\n<p>A continuaci\u00f3n, un repaso por todos los gui\u00f1os y referencias a las hist\u00f3ricas pel\u00edculas de Disney que tiene Wish.&nbsp;<em><strong>Atenci\u00f3n: esta nota puede contener spoilers.<\/strong><\/em><\/p>\n\n\n\n<h3 class=\"wp-block-heading\">\u00c9rase una vez&#8230;<\/h3>\n\n\n\n<figure class=\"wp-block-image size-full\"><img loading=\"lazy\" decoding=\"async\" width=\"780\" height=\"436\" src=\"https:\/\/corrientesdetarde.com\/wp-content\/uploads\/2024\/01\/image-69.png\" alt=\"\" class=\"wp-image-116133\" srcset=\"https:\/\/corrientesdetarde.com\/wp-content\/uploads\/2024\/01\/image-69.png 780w, https:\/\/corrientesdetarde.com\/wp-content\/uploads\/2024\/01\/image-69-300x168.png 300w, https:\/\/corrientesdetarde.com\/wp-content\/uploads\/2024\/01\/image-69-768x429.png 768w\" sizes=\"auto, (max-width: 780px) 100vw, 780px\" \/><\/figure>\n\n\n\n<p>Apenas inicia la pel\u00edcula, arroja el primer gui\u00f1o: un libro de cuentos se abre ante los espectadores para comenzar a contar la historia. Este recurso ha sido utilizado en muchos de los cl\u00e1sicos del estudio, como Blancanieves o La Bella Durmiente.&nbsp;<\/p>\n\n\n\n<h3 class=\"wp-block-heading\">El n\u00famero de amigos de Asha<\/h3>\n\n\n\n<figure class=\"wp-block-image size-full\"><img loading=\"lazy\" decoding=\"async\" width=\"781\" height=\"337\" src=\"https:\/\/corrientesdetarde.com\/wp-content\/uploads\/2024\/01\/image-70.png\" alt=\"\" class=\"wp-image-116134\" srcset=\"https:\/\/corrientesdetarde.com\/wp-content\/uploads\/2024\/01\/image-70.png 781w, https:\/\/corrientesdetarde.com\/wp-content\/uploads\/2024\/01\/image-70-300x129.png 300w, https:\/\/corrientesdetarde.com\/wp-content\/uploads\/2024\/01\/image-70-768x331.png 768w\" sizes=\"auto, (max-width: 781px) 100vw, 781px\" \/><\/figure>\n\n\n\n<p>Los amigos de la protagonista son siete. \u00bfCasualidad? Para nada. Esto es un claro gui\u00f1o a los coprotagonistas de Blancanieves y los siete enanitos: Safi, quien se la pasa estornudando, hace referencia a Estornud\u00f3n; Hal es despreocupada como Feliz; Bazeema es introvertida como T\u00edmido; Gabo se enoja como Gru\u00f1\u00f3n; Dario es un poco atontado como Tont\u00edn; Sim\u00f3n es aletargado como Dormil\u00f3n y Dahlia es quien da buenos consejos, como Doc.&nbsp;<\/p>\n\n\n\n<p>Adem\u00e1s, otro dato a destacar es que las iniciales coinciden con el nombre de los enanitos en ingl\u00e9s.&nbsp;<\/p>\n\n\n\n<h3 class=\"wp-block-heading\">La referencia a Peter Pan\u00a0<\/h3>\n\n\n\n<figure class=\"wp-block-image size-full\"><img loading=\"lazy\" decoding=\"async\" width=\"780\" height=\"455\" src=\"https:\/\/corrientesdetarde.com\/wp-content\/uploads\/2024\/01\/image-71.png\" alt=\"\" class=\"wp-image-116135\" srcset=\"https:\/\/corrientesdetarde.com\/wp-content\/uploads\/2024\/01\/image-71.png 780w, https:\/\/corrientesdetarde.com\/wp-content\/uploads\/2024\/01\/image-71-300x175.png 300w, https:\/\/corrientesdetarde.com\/wp-content\/uploads\/2024\/01\/image-71-768x448.png 768w\" sizes=\"auto, (max-width: 780px) 100vw, 780px\" \/><\/figure>\n\n\n\n<p>En el momento en que Magn\u00edfico destruye destruye unos deseos, aparece la silueta de Peter Pan volando por los cielos (y en otro, hace alusi\u00f3n a Mary Poppins). Luego, al final de la cinta, la reina Amaya habla con el mism\u00edsimo protagonista de la adaptaci\u00f3n de la novela de J.M. Barrie.<\/p>\n\n\n\n<h3 class=\"wp-block-heading\">Los objetos de Magn\u00edfico<\/h3>\n\n\n\n<figure class=\"wp-block-image size-full\"><img loading=\"lazy\" decoding=\"async\" width=\"782\" height=\"306\" src=\"https:\/\/corrientesdetarde.com\/wp-content\/uploads\/2024\/01\/image-72.png\" alt=\"\" class=\"wp-image-116136\" srcset=\"https:\/\/corrientesdetarde.com\/wp-content\/uploads\/2024\/01\/image-72.png 782w, https:\/\/corrientesdetarde.com\/wp-content\/uploads\/2024\/01\/image-72-300x117.png 300w, https:\/\/corrientesdetarde.com\/wp-content\/uploads\/2024\/01\/image-72-768x301.png 768w\" sizes=\"auto, (max-width: 782px) 100vw, 782px\" \/><\/figure>\n\n\n\n<p>El despacho entero de este personaje est\u00e1 lleno de &#8220;huevos de pascua&#8221;: desde algunos m\u00e1s evidentes, como la pluma dibujando las orejas de Mickey Mouse o la manzana con el l\u00edquido verde en forma de calavera de Blancanieves, a otros m\u00e1s sutiles como los libros voladores La espada en la piedra o el color de la magia prohibida que es muy similar a los poderes de Mal\u00e9fica en La Bella Durmiente.<\/p>\n\n\n\n<h3 class=\"wp-block-heading\">La fauna y la flora\u00a0<\/h3>\n\n\n\n<figure class=\"wp-block-image size-full\"><img loading=\"lazy\" decoding=\"async\" width=\"774\" height=\"301\" src=\"https:\/\/corrientesdetarde.com\/wp-content\/uploads\/2024\/01\/image-73.png\" alt=\"\" class=\"wp-image-116137\" srcset=\"https:\/\/corrientesdetarde.com\/wp-content\/uploads\/2024\/01\/image-73.png 774w, https:\/\/corrientesdetarde.com\/wp-content\/uploads\/2024\/01\/image-73-300x117.png 300w, https:\/\/corrientesdetarde.com\/wp-content\/uploads\/2024\/01\/image-73-768x299.png 768w\" sizes=\"auto, (max-width: 774px) 100vw, 774px\" \/><\/figure>\n\n\n\n<p>La escena de los animales del bosque tiene muchos dise\u00f1os que hacen referencia a otras pel\u00edculas del mundo de Disney. Por ejemplo: la ardilla se parece a la de La espada en la piedra; el oso, al de Robin Hood; las flores y los hongos al de Alicia en el pa\u00eds de las maravillas; los conejos a los de Bambi y los \u00e1rboles a los de Pocahontas.&nbsp;<\/p>\n\n\n\n<p>Adem\u00e1s, en una de las escenas llaman Bambi a uno de los animales.&nbsp;<\/p>\n\n\n\n<h3 class=\"wp-block-heading\">Uno de los looks de Asha<\/h3>\n\n\n\n<figure class=\"wp-block-image size-full\"><img loading=\"lazy\" decoding=\"async\" width=\"777\" height=\"468\" src=\"https:\/\/corrientesdetarde.com\/wp-content\/uploads\/2024\/01\/image-74.png\" alt=\"\" class=\"wp-image-116138\" srcset=\"https:\/\/corrientesdetarde.com\/wp-content\/uploads\/2024\/01\/image-74.png 777w, https:\/\/corrientesdetarde.com\/wp-content\/uploads\/2024\/01\/image-74-300x181.png 300w, https:\/\/corrientesdetarde.com\/wp-content\/uploads\/2024\/01\/image-74-768x463.png 768w\" sizes=\"auto, (max-width: 777px) 100vw, 777px\" \/><\/figure>\n\n\n\n<p>Cuando la protagonista sale de inc\u00f3gnito de la ciudad, se pone un outfit muy reconocible por los fan\u00e1ticos de la compa\u00f1\u00eda: la t\u00fanica azul claro anudada con el lazo rosa. Y es que este atuendo luce muy similar al del Hada Madrina de La Cenicienta. Adem\u00e1s, en un momento de la pel\u00edcula se puede observar una calabaza gigante por el pueblo.&nbsp;<\/p>\n\n\n\n<h3 class=\"wp-block-heading\">El traje de La Bella Durmiente<\/h3>\n\n\n\n<figure class=\"wp-block-image size-full\"><img loading=\"lazy\" decoding=\"async\" width=\"774\" height=\"433\" src=\"https:\/\/corrientesdetarde.com\/wp-content\/uploads\/2024\/01\/image-75.png\" alt=\"\" class=\"wp-image-116139\" srcset=\"https:\/\/corrientesdetarde.com\/wp-content\/uploads\/2024\/01\/image-75.png 774w, https:\/\/corrientesdetarde.com\/wp-content\/uploads\/2024\/01\/image-75-300x168.png 300w, https:\/\/corrientesdetarde.com\/wp-content\/uploads\/2024\/01\/image-75-768x430.png 768w\" sizes=\"auto, (max-width: 774px) 100vw, 774px\" \/><\/figure>\n\n\n\n<p>El vestido azul de Aurora hace un primer cameo en una de las esferas de los deseos. Se trata de uno de los que Magn\u00edfico decide cumplir y explica que el deseo era hacer el mejor de los vestidos jam\u00e1s hecho.<\/p>\n\n\n\n<h3 class=\"wp-block-heading\">El deseo de Valentino<\/h3>\n\n\n\n<figure class=\"wp-block-image size-full\"><img loading=\"lazy\" decoding=\"async\" width=\"778\" height=\"468\" src=\"https:\/\/corrientesdetarde.com\/wp-content\/uploads\/2024\/01\/image-76.png\" alt=\"\" class=\"wp-image-116140\" srcset=\"https:\/\/corrientesdetarde.com\/wp-content\/uploads\/2024\/01\/image-76.png 778w, https:\/\/corrientesdetarde.com\/wp-content\/uploads\/2024\/01\/image-76-300x180.png 300w, https:\/\/corrientesdetarde.com\/wp-content\/uploads\/2024\/01\/image-76-768x462.png 768w\" sizes=\"auto, (max-width: 778px) 100vw, 778px\" \/><\/figure>\n\n\n\n<p>La cabra parlante que acompa\u00f1a a Asha durante su traves\u00eda le cuenta a su compa\u00f1era el mayor de sus deseos: una utop\u00eda donde todos los animales sean iguales y lleven ropa. Una clara referencia a Zootopia.&nbsp;<\/p>\n\n\n\n<h3 class=\"wp-block-heading\">El castillo de Disney<\/h3>\n\n\n\n<figure class=\"wp-block-image size-full\"><img loading=\"lazy\" decoding=\"async\" width=\"779\" height=\"438\" src=\"https:\/\/corrientesdetarde.com\/wp-content\/uploads\/2024\/01\/image-77.png\" alt=\"\" class=\"wp-image-116141\" srcset=\"https:\/\/corrientesdetarde.com\/wp-content\/uploads\/2024\/01\/image-77.png 779w, https:\/\/corrientesdetarde.com\/wp-content\/uploads\/2024\/01\/image-77-300x169.png 300w, https:\/\/corrientesdetarde.com\/wp-content\/uploads\/2024\/01\/image-77-768x432.png 768w\" sizes=\"auto, (max-width: 779px) 100vw, 779px\" \/><\/figure>\n\n\n\n<p>Una de las referencias m\u00e1s alevosas es el \u00faltimo plano de la pel\u00edcula en el que Estrella vuela por el cielo de Rosas y crea un arco de luz que atraviesa el castillo de lado a lado. Efectivamente, es una clara referencia al conocido logo del estudio.<\/p>\n\n\n\n<h3 class=\"wp-block-heading\">Los cr\u00e9ditos y la escena post-cr\u00e9ditos<\/h3>\n\n\n\n<figure class=\"wp-block-image size-full\"><img loading=\"lazy\" decoding=\"async\" width=\"778\" height=\"300\" src=\"https:\/\/corrientesdetarde.com\/wp-content\/uploads\/2024\/01\/image-78.png\" alt=\"\" class=\"wp-image-116142\" srcset=\"https:\/\/corrientesdetarde.com\/wp-content\/uploads\/2024\/01\/image-78.png 778w, https:\/\/corrientesdetarde.com\/wp-content\/uploads\/2024\/01\/image-78-300x116.png 300w, https:\/\/corrientesdetarde.com\/wp-content\/uploads\/2024\/01\/image-78-768x296.png 768w\" sizes=\"auto, (max-width: 778px) 100vw, 778px\" \/><\/figure>\n\n\n\n<p>La cinta termina con la aparici\u00f3n de numerosos personajes de Disney durante los cr\u00e9ditos: desde los m\u00e1s ic\u00f3nicos hasta los m\u00e1s recientes. Y por \u00faltimo, en la escena post-cr\u00e9ditos, Sabino (quien de hecho cumple 100 a\u00f1os en la pel\u00edcula) toca con su guitarra los acordes de la hist\u00f3rica canci\u00f3n When You Wish Upon A Star, de Pinocho.\u00a0<\/p>\n","protected":false},"excerpt":{"rendered":"<p>La cinta animada se estrena este jueves 4 de enero en los cines del pa\u00eds. Wish: El poder de los deseos&nbsp;es la nueva apuesta de Disney que llega a los&hellip; <\/p>\n","protected":false},"author":4,"featured_media":116143,"comment_status":"closed","ping_status":"open","sticky":false,"template":"","format":"standard","meta":{"footnotes":""},"categories":[19],"tags":[],"class_list":["post-116084","post","type-post","status-publish","format-standard","has-post-thumbnail","hentry","category-espectaculos"],"_links":{"self":[{"href":"https:\/\/corrientesdetarde.com\/index.php\/wp-json\/wp\/v2\/posts\/116084","targetHints":{"allow":["GET"]}}],"collection":[{"href":"https:\/\/corrientesdetarde.com\/index.php\/wp-json\/wp\/v2\/posts"}],"about":[{"href":"https:\/\/corrientesdetarde.com\/index.php\/wp-json\/wp\/v2\/types\/post"}],"author":[{"embeddable":true,"href":"https:\/\/corrientesdetarde.com\/index.php\/wp-json\/wp\/v2\/users\/4"}],"replies":[{"embeddable":true,"href":"https:\/\/corrientesdetarde.com\/index.php\/wp-json\/wp\/v2\/comments?post=116084"}],"version-history":[{"count":1,"href":"https:\/\/corrientesdetarde.com\/index.php\/wp-json\/wp\/v2\/posts\/116084\/revisions"}],"predecessor-version":[{"id":116144,"href":"https:\/\/corrientesdetarde.com\/index.php\/wp-json\/wp\/v2\/posts\/116084\/revisions\/116144"}],"wp:featuredmedia":[{"embeddable":true,"href":"https:\/\/corrientesdetarde.com\/index.php\/wp-json\/wp\/v2\/media\/116143"}],"wp:attachment":[{"href":"https:\/\/corrientesdetarde.com\/index.php\/wp-json\/wp\/v2\/media?parent=116084"}],"wp:term":[{"taxonomy":"category","embeddable":true,"href":"https:\/\/corrientesdetarde.com\/index.php\/wp-json\/wp\/v2\/categories?post=116084"},{"taxonomy":"post_tag","embeddable":true,"href":"https:\/\/corrientesdetarde.com\/index.php\/wp-json\/wp\/v2\/tags?post=116084"}],"curies":[{"name":"wp","href":"https:\/\/api.w.org\/{rel}","templated":true}]}}