{"id":116155,"date":"2024-01-04T11:59:55","date_gmt":"2024-01-04T14:59:55","guid":{"rendered":"https:\/\/corrientesdetarde.com\/?p=116155"},"modified":"2024-01-04T21:18:57","modified_gmt":"2024-01-05T00:18:57","slug":"acto-en-plaza-de-armas-asumio-el-nuevo-jefe-de-la-prefectura-corrientes","status":"publish","type":"post","link":"https:\/\/corrientesdetarde.com\/index.php\/locales\/acto-en-plaza-de-armas-asumio-el-nuevo-jefe-de-la-prefectura-corrientes\/","title":{"rendered":"ACTO EN PLAZA DE ARMAS: Asumi\u00f3 el nuevo Jefe de la Prefectura Corrientes"},"content":{"rendered":"\n<p>El vicegobernador de la provincia, Pedro Braillard Poccard asisti\u00f3, en representaci\u00f3n del gobierno provincial, a la ceremonia de posesi\u00f3n del nuevo titular de la Jefatura de la Prefectura Corrientes.<br>El acto se realiz\u00f3 en la Plaza de armas de la Prefectura, con la presencia del Ministro de Seguridad de la provincia, Buenaventura Duarte, Intendente de la Capital, Eduardo Tassano, Secretario de Turismo y Deporte de la Municipalidad, Juan Enrique Braillard Poccard, y funcionarios del Estado provincial.<br>El jefe saliente, Pref. Ppal. \u00c1ngel Flores, se refiri\u00f3 a la tarea que realiza la fuerza en la provincia, custodiando la navegaci\u00f3n, realizando prevenci\u00f3n y lucha contra el tr\u00e1fico ilegal, adem\u00e1s de la protecci\u00f3n de los recursos naturales, en coordinaci\u00f3n con el gobierno provincial.<br>Posteriormente, dio la bienvenida al Pref. Ppal. Gustavo Griolio, quien a partir de este momento asume como Jefe de la Prefectura Corrientes.<\/p>\n\n\n\n<figure class=\"wp-block-gallery has-nested-images columns-default is-cropped wp-block-gallery-1 is-layout-flex wp-block-gallery-is-layout-flex\">\n<figure class=\"wp-block-image size-large\"><img loading=\"lazy\" decoding=\"async\" width=\"1024\" height=\"682\" data-id=\"116157\" src=\"https:\/\/corrientesdetarde.com\/wp-content\/uploads\/2024\/01\/IMG-20240104-WA0010-1024x682.jpg\" alt=\"\" class=\"wp-image-116157\" srcset=\"https:\/\/corrientesdetarde.com\/wp-content\/uploads\/2024\/01\/IMG-20240104-WA0010-1024x682.jpg 1024w, https:\/\/corrientesdetarde.com\/wp-content\/uploads\/2024\/01\/IMG-20240104-WA0010-300x200.jpg 300w, https:\/\/corrientesdetarde.com\/wp-content\/uploads\/2024\/01\/IMG-20240104-WA0010-768x512.jpg 768w, https:\/\/corrientesdetarde.com\/wp-content\/uploads\/2024\/01\/IMG-20240104-WA0010.jpg 1280w\" sizes=\"auto, (max-width: 1024px) 100vw, 1024px\" \/><\/figure>\n\n\n\n<figure class=\"wp-block-image size-large\"><img loading=\"lazy\" decoding=\"async\" width=\"1024\" height=\"682\" data-id=\"116158\" src=\"https:\/\/corrientesdetarde.com\/wp-content\/uploads\/2024\/01\/IMG-20240104-WA0011-1024x682.jpg\" alt=\"\" class=\"wp-image-116158\" srcset=\"https:\/\/corrientesdetarde.com\/wp-content\/uploads\/2024\/01\/IMG-20240104-WA0011-1024x682.jpg 1024w, https:\/\/corrientesdetarde.com\/wp-content\/uploads\/2024\/01\/IMG-20240104-WA0011-300x200.jpg 300w, https:\/\/corrientesdetarde.com\/wp-content\/uploads\/2024\/01\/IMG-20240104-WA0011-768x512.jpg 768w, https:\/\/corrientesdetarde.com\/wp-content\/uploads\/2024\/01\/IMG-20240104-WA0011.jpg 1280w\" sizes=\"auto, (max-width: 1024px) 100vw, 1024px\" \/><\/figure>\n<\/figure>\n\n\n\n<figure class=\"wp-block-image size-large\"><img loading=\"lazy\" decoding=\"async\" width=\"1024\" height=\"682\" src=\"https:\/\/corrientesdetarde.com\/wp-content\/uploads\/2024\/01\/IMG-20240104-WA0008-1024x682.jpg\" alt=\"\" class=\"wp-image-116160\" srcset=\"https:\/\/corrientesdetarde.com\/wp-content\/uploads\/2024\/01\/IMG-20240104-WA0008-1024x682.jpg 1024w, https:\/\/corrientesdetarde.com\/wp-content\/uploads\/2024\/01\/IMG-20240104-WA0008-300x200.jpg 300w, https:\/\/corrientesdetarde.com\/wp-content\/uploads\/2024\/01\/IMG-20240104-WA0008-768x512.jpg 768w, https:\/\/corrientesdetarde.com\/wp-content\/uploads\/2024\/01\/IMG-20240104-WA0008.jpg 1280w\" sizes=\"auto, (max-width: 1024px) 100vw, 1024px\" \/><\/figure>\n\n\n\n<figure class=\"wp-block-image size-large\"><img loading=\"lazy\" decoding=\"async\" width=\"1024\" height=\"682\" src=\"https:\/\/corrientesdetarde.com\/wp-content\/uploads\/2024\/01\/IMG-20240104-WA0007-1024x682.jpg\" alt=\"\" class=\"wp-image-116161\" srcset=\"https:\/\/corrientesdetarde.com\/wp-content\/uploads\/2024\/01\/IMG-20240104-WA0007-1024x682.jpg 1024w, https:\/\/corrientesdetarde.com\/wp-content\/uploads\/2024\/01\/IMG-20240104-WA0007-300x200.jpg 300w, https:\/\/corrientesdetarde.com\/wp-content\/uploads\/2024\/01\/IMG-20240104-WA0007-768x512.jpg 768w, https:\/\/corrientesdetarde.com\/wp-content\/uploads\/2024\/01\/IMG-20240104-WA0007.jpg 1280w\" sizes=\"auto, (max-width: 1024px) 100vw, 1024px\" \/><\/figure>\n","protected":false},"excerpt":{"rendered":"<p>El vicegobernador de la provincia, Pedro Braillard Poccard asisti\u00f3, en representaci\u00f3n del gobierno provincial, a la ceremonia de posesi\u00f3n del nuevo titular de la Jefatura de la Prefectura Corrientes.El acto&hellip; <\/p>\n","protected":false},"author":1,"featured_media":116159,"comment_status":"closed","ping_status":"open","sticky":false,"template":"","format":"standard","meta":{"footnotes":""},"categories":[22,8],"tags":[],"class_list":["post-116155","post","type-post","status-publish","format-standard","has-post-thumbnail","hentry","category-eventos","category-locales"],"_links":{"self":[{"href":"https:\/\/corrientesdetarde.com\/index.php\/wp-json\/wp\/v2\/posts\/116155","targetHints":{"allow":["GET"]}}],"collection":[{"href":"https:\/\/corrientesdetarde.com\/index.php\/wp-json\/wp\/v2\/posts"}],"about":[{"href":"https:\/\/corrientesdetarde.com\/index.php\/wp-json\/wp\/v2\/types\/post"}],"author":[{"embeddable":true,"href":"https:\/\/corrientesdetarde.com\/index.php\/wp-json\/wp\/v2\/users\/1"}],"replies":[{"embeddable":true,"href":"https:\/\/corrientesdetarde.com\/index.php\/wp-json\/wp\/v2\/comments?post=116155"}],"version-history":[{"count":1,"href":"https:\/\/corrientesdetarde.com\/index.php\/wp-json\/wp\/v2\/posts\/116155\/revisions"}],"predecessor-version":[{"id":116162,"href":"https:\/\/corrientesdetarde.com\/index.php\/wp-json\/wp\/v2\/posts\/116155\/revisions\/116162"}],"wp:featuredmedia":[{"embeddable":true,"href":"https:\/\/corrientesdetarde.com\/index.php\/wp-json\/wp\/v2\/media\/116159"}],"wp:attachment":[{"href":"https:\/\/corrientesdetarde.com\/index.php\/wp-json\/wp\/v2\/media?parent=116155"}],"wp:term":[{"taxonomy":"category","embeddable":true,"href":"https:\/\/corrientesdetarde.com\/index.php\/wp-json\/wp\/v2\/categories?post=116155"},{"taxonomy":"post_tag","embeddable":true,"href":"https:\/\/corrientesdetarde.com\/index.php\/wp-json\/wp\/v2\/tags?post=116155"}],"curies":[{"name":"wp","href":"https:\/\/api.w.org\/{rel}","templated":true}]}}