{"id":11617,"date":"2022-10-16T10:37:30","date_gmt":"2022-10-16T13:37:30","guid":{"rendered":"https:\/\/corrientesdetarde.com\/?p=11617"},"modified":"2022-10-16T10:37:31","modified_gmt":"2022-10-16T13:37:31","slug":"una-familia-se-accidento-cerca-de-mercedes-hay-dos-heridos-graves","status":"publish","type":"post","link":"https:\/\/corrientesdetarde.com\/index.php\/locales\/una-familia-se-accidento-cerca-de-mercedes-hay-dos-heridos-graves\/","title":{"rendered":"<strong>Una familia se accident\u00f3 cerca de Mercedes: hay dos heridos graves<\/strong>"},"content":{"rendered":"\n<p>El siniestro se habr\u00eda dado a las 14 de este s\u00e1bado sobre Ruta Nacional 123, a pocos kil\u00f3metros de la localidad correntina de Mercedes. Dos personas que viajaban en el auto tuvieron que ser hospitalizadas con importantes heridas. Investigan si un colectivo provoc\u00f3 el vuelco y se dio&nbsp;a la fuga posteriormente.<\/p>\n\n\n\n<p><strong>Una familia que viajaba en un auto sufri\u00f3 un importante accidente sobre Ruta Nacional 123, a poca distancia de la localidad de Mercedes, Corrientes<\/strong>.<\/p>\n\n\n\n<p>Seg\u00fan el medio Diario Mercedes, el conductor del auto habr\u00eda manifestado que&nbsp;<strong>un colectivo realiz\u00f3 una maniobra muy peligrosa<\/strong>, poniendo en riesgo su integridad y la de su familia. Debido a esto,&nbsp;<strong>tuvo que improvisar una maniobra que hizo que el auto despiste y termine volcando<\/strong>.<\/p>\n\n\n\n<p>No conforme con esto, informaron que&nbsp;<strong>el veh\u00edculo qued\u00f3 dado vuelta y con la familia entera en su interior<\/strong>. Personas que pasaban por el lugar habr\u00edan colaborado para dar vuelta nuevamente el auto para poder sacar a los integrantes de esa familia.<\/p>\n\n\n\n<p><strong>Dos personas tuvieron que ser trasladadas de urgencia al hospital<\/strong>&nbsp;m\u00e1s cercano, debido principalmente a las heridas que presentaban y a una importante p\u00e9rdida de sangre.<\/p>\n\n\n\n<p>Seg\u00fan fuentes oficiales, la polic\u00eda ya habr\u00eda ordenado el rastrillaje del colectivo que provoc\u00f3 el accidente.<\/p>\n","protected":false},"excerpt":{"rendered":"<p>El siniestro se habr\u00eda dado a las 14 de este s\u00e1bado sobre Ruta Nacional 123, a pocos kil\u00f3metros de la localidad correntina de Mercedes. Dos personas que viajaban en el&hellip; <\/p>\n","protected":false},"author":7,"featured_media":11618,"comment_status":"closed","ping_status":"open","sticky":false,"template":"","format":"standard","meta":{"footnotes":""},"categories":[8],"tags":[],"class_list":["post-11617","post","type-post","status-publish","format-standard","has-post-thumbnail","hentry","category-locales"],"_links":{"self":[{"href":"https:\/\/corrientesdetarde.com\/index.php\/wp-json\/wp\/v2\/posts\/11617","targetHints":{"allow":["GET"]}}],"collection":[{"href":"https:\/\/corrientesdetarde.com\/index.php\/wp-json\/wp\/v2\/posts"}],"about":[{"href":"https:\/\/corrientesdetarde.com\/index.php\/wp-json\/wp\/v2\/types\/post"}],"author":[{"embeddable":true,"href":"https:\/\/corrientesdetarde.com\/index.php\/wp-json\/wp\/v2\/users\/7"}],"replies":[{"embeddable":true,"href":"https:\/\/corrientesdetarde.com\/index.php\/wp-json\/wp\/v2\/comments?post=11617"}],"version-history":[{"count":1,"href":"https:\/\/corrientesdetarde.com\/index.php\/wp-json\/wp\/v2\/posts\/11617\/revisions"}],"predecessor-version":[{"id":11619,"href":"https:\/\/corrientesdetarde.com\/index.php\/wp-json\/wp\/v2\/posts\/11617\/revisions\/11619"}],"wp:featuredmedia":[{"embeddable":true,"href":"https:\/\/corrientesdetarde.com\/index.php\/wp-json\/wp\/v2\/media\/11618"}],"wp:attachment":[{"href":"https:\/\/corrientesdetarde.com\/index.php\/wp-json\/wp\/v2\/media?parent=11617"}],"wp:term":[{"taxonomy":"category","embeddable":true,"href":"https:\/\/corrientesdetarde.com\/index.php\/wp-json\/wp\/v2\/categories?post=11617"},{"taxonomy":"post_tag","embeddable":true,"href":"https:\/\/corrientesdetarde.com\/index.php\/wp-json\/wp\/v2\/tags?post=11617"}],"curies":[{"name":"wp","href":"https:\/\/api.w.org\/{rel}","templated":true}]}}