{"id":116177,"date":"2024-01-04T13:17:03","date_gmt":"2024-01-04T16:17:03","guid":{"rendered":"https:\/\/corrientesdetarde.com\/?p=116177"},"modified":"2024-01-04T21:19:14","modified_gmt":"2024-01-05T00:19:14","slug":"tassano-le-dio-la-bienvenida-al-nuevo-jefe-de-la-prefectura-corrientes","status":"publish","type":"post","link":"https:\/\/corrientesdetarde.com\/index.php\/informacion-general\/tassano-le-dio-la-bienvenida-al-nuevo-jefe-de-la-prefectura-corrientes\/","title":{"rendered":"Tassano le dio la bienvenida al nuevo jefe de la Prefectura Corrientes"},"content":{"rendered":"\n<p><em>El intendente particip\u00f3 esta ma\u00f1ana de la asunci\u00f3n del nuevo titular de la instituci\u00f3n en la ciudad y destac\u00f3 las relaciones institucionales<\/em><\/p>\n\n\n\n<p>\u201cEsta es una instituci\u00f3n muy importante y muy ligada a nuestra ciudad\u201d, resalt\u00f3 el intendente Eduardo Tassano en el acto en que asumi\u00f3 hoy el prefecto principal Gustavo Gabriel Griolio como nuevo jefe de la Prefectura Corrientes y en el que se despidi\u00f3 con agradecimientos al jefe saliente, Angel Flores.<br>Tassano particip\u00f3 junto al vicegobernador Pedro Braillard Poccard de la renovaci\u00f3n de autoridades prefecturianas en la ciudad. La ceremonia inici\u00f3 con el acto de salida de Angel Flores, quien ley\u00f3 un emotivo mensaje de despedida y a quien se le rindi\u00f3 homenaje por sus servicios mediante la entrega de un cofre con la bandera de la Prefectura.<br>Flores dej\u00f3 el cargo expresando su agradecimiento a las entidades locales y en especial al Municipio capitalino por el trabajo mancomunado desarrollado en todo este lapso.<br>Despu\u00e9s se dio lugar a la asunci\u00f3n y posterior saludo al prefecto principal, Gustavo Gabriel Griolio, quien en pleno acto expres\u00f3 que este nuevo cargo significa la renovaci\u00f3n de la confianza de sus superiores en sus capacidades para conducir \u201cuna de las Prefecturas m\u00e1s importantes que tiene la instituci\u00f3n (en alusi\u00f3n a Prefectura Corrientes). Por eso venimos a continuar con la labor realizada y a sumar de cara a la sociedad\u201d.<br>El flamante nuevo jefe, quien en su anterior destino se desempe\u00f1\u00f3 como jefe del Departamento de Investigaciones de Delitos Complejos, agreg\u00f3: \u201cMe llena de orgullo el trabajo realizado por el personal de la repartici\u00f3n y a la vez me compromete a continuar con esa labor, siempre puertas abiertas a la sociedad\u201d.<br>El intendente, en tanto, hizo hincapi\u00e9 en el apoyo constante y la disposici\u00f3n que tiene el Municipio con esta fuerza. Tambi\u00e9n resalt\u00f3 el trabajo mancomunado con el Gobierno provincial para la seguridad de los correntinos.<br>\u201cEsta es una ceremonia muy significativa porque se trata de una instituci\u00f3n tan importante por estar en una zona fronteriza y tambi\u00e9n por su relaci\u00f3n con el r\u00edo\u201d, afirm\u00f3 Tassano, en referencia a la relevancia de Prefectura para garantizar la seguridad en la ribera y en el Paran\u00e1 en la capital correntina.<\/p>\n\n\n\n<figure class=\"wp-block-embed is-type-video is-provider-youtube wp-block-embed-youtube wp-embed-aspect-16-9 wp-has-aspect-ratio\"><div class=\"wp-block-embed__wrapper\">\n<iframe loading=\"lazy\" title=\"Tassano particip\u00f3 de la asunci\u00f3n del nuevo titular de la Prefectura Corrientes\" width=\"1110\" height=\"624\" src=\"https:\/\/www.youtube.com\/embed\/ZPO3aGxq7Zk?feature=oembed\" frameborder=\"0\" allow=\"accelerometer; autoplay; clipboard-write; encrypted-media; gyroscope; picture-in-picture; web-share\" allowfullscreen><\/iframe>\n<\/div><\/figure>\n\n\n\n<figure class=\"wp-block-image size-full\"><img loading=\"lazy\" decoding=\"async\" width=\"988\" height=\"704\" src=\"https:\/\/corrientesdetarde.com\/wp-content\/uploads\/2024\/01\/image-81.png\" alt=\"\" class=\"wp-image-116178\" srcset=\"https:\/\/corrientesdetarde.com\/wp-content\/uploads\/2024\/01\/image-81.png 988w, https:\/\/corrientesdetarde.com\/wp-content\/uploads\/2024\/01\/image-81-300x214.png 300w, https:\/\/corrientesdetarde.com\/wp-content\/uploads\/2024\/01\/image-81-768x547.png 768w\" sizes=\"auto, (max-width: 988px) 100vw, 988px\" \/><\/figure>\n\n\n\n<figure class=\"wp-block-image size-large\"><img loading=\"lazy\" decoding=\"async\" width=\"1024\" height=\"682\" src=\"https:\/\/corrientesdetarde.com\/wp-content\/uploads\/2024\/01\/image-82-1024x682.png\" alt=\"\" class=\"wp-image-116179\" srcset=\"https:\/\/corrientesdetarde.com\/wp-content\/uploads\/2024\/01\/image-82-1024x682.png 1024w, https:\/\/corrientesdetarde.com\/wp-content\/uploads\/2024\/01\/image-82-300x200.png 300w, https:\/\/corrientesdetarde.com\/wp-content\/uploads\/2024\/01\/image-82-768x512.png 768w, https:\/\/corrientesdetarde.com\/wp-content\/uploads\/2024\/01\/image-82.png 1280w\" sizes=\"auto, (max-width: 1024px) 100vw, 1024px\" \/><\/figure>\n\n\n\n<figure class=\"wp-block-image size-large\"><img loading=\"lazy\" decoding=\"async\" width=\"1024\" height=\"682\" src=\"https:\/\/corrientesdetarde.com\/wp-content\/uploads\/2024\/01\/image-83-1024x682.png\" alt=\"\" class=\"wp-image-116180\" srcset=\"https:\/\/corrientesdetarde.com\/wp-content\/uploads\/2024\/01\/image-83-1024x682.png 1024w, https:\/\/corrientesdetarde.com\/wp-content\/uploads\/2024\/01\/image-83-300x200.png 300w, https:\/\/corrientesdetarde.com\/wp-content\/uploads\/2024\/01\/image-83-768x512.png 768w, https:\/\/corrientesdetarde.com\/wp-content\/uploads\/2024\/01\/image-83.png 1280w\" sizes=\"auto, (max-width: 1024px) 100vw, 1024px\" \/><\/figure>\n","protected":false},"excerpt":{"rendered":"<p>El intendente particip\u00f3 esta ma\u00f1ana de la asunci\u00f3n del nuevo titular de la instituci\u00f3n en la ciudad y destac\u00f3 las relaciones institucionales \u201cEsta es una instituci\u00f3n muy importante y muy&hellip; <\/p>\n","protected":false},"author":8,"featured_media":116181,"comment_status":"closed","ping_status":"open","sticky":false,"template":"","format":"standard","meta":{"footnotes":""},"categories":[1],"tags":[],"class_list":["post-116177","post","type-post","status-publish","format-standard","has-post-thumbnail","hentry","category-informacion-general"],"_links":{"self":[{"href":"https:\/\/corrientesdetarde.com\/index.php\/wp-json\/wp\/v2\/posts\/116177","targetHints":{"allow":["GET"]}}],"collection":[{"href":"https:\/\/corrientesdetarde.com\/index.php\/wp-json\/wp\/v2\/posts"}],"about":[{"href":"https:\/\/corrientesdetarde.com\/index.php\/wp-json\/wp\/v2\/types\/post"}],"author":[{"embeddable":true,"href":"https:\/\/corrientesdetarde.com\/index.php\/wp-json\/wp\/v2\/users\/8"}],"replies":[{"embeddable":true,"href":"https:\/\/corrientesdetarde.com\/index.php\/wp-json\/wp\/v2\/comments?post=116177"}],"version-history":[{"count":1,"href":"https:\/\/corrientesdetarde.com\/index.php\/wp-json\/wp\/v2\/posts\/116177\/revisions"}],"predecessor-version":[{"id":116182,"href":"https:\/\/corrientesdetarde.com\/index.php\/wp-json\/wp\/v2\/posts\/116177\/revisions\/116182"}],"wp:featuredmedia":[{"embeddable":true,"href":"https:\/\/corrientesdetarde.com\/index.php\/wp-json\/wp\/v2\/media\/116181"}],"wp:attachment":[{"href":"https:\/\/corrientesdetarde.com\/index.php\/wp-json\/wp\/v2\/media?parent=116177"}],"wp:term":[{"taxonomy":"category","embeddable":true,"href":"https:\/\/corrientesdetarde.com\/index.php\/wp-json\/wp\/v2\/categories?post=116177"},{"taxonomy":"post_tag","embeddable":true,"href":"https:\/\/corrientesdetarde.com\/index.php\/wp-json\/wp\/v2\/tags?post=116177"}],"curies":[{"name":"wp","href":"https:\/\/api.w.org\/{rel}","templated":true}]}}