{"id":116183,"date":"2024-01-04T13:21:47","date_gmt":"2024-01-04T16:21:47","guid":{"rendered":"https:\/\/corrientesdetarde.com\/?p=116183"},"modified":"2024-01-04T13:21:52","modified_gmt":"2024-01-04T16:21:52","slug":"la-camara-del-trabajo-dicto-otro-fallo-para-frenar-la-reforma-laboral-del-dnu-de-javier-milei","status":"publish","type":"post","link":"https:\/\/corrientesdetarde.com\/index.php\/nacionales\/la-camara-del-trabajo-dicto-otro-fallo-para-frenar-la-reforma-laboral-del-dnu-de-javier-milei\/","title":{"rendered":"La C\u00e1mara del Trabajo dict\u00f3 otro fallo para frenar la reforma laboral del DNU de Javier Milei"},"content":{"rendered":"\n<p>La Justicia le dio la raz\u00f3n a un amparo presentado por la CTA, al igual que hizo ayer ante un recurso interpuesto por la CGT.<\/p>\n\n\n\n<p>La<strong>\u00a0C\u00e1mara del Trabajo<\/strong>\u00a0dict\u00f3 este jueves un nuevo fallo que frena la\u00a0reforma laboral impulsada por el Gobierno de\u00a0Javier Milei en el\u00a0<strong>mega DNU<\/strong>. Lo hizo ante un amparo presentado por\u00a0<strong>Central de Trabajadores de la Argentina (CTA)<\/strong>, en sinton\u00eda con la resoluci\u00f3n de ayer frente al recurso interpuesto por la\u00a0<strong>Confederaci\u00f3n General del Trabajo (CGT)<\/strong>.<\/p>\n\n\n\n<p><strong>\u201cDisponer la suspensi\u00f3n cautelar de los efectos del DNU 70\/2023\u00a0<\/strong>(B.O. 21\/12\/2023) en lo que hace a la operatividad de las previsiones contenidas en su T\u00edtulo IV (TRABAJO -arts. 53 a 97-) hasta tanto se dicte resoluci\u00f3n sobre el fondo\u201d, dice el fallo al que<strong>\u00a0<\/strong>tuvo acceso.<\/p>\n\n\n\n<p>La nueva resoluci\u00f3n fue firmada por la Sala de Feria, integrada por los camaristas Alejandro Sudera y Andrea Garc\u00eda Vior.<\/p>\n\n\n\n<p>De esta forma, el Gobierno suma un nuevo rev\u00e9s judicial mientras intenta que el expediente pase al fuero contencioso administrativo federal, donde tramita un amparo colectivo contra el DNU.<\/p>\n\n\n\n<p>Pese a los fallos en sentido contrario, Milei tiene resuelto enviar el DNU al Congreso\u00a0para ser evaluado por la Comisi\u00f3n Bicameral, y prev\u00e9 la inclusi\u00f3n de los art\u00edculos laborales\u00a0<strong>suspendidos\u00a0<\/strong>por la Justicia tras la presentaci\u00f3n de los amparos de la CGT y la CTA.<\/p>\n\n\n\n<p>Se trata de art\u00edculos que impactan a los gremios, como la declaraci\u00f3n de \u201cservicio esencial\u201d a la salud, educaci\u00f3n y provisi\u00f3n de combustibles, que<strong>\u00a0limita el derecho a huelga<\/strong>\u00a0de los trabajadores de estos rubros. A esto se suma el fin de la obligatoriedad de los aportes a gremios de parte de trabajadores no afiliados a sindicatos y a la ampliaci\u00f3n del per\u00edodo de prueba laboral\u00a0\u00a0de tres ocho meses, entre otras cuestiones.<\/p>\n\n\n\n<figure class=\"wp-block-image\"><img decoding=\"async\" src=\"https:\/\/tn.com.ar\/resizer\/JXjexKwu4aQ3E0_O-Qy_ZVeEb3w=\/767x0\/smart\/filters:format(webp)\/cloudfront-us-east-1.images.arcpublishing.com\/artear\/VYXMCAPOCNCCRPLBAYT35XVVQI.jfif\" alt=\"Un fragmento del nuevo fallo de la C\u00e1mara del Trabajo. (Foto: captura de imagen)\"\/><figcaption>Un fragmento del nuevo fallo de la C\u00e1mara del Trabajo. (Foto: captura de imagen)<\/figcaption><\/figure>\n\n\n\n<p>Entre los argumentos para la resoluci\u00f3n de este jueves, la C\u00e1mara del Trabajo mencion\u00f3&nbsp;<strong>\u201clos graves riesgos de que el conflicto social -ya avizorado en los \u00faltimos d\u00edas del a\u00f1o 2023-<\/strong>&nbsp;<strong>se acreciente y\/o derive en hechos de violencia inusitada\u201d.<\/strong><\/p>\n\n\n\n<p>\u201cEn el presente y tal como emerge de los considerandos precedentes, todos los recaudos antes referidos deben entenderse prima facie reunidos, por lo que corresponde hacer lugar a la suspensi\u00f3n de los efectos del DNU 7\/2023 en lo que hace a las regulaciones contenidas en su t\u00edtulo IV TRABAJO (arts. 53 a 97) hasta tanto se dicte resoluci\u00f3n definitiva\u201d, se\u00f1alaron los jueces.<\/p>\n\n\n\n<p>Los camaristas pusieron el acento en el \u201cpeligro en la demora\u201d de expedirse sobre el caso. Tambi\u00e9n aludieron al paro convocado para el 24 de enero y a la decisi\u00f3n de la Corte Suprema de Justicia de la Naci\u00f3n de postergar hasta febrero, tras la feria judicial, el tratamiento al recurso presentado por el gobernador de La Rioja,&nbsp;<strong>Ricardo Quintela<\/strong>, contra el DNU.<\/p>\n\n\n\n<p>\u201cHecha p\u00fablica la convocatoria a un paro general por las centrales obreras para el d\u00eda 24 de enero en curso y habiendo dispuesto la CSJN no dar tratamiento inmediato al proceso originario habilitado ante su sede con motivo del DNU cuestionado, el peligro en la demora es a\u00fan mayor teniendo en cuenta las importantes modificaciones introducidas por el DNU a las leyes 25.877, 23.551 y 14250 -reitero, de aplicaci\u00f3n inmediata, conforme la cuestionada ley 26122- y los graves riesgos de que el conflicto social -ya avizorado en los \u00faltimos d\u00edas del a\u00f1o 2023- se acreciente y\/o derive en hechos de violencia inusitada\u201d, consider\u00f3 el tribunal.<\/p>\n","protected":false},"excerpt":{"rendered":"<p>La Justicia le dio la raz\u00f3n a un amparo presentado por la CTA, al igual que hizo ayer ante un recurso interpuesto por la CGT. La\u00a0C\u00e1mara del Trabajo\u00a0dict\u00f3 este jueves&hellip; <\/p>\n","protected":false},"author":8,"featured_media":116184,"comment_status":"closed","ping_status":"open","sticky":false,"template":"","format":"standard","meta":{"footnotes":""},"categories":[10],"tags":[],"class_list":["post-116183","post","type-post","status-publish","format-standard","has-post-thumbnail","hentry","category-nacionales"],"_links":{"self":[{"href":"https:\/\/corrientesdetarde.com\/index.php\/wp-json\/wp\/v2\/posts\/116183","targetHints":{"allow":["GET"]}}],"collection":[{"href":"https:\/\/corrientesdetarde.com\/index.php\/wp-json\/wp\/v2\/posts"}],"about":[{"href":"https:\/\/corrientesdetarde.com\/index.php\/wp-json\/wp\/v2\/types\/post"}],"author":[{"embeddable":true,"href":"https:\/\/corrientesdetarde.com\/index.php\/wp-json\/wp\/v2\/users\/8"}],"replies":[{"embeddable":true,"href":"https:\/\/corrientesdetarde.com\/index.php\/wp-json\/wp\/v2\/comments?post=116183"}],"version-history":[{"count":1,"href":"https:\/\/corrientesdetarde.com\/index.php\/wp-json\/wp\/v2\/posts\/116183\/revisions"}],"predecessor-version":[{"id":116185,"href":"https:\/\/corrientesdetarde.com\/index.php\/wp-json\/wp\/v2\/posts\/116183\/revisions\/116185"}],"wp:featuredmedia":[{"embeddable":true,"href":"https:\/\/corrientesdetarde.com\/index.php\/wp-json\/wp\/v2\/media\/116184"}],"wp:attachment":[{"href":"https:\/\/corrientesdetarde.com\/index.php\/wp-json\/wp\/v2\/media?parent=116183"}],"wp:term":[{"taxonomy":"category","embeddable":true,"href":"https:\/\/corrientesdetarde.com\/index.php\/wp-json\/wp\/v2\/categories?post=116183"},{"taxonomy":"post_tag","embeddable":true,"href":"https:\/\/corrientesdetarde.com\/index.php\/wp-json\/wp\/v2\/tags?post=116183"}],"curies":[{"name":"wp","href":"https:\/\/api.w.org\/{rel}","templated":true}]}}