{"id":116186,"date":"2024-01-04T13:50:38","date_gmt":"2024-01-04T16:50:38","guid":{"rendered":"https:\/\/corrientesdetarde.com\/?p=116186"},"modified":"2024-01-04T13:50:51","modified_gmt":"2024-01-04T16:50:51","slug":"record-de-visitas-mas-de-100-mil-personas-ya-disfrutaron-de-las-playas-publicas","status":"publish","type":"post","link":"https:\/\/corrientesdetarde.com\/index.php\/sociales\/record-de-visitas-mas-de-100-mil-personas-ya-disfrutaron-de-las-playas-publicas\/","title":{"rendered":"R\u00e9cord de visitas: m\u00e1s de 100 mil personas ya disfrutaron de las playas p\u00fablicas\u00a0"},"content":{"rendered":"\n<p><em>Desde octubre, miles de correntinos y turistas se acercaron a los cinco balnearios municipales de la ciudad. Los distintos servicios est\u00e1n funcionando a pleno, en el horario de 8 a 20, y se garantiza la seguridad con guardavidas, guardia urbana y polic\u00eda tur\u00edstica. Est\u00e1n prevista una gran variedad de propuestas, entre las que se destacan, torneos playeros durante toda la temporada.&nbsp;<\/em><\/p>\n\n\n\n<p>El verano comenz\u00f3 en la capital correntina en octubre, con la habilitaci\u00f3n oficial de las cinco playas capitalinas para el disfrute de vecinos y turistas: desde entonces, ya pasaron m\u00e1s de 100 mil personas. Ahora en pleno auge de la temporada estival, el mayor atractivo de la ciudad se prepara con ofertas playeras para todos los gustos.<br><br>El secretario de Turismo y Deportes, Juan Enrique Braillard Poccard, confirm\u00f3 el rotundo \u00e9xito de la temporada estival en las playas de Corrientes. El funcionario destac\u00f3 el arduo trabajo realizado para poner en condiciones las cinco playas p\u00fablicas habilitadas y expres\u00f3 su satisfacci\u00f3n ante la masiva afluencia de visitantes.<br><br>&#8220;Desde el primero de octubre, fecha oficial de inicio de la temporada, nuestras playas han experimentado un \u00e9xito sin precedentes, especialmente durante este mes de diciembre&#8221;, coment\u00f3.<br><br>&#8220;Hemos tenido decenas de miles de personas disfrutando de las playas p\u00fablicas, lo cual nos llena de alegr\u00eda. Ha sido un trabajo conjunto con guardavidas, agentes de la Guardia Urbana y Polic\u00eda Tur\u00edstica para garantizar la seguridad y el orden&#8221;, agreg\u00f3.<br><br>El funcionario remarc\u00f3 tambi\u00e9n a la formaci\u00f3n de un cuerpo de 40 guardavidas, no solo en aspectos relacionados con su tarea principal, sino tambi\u00e9n en el conocimiento de productos tur\u00edsticos y la fauna aut\u00f3ctona.<br><br>En cuanto a las cifras, Braillard Poccard revel\u00f3 que m\u00e1s de 100.000 personas ya han visitado las playas correntinas, alcanzando un r\u00e9cord de m\u00e1s de 14 mil visitantes en un solo d\u00eda, el primero de enero. Con entusiasmo, anticip\u00f3 la etapa m\u00e1s movida del verano, con eventos culturales, musicales y deportivos programados para enero y febrero.<br><br>&#8220;La temporada a\u00fan promete mucho, con actividades como chamam\u00e9, carnaval y eventos culturales. Hemos firmado convenios con marcas reconocidas, como una marca de gaseosa que estar\u00e1 presente en la playa Arazaty, ofreciendo servicios de hidrataci\u00f3n gratuita para los turistas&#8221;, se\u00f1al\u00f3.<br><br>COLABORAR EN LA LIMPIEZA<br>Braillard Poccard hizo un llamado a la colaboraci\u00f3n ciudadana en la limpieza de las playas, destacando la importancia de llevar los residuos a los basureros dispuestos cada 20 metros.&nbsp;<br><br>Adem\u00e1s, invit\u00f3 a los correntinos a disfrutar de las cinco playas habilitadas, Molina Punta I y II, Malvinas I y II (Pet friendly: Paseo Balneario Recreativo Exclusivo para Canes:) y Arazaty I y II con sus hermosas postales. Todas las playas tienen servicios disponibles de 8 a 20.<br><br>Con optimismo, el secretario invit\u00f3 a todos los correntinos y visitantes a disfrutar de sus playas, a colaborar con la limpieza y a hacer de este verano una temporada memorable en Corrientes.<br><a href=\"https:\/\/ciudaddecorrientes.us12.list-manage.com\/track\/click?u=253e4bcff71216c6af771c3c9&amp;id=9f7b923c28&amp;e=17643edfa8\" target=\"_blank\" rel=\"noreferrer noopener\">NOTA TV.<\/a><br>Juan Enrique Braillard Poccard, secretario de Turismo y Deportes.<\/p>\n\n\n\n<figure class=\"wp-block-image size-large\"><img loading=\"lazy\" decoding=\"async\" width=\"1024\" height=\"682\" src=\"https:\/\/corrientesdetarde.com\/wp-content\/uploads\/2024\/01\/image-86-1024x682.png\" alt=\"\" class=\"wp-image-116188\" srcset=\"https:\/\/corrientesdetarde.com\/wp-content\/uploads\/2024\/01\/image-86-1024x682.png 1024w, https:\/\/corrientesdetarde.com\/wp-content\/uploads\/2024\/01\/image-86-300x200.png 300w, https:\/\/corrientesdetarde.com\/wp-content\/uploads\/2024\/01\/image-86-768x512.png 768w, https:\/\/corrientesdetarde.com\/wp-content\/uploads\/2024\/01\/image-86.png 1280w\" sizes=\"auto, (max-width: 1024px) 100vw, 1024px\" \/><\/figure>\n\n\n\n<figure class=\"wp-block-image size-large\"><img loading=\"lazy\" decoding=\"async\" width=\"1024\" height=\"683\" src=\"https:\/\/corrientesdetarde.com\/wp-content\/uploads\/2024\/01\/image-88-1024x683.png\" alt=\"\" class=\"wp-image-116190\" srcset=\"https:\/\/corrientesdetarde.com\/wp-content\/uploads\/2024\/01\/image-88-1024x683.png 1024w, https:\/\/corrientesdetarde.com\/wp-content\/uploads\/2024\/01\/image-88-300x200.png 300w, https:\/\/corrientesdetarde.com\/wp-content\/uploads\/2024\/01\/image-88-768x512.png 768w, https:\/\/corrientesdetarde.com\/wp-content\/uploads\/2024\/01\/image-88-1536x1024.png 1536w, https:\/\/corrientesdetarde.com\/wp-content\/uploads\/2024\/01\/image-88.png 1599w\" sizes=\"auto, (max-width: 1024px) 100vw, 1024px\" \/><\/figure>\n\n\n\n<figure class=\"wp-block-image size-large\"><img loading=\"lazy\" decoding=\"async\" width=\"1024\" height=\"682\" src=\"https:\/\/corrientesdetarde.com\/wp-content\/uploads\/2024\/01\/image-87-1024x682.png\" alt=\"\" class=\"wp-image-116189\" srcset=\"https:\/\/corrientesdetarde.com\/wp-content\/uploads\/2024\/01\/image-87-1024x682.png 1024w, https:\/\/corrientesdetarde.com\/wp-content\/uploads\/2024\/01\/image-87-300x200.png 300w, https:\/\/corrientesdetarde.com\/wp-content\/uploads\/2024\/01\/image-87-768x512.png 768w, https:\/\/corrientesdetarde.com\/wp-content\/uploads\/2024\/01\/image-87.png 1280w\" sizes=\"auto, (max-width: 1024px) 100vw, 1024px\" \/><\/figure>\n","protected":false},"excerpt":{"rendered":"<p>Desde octubre, miles de correntinos y turistas se acercaron a los cinco balnearios municipales de la ciudad. Los distintos servicios est\u00e1n funcionando a pleno, en el horario de 8 a&hellip; <\/p>\n","protected":false},"author":8,"featured_media":116187,"comment_status":"closed","ping_status":"open","sticky":false,"template":"","format":"standard","meta":{"footnotes":""},"categories":[17],"tags":[],"class_list":["post-116186","post","type-post","status-publish","format-standard","has-post-thumbnail","hentry","category-sociales"],"_links":{"self":[{"href":"https:\/\/corrientesdetarde.com\/index.php\/wp-json\/wp\/v2\/posts\/116186","targetHints":{"allow":["GET"]}}],"collection":[{"href":"https:\/\/corrientesdetarde.com\/index.php\/wp-json\/wp\/v2\/posts"}],"about":[{"href":"https:\/\/corrientesdetarde.com\/index.php\/wp-json\/wp\/v2\/types\/post"}],"author":[{"embeddable":true,"href":"https:\/\/corrientesdetarde.com\/index.php\/wp-json\/wp\/v2\/users\/8"}],"replies":[{"embeddable":true,"href":"https:\/\/corrientesdetarde.com\/index.php\/wp-json\/wp\/v2\/comments?post=116186"}],"version-history":[{"count":1,"href":"https:\/\/corrientesdetarde.com\/index.php\/wp-json\/wp\/v2\/posts\/116186\/revisions"}],"predecessor-version":[{"id":116191,"href":"https:\/\/corrientesdetarde.com\/index.php\/wp-json\/wp\/v2\/posts\/116186\/revisions\/116191"}],"wp:featuredmedia":[{"embeddable":true,"href":"https:\/\/corrientesdetarde.com\/index.php\/wp-json\/wp\/v2\/media\/116187"}],"wp:attachment":[{"href":"https:\/\/corrientesdetarde.com\/index.php\/wp-json\/wp\/v2\/media?parent=116186"}],"wp:term":[{"taxonomy":"category","embeddable":true,"href":"https:\/\/corrientesdetarde.com\/index.php\/wp-json\/wp\/v2\/categories?post=116186"},{"taxonomy":"post_tag","embeddable":true,"href":"https:\/\/corrientesdetarde.com\/index.php\/wp-json\/wp\/v2\/tags?post=116186"}],"curies":[{"name":"wp","href":"https:\/\/api.w.org\/{rel}","templated":true}]}}