{"id":116195,"date":"2024-01-04T13:58:35","date_gmt":"2024-01-04T16:58:35","guid":{"rendered":"https:\/\/corrientesdetarde.com\/?p=116195"},"modified":"2024-01-04T13:58:47","modified_gmt":"2024-01-04T16:58:47","slug":"el-duro-plan-de-ajuste-de-cuba-recorte-de-subsidios-y-alza-de-precios-en-alimentos-y-servicios-esenciales","status":"publish","type":"post","link":"https:\/\/corrientesdetarde.com\/index.php\/internacionales\/el-duro-plan-de-ajuste-de-cuba-recorte-de-subsidios-y-alza-de-precios-en-alimentos-y-servicios-esenciales\/","title":{"rendered":"El duro plan de ajuste de Cuba: recorte de subsidios y alza de precios en alimentos y servicios esenciales"},"content":{"rendered":"\n<p>La isla enfrenta una grave crisis econ\u00f3mica y social. Emigraci\u00f3n y desesperanza entre los m\u00e1s j\u00f3venes.<\/p>\n\n\n\n<p><a href=\"https:\/\/tn.com.ar\/autor\/mizquierdo\/\"><\/a>La Revoluci\u00f3n cubana cumpli\u00f3 65 a\u00f1os con el lanzamiento de\u00a0un duro plan de ajuste que pone fin a subsidios en servicios esenciales y en alimentos, en un intento por detener el deterioro econ\u00f3mico y social de la isla.<\/p>\n\n\n\n<p>Las in\u00e9ditas medidas fueron anunciadas a fin de a\u00f1o, en v\u00edsperas de un nuevo aniversario de la llegada al poder de Fidel Castro y sus \u201cbarbudos\u201d el 1\u00b0 de enero de 1959.<\/p>\n\n\n\n<p>En concreto, el plan busca eliminar \u201c<strong>distorsiones<\/strong>\u201d en la debilitada econom\u00eda cubana a trav\u00e9s del aumento de precios de los combustibles, ajustes en las tarifas de luz y transporte y modificaciones en la tradicional libreta de abastecimiento con la que los cubanos compran productos de la canasta b\u00e1sica a precios subsidiados.<\/p>\n\n\n\n<p>\u201cEl programa va a tener una afectaci\u00f3n en los derechos econ\u00f3micos, sociales y culturales de los sectores m\u00e1s desfavorecidos porque\u00a0<strong>la inflaci\u00f3n va a aumentar<\/strong>. El d\u00e9ficit fiscal es muy grande y est\u00e1 vinculado al financiamiento de las empresas estatales de servicios\u201d, dijo \u00a0el coordinador del Observatorio Legislativo de Cuba,\u00a0<strong>Raudiel Pe\u00f1a.<\/strong><\/p>\n\n\n\n<h2 class=\"wp-block-heading\">Qu\u00e9 est\u00e1 pasando en Cuba<\/h2>\n\n\n\n<p>El pa\u00eds vive hoy una severa crisis. Los cubanos aseguran que es incluso mucho peor que la vivida durante el \u201c<strong>per\u00edodo especial<\/strong>\u201d, el eufemismo con el que Castro defini\u00f3 la dram\u00e1tica situaci\u00f3n que estall\u00f3 en la isla tras el colapso de la Uni\u00f3n Sovi\u00e9tica en los duros a\u00f1os \u00b490.<\/p>\n\n\n\n<p>\u201cHay alimentos, pero a precios inaccesibles para la mayor\u00eda. La libreta de abastecimiento tiene cada vez menos cosas. Los productos son de mala calidad y llegan con atraso. Hay muchas colas y se eliminan cada vez m\u00e1s productos subsidiados\u201d, cont\u00f3 a\u00a0el actor y exmoderador del grupo disidente Archipi\u00e9lago,\u00a0<strong>Daniel Triana.<\/strong><\/p>\n\n\n\n<figure class=\"wp-block-image\"><img decoding=\"async\" src=\"https:\/\/tn.com.ar\/resizer\/HB5EQ_iP8jkxiPA7IDa5Jqf1oiw=\/767x0\/smart\/filters:format(webp)\/cloudfront-us-east-1.images.arcpublishing.com\/artear\/D5GLEHYXOZCBXHPHZUJ5SOX3JI.jpg\" alt=\"Un retrato de Fidel Castro en una calle de La Habana (Foto: Reuters\/Alexandre Meneghini)\"\/><\/figure>\n\n\n\n<p>Esa realidad, profundizada por el bloqueo econ\u00f3mico estadounidense que lleva m\u00e1s de 60 a\u00f1os, llev\u00f3 a&nbsp;<strong>decenas de miles de cubanos a emigrar a Estados Unidos.<\/strong>&nbsp;Casi 425.000 inmigrantes cubanos llegaron a ese pa\u00eds en 2022 y 2023, seg\u00fan cifras oficiales.<\/p>\n\n\n\n<p>\u201cLa situaci\u00f3n es de desesperanza. La gente quiere emigrar. Los j\u00f3venes prefieren emigrar antes que emprender porque hay una falta de confianza en el sistema. El desencanto se percibe\u201d, dijo Triana.<\/p>\n\n\n\n<p>Hoy los cubanos pueden emprender en una serie de rubros autorizados para la actividad privada. No solo en negocios peque\u00f1os, como bares, sino tambi\u00e9n en peque\u00f1as y medianas empresas. Desde 2021, cuando fueron autorizadas, se crearon m\u00e1s de 9000 Pymes.<\/p>\n\n\n\n<h2 class=\"wp-block-heading\">El d\u00e9ficit fiscal crece y ya se ubica en 18% del PBI<\/h2>\n\n\n\n<p>El economista\u00a0<strong>Omar Everleny<\/strong>, profesor titular de la Universidad de La Habana y exdirector del Centro de Estudios de la Econom\u00eda Cubana, dijo que el gran problema de Cuba es hoy el\u00a0<strong>desequilibrio fiscal<\/strong>.<\/p>\n\n\n\n<p>\u201cEn el presupuesto de 2024 el d\u00e9ficit se estima en 18%\u201d, afirm\u00f3.<\/p>\n\n\n\n<p>Para Everleny, el nuevo plan se basa en medidas financieras que no apuntan a resolver el problema de producci\u00f3n que enfrenta el pa\u00eds. \u201cNo son medidas negativas, pero van a tener un impacto muy grande en la poblaci\u00f3n\u201d, indic\u00f3.<\/p>\n\n\n\n<p>El aumento del combustible previsto en el plan de ajuste gener\u00e1 un incremento en toda la cadena de precios. \u201cEsto va a impactar en el poder adquisitivo\u201d de la poblaci\u00f3n, asegur\u00f3 el economista.<\/p>\n\n\n\n<figure class=\"wp-block-image\"><img decoding=\"async\" src=\"https:\/\/tn.com.ar\/resizer\/IEd347U03-PruuGkOC9EYjlPXr0=\/767x0\/smart\/filters:format(webp)\/cloudfront-us-east-1.images.arcpublishing.com\/artear\/NW2IBMXSAVEQHIAWOEGLOUILWA.jpg\" alt=\"La inflaci\u00f3n cierra en torno al 30% en 2023 en Cuba (Foto: EFE)\"\/><\/figure>\n\n\n\n<p>La inflaci\u00f3n de 2023, seg\u00fan estimaciones que se manejan en la isla, habr\u00eda cerrado en torno al 30% anual, con una ca\u00edda del PBI del 2% y una devaluaci\u00f3n de la moneda del 50% en relaci\u00f3n a 2022.<\/p>\n\n\n\n<p>\u201cEs mejor aumentar la base imponible, incentivando a que haya m\u00e1s Pymes para que paguen tributos. Esa ser\u00eda la v\u00eda correcta\u201d, opin\u00f3 Everleny.<\/p>\n\n\n\n<h2 class=\"wp-block-heading\">C\u00f3mo es el plan de ajuste anunciado por Cuba<\/h2>\n\n\n\n<p>El plan fue presentado por el primer ministro cubano,&nbsp;<strong>Manuel Marrero<\/strong>. Fue bautizado como Plan de Estabilizaci\u00f3n Macroecon\u00f3mica.<\/p>\n\n\n\n<p>El objetivo principal es recortar los gastos, elevando los precios fijados por el Estado. Adem\u00e1s, se reducir\u00e1 el costo para las arcas p\u00fablicas de los subsidios, aunque se mantendr\u00e1n ayudas para los sectores m\u00e1s vulnerables para \u201c<strong>no dejar a nadie desamparado<\/strong>\u201d.<\/p>\n\n\n\n<p>En Cuba hoy se palpan las desigualdades sociales y econ\u00f3micas. Hay sectores dolarizados que manejan peque\u00f1os comercios o empresas y familias que sobreviven con la ayuda de sus parientes emigrados. En La Habana por primera vez se ve a gente revisando los tachos de basura o durmiendo en la calle, seg\u00fan cont\u00f3 a\u00a0\u00a0una ama de casa que pidi\u00f3 solo mencionarla como Cecilia.<\/p>\n\n\n\n<p>El Estado, seg\u00fan Marrero, pondr\u00e1 fin al \u201c<strong>derroche<\/strong>\u201d en subsidios al agua, la electricidad, el gas licuado, el transporte y los combustibles. Por ejemplo, habr\u00e1 aumentos del 25 % en la tarifa el\u00e9ctrica.<\/p>\n\n\n\n<p>En su di\u00e1logo con<strong>\u00a0<\/strong>, Raudiel Pe\u00f1a, coordinador del Observatorio Legislativo de Cuba, dijo que las medidas van a afectar a los sectores m\u00e1s desfavorecidos.\u00a0<strong>La inflaci\u00f3n se va a disparar<\/strong>. El gran problema es que para 2024 se proyecta un d\u00e9ficit fiscal del 18,5% que se va a financiar con emisi\u00f3n monetaria y eso va a afectar a\u00fan m\u00e1s la calidad de vida de la poblaci\u00f3n\u201d, afirm\u00f3.<\/p>\n\n\n\n<p>Para Pe\u00f1a, buena parte del presupuesto se va a destinar a subsidiar empresas que proveen servicios b\u00e1sicos. \u201cSe va a emitir dinero para financiar a esas empresas que, en su mayor\u00eda, son ineficientes\u201d, concluy\u00f3.<\/p>\n","protected":false},"excerpt":{"rendered":"<p>La isla enfrenta una grave crisis econ\u00f3mica y social. Emigraci\u00f3n y desesperanza entre los m\u00e1s j\u00f3venes. La Revoluci\u00f3n cubana cumpli\u00f3 65 a\u00f1os con el lanzamiento de\u00a0un duro plan de ajuste&hellip; <\/p>\n","protected":false},"author":8,"featured_media":116196,"comment_status":"closed","ping_status":"open","sticky":false,"template":"","format":"standard","meta":{"footnotes":""},"categories":[11],"tags":[],"class_list":["post-116195","post","type-post","status-publish","format-standard","has-post-thumbnail","hentry","category-internacionales"],"_links":{"self":[{"href":"https:\/\/corrientesdetarde.com\/index.php\/wp-json\/wp\/v2\/posts\/116195","targetHints":{"allow":["GET"]}}],"collection":[{"href":"https:\/\/corrientesdetarde.com\/index.php\/wp-json\/wp\/v2\/posts"}],"about":[{"href":"https:\/\/corrientesdetarde.com\/index.php\/wp-json\/wp\/v2\/types\/post"}],"author":[{"embeddable":true,"href":"https:\/\/corrientesdetarde.com\/index.php\/wp-json\/wp\/v2\/users\/8"}],"replies":[{"embeddable":true,"href":"https:\/\/corrientesdetarde.com\/index.php\/wp-json\/wp\/v2\/comments?post=116195"}],"version-history":[{"count":1,"href":"https:\/\/corrientesdetarde.com\/index.php\/wp-json\/wp\/v2\/posts\/116195\/revisions"}],"predecessor-version":[{"id":116197,"href":"https:\/\/corrientesdetarde.com\/index.php\/wp-json\/wp\/v2\/posts\/116195\/revisions\/116197"}],"wp:featuredmedia":[{"embeddable":true,"href":"https:\/\/corrientesdetarde.com\/index.php\/wp-json\/wp\/v2\/media\/116196"}],"wp:attachment":[{"href":"https:\/\/corrientesdetarde.com\/index.php\/wp-json\/wp\/v2\/media?parent=116195"}],"wp:term":[{"taxonomy":"category","embeddable":true,"href":"https:\/\/corrientesdetarde.com\/index.php\/wp-json\/wp\/v2\/categories?post=116195"},{"taxonomy":"post_tag","embeddable":true,"href":"https:\/\/corrientesdetarde.com\/index.php\/wp-json\/wp\/v2\/tags?post=116195"}],"curies":[{"name":"wp","href":"https:\/\/api.w.org\/{rel}","templated":true}]}}