{"id":116198,"date":"2024-01-04T14:28:14","date_gmt":"2024-01-04T17:28:14","guid":{"rendered":"https:\/\/corrientesdetarde.com\/?p=116198"},"modified":"2024-01-04T14:28:20","modified_gmt":"2024-01-04T17:28:20","slug":"javier-milei-viajara-a-la-antartida-para-un-estudio-de-impacto-ambiental","status":"publish","type":"post","link":"https:\/\/corrientesdetarde.com\/index.php\/politica\/javier-milei-viajara-a-la-antartida-para-un-estudio-de-impacto-ambiental\/","title":{"rendered":"Javier Milei viajar\u00e1 a la Ant\u00e1rtida para un estudio de impacto ambiental"},"content":{"rendered":"\n<p>Este programa se enfocar\u00e1 en la detecci\u00f3n y estudio de micropl\u00e1sticos y nanopl\u00e1sticos en las aguas ant\u00e1rticas, un tema cr\u00edtico en la lucha global contra la contaminaci\u00f3n pl\u00e1stica.<\/p>\n\n\n\n<p>El presidente Javier Milei se prepara para un viaje destacado a la\u00a0<strong>Ant\u00e1rtida<\/strong>\u00a0este viernes 5 de enero, con planes de realizar una serie de\u00a0<strong>actividades importantes<\/strong>\u00a0en el continente helado. Su viaje comienza con un desplazamiento a\u00a0<strong>Santa Cruz<\/strong>, donde esperar\u00e1 condiciones clim\u00e1ticas \u00f3ptimas para el vuelo a la Ant\u00e1rtida.<\/p>\n\n\n\n<h2 class=\"wp-block-heading\">Cu\u00e1ndo viaja Javier Milei a la Ant\u00e1rtida<\/h2>\n\n\n\n<p>El presidente viajar\u00e1 a R\u00edo Gallegos utilizando un avi\u00f3n militar y lo acompa\u00f1ar\u00e1 un equipo peque\u00f1o, incluyendo a la Canciller&nbsp;<strong>Diana Mondino&nbsp;<\/strong>y al Ministro de Defensa,&nbsp;<strong>Luis Petri<\/strong>. Milei permanecer\u00e1 en R\u00edo Gallegos durante la noche, a la espera de confirmaci\u00f3n de buen tiempo para&nbsp;<strong>volar a la pen\u00ednsula ant\u00e1rtica al d\u00eda siguiente, en la ma\u00f1ana del s\u00e1bado<\/strong>.<\/p>\n\n\n\n<p>El portavoz presidencial, Manuel Adorni, inform\u00f3 que Milei partir\u00e1 hacia R\u00edo Gallegos el jueves a las 17 horas y, si todo va seg\u00fan lo previsto, continuar\u00e1 su viaje a la Ant\u00e1rtida al d\u00eda siguiente. Se espera que regrese a Buenos Aires, aterrizando en Aeroparque el s\u00e1bado a las 22:30 horas.<\/p>\n\n\n\n<h2 class=\"wp-block-heading\">C\u00f3mo ser\u00e1 el cronograma<\/h2>\n\n\n\n<p>En la Ant\u00e1rtida, el itinerario del presidente incluye visitas a la base Marambio y a la base Esperanza. La base Esperanza es notable por ser un lugar&nbsp;<strong>donde las familias de las dotaciones residen<\/strong>&nbsp;y operan una escuela para los ni\u00f1os que viven all\u00ed durante un a\u00f1o completo.<\/p>\n\n\n\n<figure class=\"wp-block-image\"><img decoding=\"async\" src=\"https:\/\/tn.com.ar\/resizer\/WhL6Oxa92VIBy3VZ531N2Vifl2o=\/767x0\/smart\/filters:format(webp)\/cloudfront-us-east-1.images.arcpublishing.com\/artear\/IEDWJKWH4BDARCXW6FLICLSKN4.jpg\" alt=\"Rafael Grossi, titular de la OIEA, cont\u00f3 la reuni\u00f3n que mantuvo con Milei y los objetivos del programa que se iniciar\u00e1 el fin de semana \/ Foto: Archivo.\"\/><\/figure>\n\n\n\n<h2 class=\"wp-block-heading\">El programa de la OIEA<\/h2>\n\n\n\n<p>El Presidente dar\u00e1 inicio a un importante proyecto para el monitoreo de la contaminaci\u00f3n, liderado por el Organismo Internacional de Energ\u00eda At\u00f3mica (OIEA) y su director, el argentino Rafael Grossi.&nbsp;<strong>Este programa se centrar\u00e1 en la detecci\u00f3n y estudio de micropl\u00e1sticos y nanopl\u00e1sticos en las aguas ant\u00e1rticas<\/strong>, un tema clave en la lucha global contra la contaminaci\u00f3n pl\u00e1stica.<\/p>\n\n\n\n<p>Rafael Grossi, en una entrevista reciente, subray\u00f3 la relevancia de este proyecto, destacando que nunca se hab\u00eda realizado una investigaci\u00f3n de este tipo en la Ant\u00e1rtida. La propuesta de colaboraci\u00f3n con Argentina para esta misi\u00f3n cient\u00edfica fue una iniciativa personal de Grossi hace algunos a\u00f1os.<\/p>\n\n\n\n<p>Esta semana, Grossi tuvo la oportunidad de reunirse con el presidente Milei y discutir sobre esta investigaci\u00f3n.&nbsp;<strong>Milei mostr\u00f3 gran inter\u00e9s en el proyecto y decidi\u00f3 apoyar y participar en esta misi\u00f3n cient\u00edfica<\/strong>. Grossi agreg\u00f3 que la cooperaci\u00f3n del presidente es un paso significativo para abordar uno de los mayores desaf\u00edos ambientales del planeta.<\/p>\n","protected":false},"excerpt":{"rendered":"<p>Este programa se enfocar\u00e1 en la detecci\u00f3n y estudio de micropl\u00e1sticos y nanopl\u00e1sticos en las aguas ant\u00e1rticas, un tema cr\u00edtico en la lucha global contra la contaminaci\u00f3n pl\u00e1stica. El presidente&hellip; <\/p>\n","protected":false},"author":8,"featured_media":116199,"comment_status":"closed","ping_status":"open","sticky":false,"template":"","format":"standard","meta":{"footnotes":""},"categories":[3],"tags":[],"class_list":["post-116198","post","type-post","status-publish","format-standard","has-post-thumbnail","hentry","category-politica"],"_links":{"self":[{"href":"https:\/\/corrientesdetarde.com\/index.php\/wp-json\/wp\/v2\/posts\/116198","targetHints":{"allow":["GET"]}}],"collection":[{"href":"https:\/\/corrientesdetarde.com\/index.php\/wp-json\/wp\/v2\/posts"}],"about":[{"href":"https:\/\/corrientesdetarde.com\/index.php\/wp-json\/wp\/v2\/types\/post"}],"author":[{"embeddable":true,"href":"https:\/\/corrientesdetarde.com\/index.php\/wp-json\/wp\/v2\/users\/8"}],"replies":[{"embeddable":true,"href":"https:\/\/corrientesdetarde.com\/index.php\/wp-json\/wp\/v2\/comments?post=116198"}],"version-history":[{"count":1,"href":"https:\/\/corrientesdetarde.com\/index.php\/wp-json\/wp\/v2\/posts\/116198\/revisions"}],"predecessor-version":[{"id":116200,"href":"https:\/\/corrientesdetarde.com\/index.php\/wp-json\/wp\/v2\/posts\/116198\/revisions\/116200"}],"wp:featuredmedia":[{"embeddable":true,"href":"https:\/\/corrientesdetarde.com\/index.php\/wp-json\/wp\/v2\/media\/116199"}],"wp:attachment":[{"href":"https:\/\/corrientesdetarde.com\/index.php\/wp-json\/wp\/v2\/media?parent=116198"}],"wp:term":[{"taxonomy":"category","embeddable":true,"href":"https:\/\/corrientesdetarde.com\/index.php\/wp-json\/wp\/v2\/categories?post=116198"},{"taxonomy":"post_tag","embeddable":true,"href":"https:\/\/corrientesdetarde.com\/index.php\/wp-json\/wp\/v2\/tags?post=116198"}],"curies":[{"name":"wp","href":"https:\/\/api.w.org\/{rel}","templated":true}]}}