{"id":116203,"date":"2024-01-04T14:33:49","date_gmt":"2024-01-04T17:33:49","guid":{"rendered":"https:\/\/corrientesdetarde.com\/?p=116203"},"modified":"2024-01-04T14:34:01","modified_gmt":"2024-01-04T17:34:01","slug":"ley-omnibus-confirmaron-las-comisiones-en-diputados-y-la-oposicion-denuncia-que-no-se-respeto-el-reglamento","status":"publish","type":"post","link":"https:\/\/corrientesdetarde.com\/index.php\/nacionales\/ley-omnibus-confirmaron-las-comisiones-en-diputados-y-la-oposicion-denuncia-que-no-se-respeto-el-reglamento\/","title":{"rendered":"Ley \u00d3mnibus: confirmaron las comisiones en Diputados y la oposici\u00f3n denuncia que no se respet\u00f3 el reglamento"},"content":{"rendered":"\n<p>Los legisladores de Uni\u00f3n por la Patria y de la Izquierda afirman que el oficialismo no cumpli\u00f3 con el sistema proporcional de la conformaci\u00f3n. A cargo de Presupuesto y Hacienda qued\u00f3 Jos\u00e9 Luis Espert.<\/p>\n\n\n\n<p>En medio de un esc\u00e1ndalo en el Congreso, la\u00a0<strong>C\u00e1mara de Diputados<\/strong>\u00a0avanza este jueves en la conformaci\u00f3n de las comisiones clave para debatir la Ley \u00d3mnibus impulsada por el Gobierno de Javier Milei . Se trata de<strong>\u00a0Presupuesto y Hacienda, Asuntos Constitucionales, Legislaci\u00f3n General, Relaciones Exteriores y Juicio Pol\u00edtico<\/strong>.<\/p>\n\n\n\n<p>Pasadas las 13, mientras se confirmaba la comisi\u00f3n de Presupuesto y Hacienda en la que\u00a0<strong>Jos\u00e9 Luis Espert\u00a0<\/strong>fue designado como presidente, en la sala hubo\u00a0<strong>gritos y tensi\u00f3n<\/strong>\u00a0entre los legisladores de las fuerzas no alineadas con el Gobierno.<\/p>\n\n\n\n<p>El motivo:&nbsp;<strong>Uni\u00f3n por la Patria (UxP) y la Izquierda denunciaron<\/strong>&nbsp;que se no respet\u00f3 el sistema proporcional para la conformaci\u00f3n de las \u00e1reas que tratar\u00e1n las diferentes aristas del megaproyecto del Gobierno.<\/p>\n\n\n\n<p>Este jueves, las distintas comisiones se re\u00fanen estrictamente para su constituci\u00f3n. No se prev\u00e9&nbsp;<strong>ning\u00fan debate&nbsp;<\/strong>ni habr\u00e1 ninguna reuni\u00f3n informativa sobre la Ley \u00d3mnibus, seg\u00fan se indic\u00f3 desde la presidencia de la C\u00e1mara.<\/p>\n\n\n\n<p>Fuentes parlamentarias indicaron que reci\u00e9n la&nbsp;<strong>pr\u00f3xima semana se armar\u00eda un plenario<\/strong>&nbsp;de las comisiones para empezar a recibir a&nbsp;<strong>funcionarios del Ejecutivo<\/strong>&nbsp;nacional que expliquen el megaproyecto.<\/p>\n\n\n\n<figure class=\"wp-block-image\"><img decoding=\"async\" src=\"https:\/\/tn.com.ar\/resizer\/sMtj1Zok7bdenVLCOWVE6uXcAr4=\/767x0\/smart\/filters:format(webp)\/cloudfront-us-east-1.images.arcpublishing.com\/artear\/MHTFJ2T3KFDCDJ6OHOFE7CNIAA.JPG\" alt=\"Espert fue designado al frente de la comisi\u00f3n de Presupuesto y Hacienda. (Foto: captura TN)\"\/><\/figure>\n\n\n\n<p>\u201cHay 46 millones de argentinos que esperan que solucionemos parte de los problemas que la misma pol\u00edtica ha generado. Espero que estemos a la altura de las circunstancias\u201d, dijo&nbsp;<strong>Espert<\/strong>&nbsp;en medio de las protestas de los diputados opositores.<\/p>\n\n\n\n<p>Enseguida tom\u00f3 la palabra<strong>&nbsp;Alberto \u201cBertie\u201d Benegas Lynch<\/strong>, legislador de La Libertad Avanza (LLA).<strong>&nbsp;\u201cMe parece impresentable lo que estoy viendo.<\/strong>&nbsp;Es ins\u00f3lito. Tengan empat\u00eda: los diputados que est\u00e1n ac\u00e1 tienen la vida hecha y hay gente comiendo de la basura en la avenida Entre R\u00edos\u201d, reclam\u00f3 a sus pares de UxP y la Izquierda.<\/p>\n\n\n\n<h2 class=\"wp-block-heading\">Ley \u00d3mnibus: tensi\u00f3n en Diputados tras el reclamo de Uni\u00f3n por la Patria y la Izquierda<\/h2>\n\n\n\n<p>Pese a que la convocatoria de este jueves era una mera formalidad, se vivi\u00f3 un clima caldeado desde temprano. Desde&nbsp;<strong>Uni\u00f3n por la Patria<\/strong>&nbsp;-que con 101 diputados es primera minor\u00eda- advert\u00edan anoche -y ya anticipaban desde el momento que la presidencia de la C\u00e1mara le solicit\u00f3 los nombres para las comisiones- que&nbsp;<strong>llegar\u00edan con varios planteos.<\/strong><\/p>\n\n\n\n<p>La fuerza opositora reclama que el oficialismo les dej\u00f3&nbsp;<strong>en cada comisi\u00f3n<\/strong>&nbsp;<strong>un lugar menos del que les corresponder\u00eda<\/strong>&nbsp;por criterio de proporcionalidad al representar al 40% de la C\u00e1mara. De hecho, ese mismo reclamo hicieron este mi\u00e9rcoles en las cuatro comisiones que se conformaron en el Senado al inicio de cada reuni\u00f3n.<\/p>\n\n\n\n<p>Pero tambi\u00e9n buscan defender lugares en la mesa de autoridades de cada comisi\u00f3n y cuestionan el&nbsp;<strong>bajo n\u00famero de comisiones que se conformar\u00e1n para tratar la Ley \u00d3mnibus<\/strong>, que seg\u00fan la bancada deber\u00edan ser 25, no cuatro.<\/p>\n\n\n\n<figure class=\"wp-block-image\"><img decoding=\"async\" src=\"https:\/\/tn.com.ar\/resizer\/mO_5bbI51yYlCOhfkln-L0Rflxw=\/767x0\/smart\/filters:format(webp)\/thumbs.vodgc.net\/1-14-d9KYZo1704389329941_360P.jpg\" alt=\"Video Placeholder\"\/><\/figure>\n\n\n\n<p>Hubo gritos y tensi\u00f3n este jueves en Diputados<\/p>\n\n\n\n<h2 class=\"wp-block-heading\">Milei celebr\u00f3 la designaci\u00f3n de Espert como titular de la comisi\u00f3n de Presupuesto y Hacienda: \u201cBienvenido a las fuerzas del cielo\u201d<\/h2>\n\n\n\n<p>\u201cEl presidente Javier Milei celebra que la C\u00e1mara Baja haya apoyado su propuesta y confirmado el nombramiento de un defensor de las ideas de la libertad y el equilibrio fiscal, incluidas en el Proyecto de Ley de Bases y Puntos de Partida para la Libertad de los Argentinos enviado al Congreso\u201d, public\u00f3 la oficina del mandatario a trav\u00e9s de un comunicado.<\/p>\n\n\n\n<p>Milei se hizo eco del nombramiento en X (ex Twitter), y public\u00f3 un mensaje dirigido a Espert:&nbsp;<strong>\u201cProfe bienvenido a las fuerzas del cielo!!!\u201d<\/strong>.<\/p>\n","protected":false},"excerpt":{"rendered":"<p>Los legisladores de Uni\u00f3n por la Patria y de la Izquierda afirman que el oficialismo no cumpli\u00f3 con el sistema proporcional de la conformaci\u00f3n. A cargo de Presupuesto y Hacienda&hellip; <\/p>\n","protected":false},"author":8,"featured_media":116204,"comment_status":"closed","ping_status":"open","sticky":false,"template":"","format":"standard","meta":{"footnotes":""},"categories":[10],"tags":[],"class_list":["post-116203","post","type-post","status-publish","format-standard","has-post-thumbnail","hentry","category-nacionales"],"_links":{"self":[{"href":"https:\/\/corrientesdetarde.com\/index.php\/wp-json\/wp\/v2\/posts\/116203","targetHints":{"allow":["GET"]}}],"collection":[{"href":"https:\/\/corrientesdetarde.com\/index.php\/wp-json\/wp\/v2\/posts"}],"about":[{"href":"https:\/\/corrientesdetarde.com\/index.php\/wp-json\/wp\/v2\/types\/post"}],"author":[{"embeddable":true,"href":"https:\/\/corrientesdetarde.com\/index.php\/wp-json\/wp\/v2\/users\/8"}],"replies":[{"embeddable":true,"href":"https:\/\/corrientesdetarde.com\/index.php\/wp-json\/wp\/v2\/comments?post=116203"}],"version-history":[{"count":1,"href":"https:\/\/corrientesdetarde.com\/index.php\/wp-json\/wp\/v2\/posts\/116203\/revisions"}],"predecessor-version":[{"id":116205,"href":"https:\/\/corrientesdetarde.com\/index.php\/wp-json\/wp\/v2\/posts\/116203\/revisions\/116205"}],"wp:featuredmedia":[{"embeddable":true,"href":"https:\/\/corrientesdetarde.com\/index.php\/wp-json\/wp\/v2\/media\/116204"}],"wp:attachment":[{"href":"https:\/\/corrientesdetarde.com\/index.php\/wp-json\/wp\/v2\/media?parent=116203"}],"wp:term":[{"taxonomy":"category","embeddable":true,"href":"https:\/\/corrientesdetarde.com\/index.php\/wp-json\/wp\/v2\/categories?post=116203"},{"taxonomy":"post_tag","embeddable":true,"href":"https:\/\/corrientesdetarde.com\/index.php\/wp-json\/wp\/v2\/tags?post=116203"}],"curies":[{"name":"wp","href":"https:\/\/api.w.org\/{rel}","templated":true}]}}