{"id":11621,"date":"2022-10-16T12:58:00","date_gmt":"2022-10-16T15:58:00","guid":{"rendered":"https:\/\/corrientesdetarde.com\/?p=11621"},"modified":"2022-10-16T13:02:05","modified_gmt":"2022-10-16T16:02:05","slug":"dayana-reichembach-benjamin-fue-exactamente-como-lo-sone","status":"publish","type":"post","link":"https:\/\/corrientesdetarde.com\/index.php\/informacion-general\/dayana-reichembach-benjamin-fue-exactamente-como-lo-sone\/","title":{"rendered":"DAYANA REICHEMBACH: \u00a1BENJAMIN FUE EXACTAMENTE COMO LO SO\u00d1E!"},"content":{"rendered":"\n<p>CDT entrevist\u00f3&nbsp; a &nbsp;la joven&nbsp; carism\u00e1tica, bella e inteligente Dayana Reichembach, que sobresale &nbsp; como conductora, modelo e influencer. Una &nbsp; figura destacada y muy querida de la televisi\u00f3n y los carnavales.&nbsp;<\/p>\n\n\n\n<p>Dayana es de Uruguayana, Brasil, eligi\u00f3 el Taragui para estudiar medicina pero la vida le ten\u00eda preparado otros planes. Con un despliegue de sensualidad, baile y alegr\u00eda fue elegida Reina de la Capital Nacional del Carnaval edici\u00f3n 2019.<\/p>\n\n\n\n<p>A principios de este a\u00f1o, comparti\u00f3 en sus redes sociales la feliz noticia de que estaba embarazada y para develar&nbsp; el sexo del bebe, la Reina adorno una carroza de la comparsa Sambanda con globos azules. Danzo a puro ritmo y alegr\u00eda con un elegante&nbsp; traje de brillos y plumas en&nbsp; los carnavales correntinos&nbsp; y hace tres meses se convirti\u00f3 en la flamante&nbsp; mam\u00e1 de Benjamin.&nbsp;<\/p>\n\n\n\n<p><strong>\u00bfSo\u00f1abas con ser mam\u00e1?<\/strong><\/p>\n\n\n\n<p>-\u00a1Mi mayor sue\u00f1o siempre fue ser madre! Estoy muy feliz y realizada de poder lograrlo.<\/p>\n\n\n\n<p><strong>\u00bfC\u00f3mo reaccionaste con la noticia de que estabas embarazada?&nbsp;<\/strong><\/p>\n\n\n\n<p>-\u00a1Fue un momento muy \u00fanico! Tuve miedo y mucha felicidad<\/p>\n\n\n\n<p><strong>&nbsp;\u00bfCu\u00e1l fue tu reacci\u00f3n al conocerlo ?<\/strong><\/p>\n\n\n\n<p>&nbsp;-\u00bfA Benja? \u00a1Fue una emoci\u00f3n muy grande! Era exactamente como lo so\u00f1\u00e9<\/p>\n\n\n\n<p><strong>\u00bfC\u00f3mo son tus tiempos ahora para la maternidad y la vida laboral?<\/strong><\/p>\n\n\n\n<p>-Estoy a\u00fan tratando de acomodarme con todo, pero me va bastante bien! Siempre fui de hacer muchas cosas as\u00ed que ajustando todo.<\/p>\n\n\n\n<div class=\"wp-block-uagb-container uagb-block-cea4b1bf alignfull uagb-is-root-container\"><div class=\"uagb-container-inner-blocks-wrap\">\n<div class=\"wp-block-uagb-container uagb-block-348642f0\">\n<figure class=\"wp-block-image size-full\"><img loading=\"lazy\" decoding=\"async\" width=\"457\" height=\"551\" src=\"https:\/\/corrientesdetarde.com\/wp-content\/uploads\/2022\/10\/FireShot-Capture-2012-Dayana-Reichembach-@dayana_reich-\u2022-Fotos-y-videos-de-Instagram_-www.instagram.com_.png\" alt=\"\" class=\"wp-image-11623\" srcset=\"https:\/\/corrientesdetarde.com\/wp-content\/uploads\/2022\/10\/FireShot-Capture-2012-Dayana-Reichembach-@dayana_reich-\u2022-Fotos-y-videos-de-Instagram_-www.instagram.com_.png 457w, https:\/\/corrientesdetarde.com\/wp-content\/uploads\/2022\/10\/FireShot-Capture-2012-Dayana-Reichembach-@dayana_reich-\u2022-Fotos-y-videos-de-Instagram_-www.instagram.com_-249x300.png 249w\" sizes=\"auto, (max-width: 457px) 100vw, 457px\" \/><\/figure>\n<\/div>\n\n\n\n<div class=\"wp-block-uagb-container uagb-block-a03c09e3\">\n<figure class=\"wp-block-image size-full\"><img loading=\"lazy\" decoding=\"async\" width=\"435\" height=\"585\" src=\"https:\/\/corrientesdetarde.com\/wp-content\/uploads\/2022\/10\/FireShot-Capture-2013-Dayana-Reichembach-@dayana_reich-\u2022-Fotos-y-videos-de-Instagram_-www.instagram.com_.png\" alt=\"\" class=\"wp-image-11624\" srcset=\"https:\/\/corrientesdetarde.com\/wp-content\/uploads\/2022\/10\/FireShot-Capture-2013-Dayana-Reichembach-@dayana_reich-\u2022-Fotos-y-videos-de-Instagram_-www.instagram.com_.png 435w, https:\/\/corrientesdetarde.com\/wp-content\/uploads\/2022\/10\/FireShot-Capture-2013-Dayana-Reichembach-@dayana_reich-\u2022-Fotos-y-videos-de-Instagram_-www.instagram.com_-223x300.png 223w\" sizes=\"auto, (max-width: 435px) 100vw, 435px\" \/><\/figure>\n<\/div>\n\n\n\n<div class=\"wp-block-uagb-container uagb-block-e3e5c6de\">\n<figure class=\"wp-block-image size-large\"><img loading=\"lazy\" decoding=\"async\" width=\"678\" height=\"1024\" src=\"https:\/\/corrientesdetarde.com\/wp-content\/uploads\/2022\/10\/FireShot-Capture-2010-Dayana-Reichembach-futura-mama-y-duena-de-la-danza-de-las-comparsas_-revistafix.com_-678x1024.png\" alt=\"\" class=\"wp-image-11625\" srcset=\"https:\/\/corrientesdetarde.com\/wp-content\/uploads\/2022\/10\/FireShot-Capture-2010-Dayana-Reichembach-futura-mama-y-duena-de-la-danza-de-las-comparsas_-revistafix.com_-678x1024.png 678w, https:\/\/corrientesdetarde.com\/wp-content\/uploads\/2022\/10\/FireShot-Capture-2010-Dayana-Reichembach-futura-mama-y-duena-de-la-danza-de-las-comparsas_-revistafix.com_-199x300.png 199w, https:\/\/corrientesdetarde.com\/wp-content\/uploads\/2022\/10\/FireShot-Capture-2010-Dayana-Reichembach-futura-mama-y-duena-de-la-danza-de-las-comparsas_-revistafix.com_.png 736w\" sizes=\"auto, (max-width: 678px) 100vw, 678px\" \/><\/figure>\n<\/div>\n<\/div><\/div>\n\n\n\n<p><\/p>\n\n\n\n<figure class=\"wp-block-image size-full\"><img loading=\"lazy\" decoding=\"async\" width=\"1021\" height=\"566\" src=\"https:\/\/corrientesdetarde.com\/wp-content\/uploads\/2022\/10\/FireShot-Capture-2015-Dayana-Reichembach-@dayana_reich-\u2022-Fotos-y-videos-de-Instagram_-www.instagram.com_.png\" alt=\"\" class=\"wp-image-11626\" srcset=\"https:\/\/corrientesdetarde.com\/wp-content\/uploads\/2022\/10\/FireShot-Capture-2015-Dayana-Reichembach-@dayana_reich-\u2022-Fotos-y-videos-de-Instagram_-www.instagram.com_.png 1021w, https:\/\/corrientesdetarde.com\/wp-content\/uploads\/2022\/10\/FireShot-Capture-2015-Dayana-Reichembach-@dayana_reich-\u2022-Fotos-y-videos-de-Instagram_-www.instagram.com_-300x166.png 300w, https:\/\/corrientesdetarde.com\/wp-content\/uploads\/2022\/10\/FireShot-Capture-2015-Dayana-Reichembach-@dayana_reich-\u2022-Fotos-y-videos-de-Instagram_-www.instagram.com_-768x426.png 768w\" sizes=\"auto, (max-width: 1021px) 100vw, 1021px\" \/><\/figure>\n","protected":false},"excerpt":{"rendered":"<p>CDT entrevist\u00f3&nbsp; a &nbsp;la joven&nbsp; carism\u00e1tica, bella e inteligente Dayana Reichembach, que sobresale &nbsp; como conductora, modelo e influencer. Una &nbsp; figura destacada y muy querida de la televisi\u00f3n y&hellip; <\/p>\n","protected":false},"author":1,"featured_media":11623,"comment_status":"closed","ping_status":"open","sticky":false,"template":"","format":"standard","meta":{"footnotes":""},"categories":[1],"tags":[],"class_list":["post-11621","post","type-post","status-publish","format-standard","has-post-thumbnail","hentry","category-informacion-general"],"_links":{"self":[{"href":"https:\/\/corrientesdetarde.com\/index.php\/wp-json\/wp\/v2\/posts\/11621","targetHints":{"allow":["GET"]}}],"collection":[{"href":"https:\/\/corrientesdetarde.com\/index.php\/wp-json\/wp\/v2\/posts"}],"about":[{"href":"https:\/\/corrientesdetarde.com\/index.php\/wp-json\/wp\/v2\/types\/post"}],"author":[{"embeddable":true,"href":"https:\/\/corrientesdetarde.com\/index.php\/wp-json\/wp\/v2\/users\/1"}],"replies":[{"embeddable":true,"href":"https:\/\/corrientesdetarde.com\/index.php\/wp-json\/wp\/v2\/comments?post=11621"}],"version-history":[{"count":2,"href":"https:\/\/corrientesdetarde.com\/index.php\/wp-json\/wp\/v2\/posts\/11621\/revisions"}],"predecessor-version":[{"id":11630,"href":"https:\/\/corrientesdetarde.com\/index.php\/wp-json\/wp\/v2\/posts\/11621\/revisions\/11630"}],"wp:featuredmedia":[{"embeddable":true,"href":"https:\/\/corrientesdetarde.com\/index.php\/wp-json\/wp\/v2\/media\/11623"}],"wp:attachment":[{"href":"https:\/\/corrientesdetarde.com\/index.php\/wp-json\/wp\/v2\/media?parent=11621"}],"wp:term":[{"taxonomy":"category","embeddable":true,"href":"https:\/\/corrientesdetarde.com\/index.php\/wp-json\/wp\/v2\/categories?post=11621"},{"taxonomy":"post_tag","embeddable":true,"href":"https:\/\/corrientesdetarde.com\/index.php\/wp-json\/wp\/v2\/tags?post=11621"}],"curies":[{"name":"wp","href":"https:\/\/api.w.org\/{rel}","templated":true}]}}