{"id":116370,"date":"2024-01-05T16:59:49","date_gmt":"2024-01-05T19:59:49","guid":{"rendered":"https:\/\/corrientesdetarde.com\/?p=116370"},"modified":"2024-01-05T17:00:05","modified_gmt":"2024-01-05T20:00:05","slug":"corrientes-registro-otra-muerte-por-dengue","status":"publish","type":"post","link":"https:\/\/corrientesdetarde.com\/index.php\/bienestar-y-salud\/corrientes-registro-otra-muerte-por-dengue\/","title":{"rendered":"Corrientes registr\u00f3 otra muerte por dengue"},"content":{"rendered":"\n<p>El Ministerio de Salud inform\u00f3 este viernes&nbsp;&nbsp;<strong>la cuarta muerte<\/strong>&nbsp; por dengue en Corrientes.&nbsp;<\/p>\n\n\n\n<p>Se trata de una persona de 42 a\u00f1os de Capital que ingres\u00f3 al hospital de Campa\u00f1a Escuela Hogar&nbsp;&nbsp;<strong>en estado cr\u00edtico, con un cuadro grave de deshidrataci\u00f3n&nbsp;<\/strong>por la evoluci\u00f3n de la enfermedad, previamente hab\u00eda estado internada en una cl\u00ednica privada de la ciudad.&nbsp;<\/p>\n\n\n\n<p>Se realizaron las acciones pertinentes siguiendo el protocolo, con b\u00fasqueda de personas con s\u00edntomas febriles, recordando a la familia las medidas preventivas, y la fumigaci\u00f3n que est\u00e1 indicada para bloqueo de casos.<\/p>\n\n\n\n<p>El\u00a0\u00a0<strong>dengue es una enfermedad infecciosa<\/strong>\u00a0 causada por un virus y transmitida por el mosquito Aedes aegypti. Se transmite cuando el mosquito se alimenta con sangre de una persona con dengue y luego pica a otras personas. La transmisi\u00f3n se produce a trav\u00e9s de la picadura de mosquitos Aedes aegypti infectados, nunca de persona a persona, ni tampoco a trav\u00e9s de objetos o leche materna.<\/p>\n\n\n\n<p>En el pa\u00eds,<strong>en 2023 se registraron 71 fallecidos con resultado positivo para Dengue, de los cuales 7 se notificaron en el NEA.<\/strong>La tasa de mortalidad m\u00e1s elevada corresponde a mayores de 80 a\u00f1os, y los serotipos identificados son DENV-1 y DENV-2.<\/p>\n\n\n\n<p>En la provincia actualmente hay 153 casos activos y\u00a0\u00a0<strong>en lo que va de esta temporada se notificaron 3 fallecidos<\/strong>\u00a0 con resultado positivo para dengue.<\/p>\n\n\n\n<p><strong>Signos de alerta&nbsp;<\/strong><\/p>\n\n\n\n<p>Cuando una persona presenta fiebre acompa\u00f1ada de uno o m\u00e1s de los siguientes s\u00edntomas: dolor de cabeza muy intenso, dolor detr\u00e1s de los ojos, dolores musculares y articulares, n\u00e1useas y v\u00f3mitos, picaz\u00f3n y\/o sangrado de nariz y enc\u00edas, cansancio intenso o erupci\u00f3n en la piel, es importante no automedicarse (los analg\u00e9sicos como el ibuprofeno agravan el cuadro), mantenerse hidratado, concurrir a un centro de salud para tener un diagn\u00f3stico y recibir el tratamiento adecuado. En caso de tener patolog\u00edas de riesgo estar en contacto con su m\u00e9dico de cabecera.<\/p>\n\n\n\n<p>Se insiste en extremar los cuidados, eliminando los criaderos de mosquitos, evitar que se acumule agua y eliminar, tapar, limpiar, cepillar y dar vuelta cualquier recipiente que contenga agua diariamente, evitar los pastizales altos, destapar los desag\u00fces de lluvia de los techos, rociar insecticidas en base a permetrina en el interior de las casas, colocar mosquiteros o telas met\u00e1licas en puertas y ventanas, usar repelente en la piel expuesta, y espirales en casas y patios. La fumigaci\u00f3n no es una medida preventiva, solo est\u00e1 indicada para bloqueos ante casos. \u00a0<\/p>\n","protected":false},"excerpt":{"rendered":"<p>El Ministerio de Salud inform\u00f3 este viernes&nbsp;&nbsp;la cuarta muerte&nbsp; por dengue en Corrientes.&nbsp; Se trata de una persona de 42 a\u00f1os de Capital que ingres\u00f3 al hospital de Campa\u00f1a Escuela&hellip; <\/p>\n","protected":false},"author":1,"featured_media":101886,"comment_status":"closed","ping_status":"open","sticky":false,"template":"","format":"standard","meta":{"footnotes":""},"categories":[16],"tags":[],"class_list":["post-116370","post","type-post","status-publish","format-standard","has-post-thumbnail","hentry","category-bienestar-y-salud"],"_links":{"self":[{"href":"https:\/\/corrientesdetarde.com\/index.php\/wp-json\/wp\/v2\/posts\/116370","targetHints":{"allow":["GET"]}}],"collection":[{"href":"https:\/\/corrientesdetarde.com\/index.php\/wp-json\/wp\/v2\/posts"}],"about":[{"href":"https:\/\/corrientesdetarde.com\/index.php\/wp-json\/wp\/v2\/types\/post"}],"author":[{"embeddable":true,"href":"https:\/\/corrientesdetarde.com\/index.php\/wp-json\/wp\/v2\/users\/1"}],"replies":[{"embeddable":true,"href":"https:\/\/corrientesdetarde.com\/index.php\/wp-json\/wp\/v2\/comments?post=116370"}],"version-history":[{"count":2,"href":"https:\/\/corrientesdetarde.com\/index.php\/wp-json\/wp\/v2\/posts\/116370\/revisions"}],"predecessor-version":[{"id":116384,"href":"https:\/\/corrientesdetarde.com\/index.php\/wp-json\/wp\/v2\/posts\/116370\/revisions\/116384"}],"wp:featuredmedia":[{"embeddable":true,"href":"https:\/\/corrientesdetarde.com\/index.php\/wp-json\/wp\/v2\/media\/101886"}],"wp:attachment":[{"href":"https:\/\/corrientesdetarde.com\/index.php\/wp-json\/wp\/v2\/media?parent=116370"}],"wp:term":[{"taxonomy":"category","embeddable":true,"href":"https:\/\/corrientesdetarde.com\/index.php\/wp-json\/wp\/v2\/categories?post=116370"},{"taxonomy":"post_tag","embeddable":true,"href":"https:\/\/corrientesdetarde.com\/index.php\/wp-json\/wp\/v2\/tags?post=116370"}],"curies":[{"name":"wp","href":"https:\/\/api.w.org\/{rel}","templated":true}]}}